{"id":50543,"date":"2023-12-01T00:00:00","date_gmt":"2023-11-30T23:00:00","guid":{"rendered":"https:\/\/imagazine.it\/patto-per-il-digitale-nuove-proposte-da-cervignano\/"},"modified":"2023-12-01T00:00:00","modified_gmt":"2023-11-30T23:00:00","slug":"patto-per-il-digitale-nuove-proposte-da-cervignano","status":"publish","type":"post","link":"https:\/\/imagazine.it\/home_desk\/patto-per-il-digitale-nuove-proposte-da-cervignano\/","title":{"rendered":"Patto per il digitale, nuove proposte da Cervignano"},"content":{"rendered":"<p> \tCERVIGNANO DEL FRIULI \u2013 Un incontro atteso non solo dalla Comunit\u00e0 Pastorale Bassa Friulana ma anche da tutta la popolazione del cervignanese in quanto l\u2019argomento con il titolo emblematico \u201c<em>Patto digitale tra famiglie, s\u00ec al digitale, ma nei tempi giusti<\/em>\u201d \u00e8 stato di grande interesse.<\/p>\n<p> \tIn Sala Aurora erano presenti un centinaio di persone, mentre altre erano collegate da remoto in streaming.<\/p>\n<p> \tA fare gli onori di casa il parroco <strong>don Sinuhe Marotta<\/strong>, affiancato da <strong>don Manuel Millo<\/strong> e, per l\u2019amministrazione comunale, il consigliere <strong>Carlo Ballarin<\/strong>.<\/p>\n<p> \tIl <strong>gruppo \u201c<em>Noi Generativo<\/em>\u201d<\/strong> che ha organizzato l\u2019evento si \u00e8 affidato all\u2019<u><a href=\"http:\/\/www.associazionemec.it\" target=\"_blank\" rel=\"noopener\"><span style=\"color:#0000cd;\">associazione MEC (Media Educazione Comunit\u00e0)<\/span><\/a><\/u> che ha evidenziato le cinque regole suggerite ai genitori affinch\u00e9 i figli possano utilizzare, in modo corretto, i dispositivi di comunicazione.<\/p>\n<p> \t\u201cMio figlio insiste, dice che tutti gli amici li usano gi\u00e0&#8230; cosa devo fare? Qual \u00e8 l&#8217;et\u00e0 giusta per lo smartphone? E per i videogame? E se ci alleiamo tra genitori per dare regole comuni e guidare i nostri figli a usare in sicurezza i dispositivi digitali?\u201d. A queste e ad altre domande ha cercato di dare delle risposte <strong>Dora Tubaro<\/strong>, referente del MEC, che ha spiegato come gli strumenti digitali e in particolare lo smartphone possano influenzare il percorso evolutivo dei bambini e dei ragazzi.<\/p>\n<p> \tHa sottolineato quanto sia importante che i bambini vengano accompagnati gradualmente all&#8217;utilizzo dei dispositivi (&#8220;prendiamo il meglio e lasciamo stare il peggio della tecnologia&#8221;).<\/p>\n<p> \tHa infine sottolineato l&#8217;importanza che la comunit\u00e0 educante fornisca ai ragazzi regole chiare e condivise e che tra genitori, figli ed educatori venga siglato un patto che consenta di gestire l&#8217;utilizzo dello smartphone in modo univoco.<\/p>\n<p> \tIl tutto si \u00e8 concluso con un momento conviviale al <strong>RikStoro<\/strong>, il luogo di incontro culturale del Ricreatorio San Michele che verr\u00e0 <strong>inaugurato sabato 16 dicembre<\/strong> alle 16.30.<\/p>\n<p> \t\u00a0<\/p>\n","protected":false},"excerpt":{"rendered":"<p>Analizzato il rapporto tra famiglie, ragazzi e nuove tecnologie. Importante definire regole chiare e condivise tra genitori, figli ed educatori<\/p>\n","protected":false},"author":22,"featured_media":50544,"comment_status":"closed","ping_status":"closed","sticky":false,"template":"","format":"standard","meta":{"dwc-title":[],"dwc-content":[],"footnotes":""},"categories":[5],"tags":[],"class_list":["post-50543","post","type-post","status-publish","format-standard","has-post-thumbnail","hentry","category-attualita"],"rttpg_featured_image_url":{"full":["https:\/\/imagazine.it\/wp-content\/uploads\/2024\/02\/55306-1.webp",1000,715,false],"landscape":["https:\/\/imagazine.it\/wp-content\/uploads\/2024\/02\/55306-1.webp",1000,715,false],"portraits":["https:\/\/imagazine.it\/wp-content\/uploads\/2024\/02\/55306-1.webp",1000,715,false],"thumbnail":["https:\/\/imagazine.it\/wp-content\/uploads\/2024\/02\/55306-1-150x150.webp",150,150,true],"medium":["https:\/\/imagazine.it\/wp-content\/uploads\/2024\/02\/55306-1-300x215.webp",300,215,true],"large":["https:\/\/imagazine.it\/wp-content\/uploads\/2024\/02\/55306-1.webp",640,458,false],"thumblist":["https:\/\/imagazine.it\/wp-content\/uploads\/2024\/02\/55306-1-300x300.webp",300,300,true],"thumbrelated":["https:\/\/imagazine.it\/wp-content\/uploads\/2024\/02\/55306-1-500x500.webp",500,500,true],"meccarouselthumb":["https:\/\/imagazine.it\/wp-content\/uploads\/2024\/02\/55306-1-474x324.webp",474,324,true],"gridsquare":["https:\/\/imagazine.it\/wp-content\/uploads\/2024\/02\/55306-1-391x260.webp",391,260,true],"tileview":["https:\/\/imagazine.it\/wp-content\/uploads\/2024\/02\/55306-1-300x400.webp",300,400,true],"1536x1536":["https:\/\/imagazine.it\/wp-content\/uploads\/2024\/02\/55306-1.webp",1000,715,false],"2048x2048":["https:\/\/imagazine.it\/wp-content\/uploads\/2024\/02\/55306-1.webp",1000,715,false],"newsup-slider-full":["https:\/\/imagazine.it\/wp-content\/uploads\/2024\/02\/55306-1.webp",1000,715,false],"newsup-featured":["https:\/\/imagazine.it\/wp-content\/uploads\/2024\/02\/55306-1.webp",1000,715,false],"newsup-medium":["https:\/\/imagazine.it\/wp-content\/uploads\/2024\/02\/55306-1-720x380.webp",720,380,true],"tptn_thumbnail":["https:\/\/imagazine.it\/wp-content\/uploads\/2024\/02\/55306-1.webp",250,179,false],"sow-carousel-default":["https:\/\/imagazine.it\/wp-content\/uploads\/2024\/02\/55306-1.webp",255,182,false]},"rttpg_author":{"display_name":"Livio Nonis","author_link":"https:\/\/imagazine.it\/home_desk\/author\/nonis\/"},"rttpg_comment":0,"rttpg_category":"<a href=\"https:\/\/imagazine.it\/home_desk\/category\/attualita\/\" rel=\"category tag\">ATTUALIT\u00c0<\/a>","rttpg_excerpt":"Analizzato il rapporto tra famiglie, ragazzi e nuove tecnologie. Importante definire regole chiare e condivise tra genitori, figli ed educatori","_links":{"self":[{"href":"https:\/\/imagazine.it\/home_desk\/wp-json\/wp\/v2\/posts\/50543","targetHints":{"allow":["GET"]}}],"collection":[{"href":"https:\/\/imagazine.it\/home_desk\/wp-json\/wp\/v2\/posts"}],"about":[{"href":"https:\/\/imagazine.it\/home_desk\/wp-json\/wp\/v2\/types\/post"}],"author":[{"embeddable":true,"href":"https:\/\/imagazine.it\/home_desk\/wp-json\/wp\/v2\/users\/22"}],"replies":[{"embeddable":true,"href":"https:\/\/imagazine.it\/home_desk\/wp-json\/wp\/v2\/comments?post=50543"}],"version-history":[{"count":0,"href":"https:\/\/imagazine.it\/home_desk\/wp-json\/wp\/v2\/posts\/50543\/revisions"}],"wp:featuredmedia":[{"embeddable":true,"href":"https:\/\/imagazine.it\/home_desk\/wp-json\/wp\/v2\/media\/50544"}],"wp:attachment":[{"href":"https:\/\/imagazine.it\/home_desk\/wp-json\/wp\/v2\/media?parent=50543"}],"wp:term":[{"taxonomy":"category","embeddable":true,"href":"https:\/\/imagazine.it\/home_desk\/wp-json\/wp\/v2\/categories?post=50543"},{"taxonomy":"post_tag","embeddable":true,"href":"https:\/\/imagazine.it\/home_desk\/wp-json\/wp\/v2\/tags?post=50543"}],"curies":[{"name":"wp","href":"https:\/\/api.w.org\/{rel}","templated":true}]}}