{"id":50539,"date":"2023-12-04T00:00:00","date_gmt":"2023-12-03T23:00:00","guid":{"rendered":"https:\/\/imagazine.it\/artigiani-e-produttori-del-carso-insieme-a-gorizia\/"},"modified":"2023-12-04T00:00:00","modified_gmt":"2023-12-03T23:00:00","slug":"artigiani-e-produttori-del-carso-insieme-a-gorizia","status":"publish","type":"post","link":"https:\/\/imagazine.it\/home_desk\/artigiani-e-produttori-del-carso-insieme-a-gorizia\/","title":{"rendered":"Artigiani e produttori del Carso insieme a Gorizia"},"content":{"rendered":"<p> \tGORIZIA \u2013 Nelle giornate di <strong>venerd\u00ec 8 e sabato 9 dicembre<\/strong> il cinquecentesco <strong>Palazzo Strassoldo<\/strong> in piazza Sant\u2019Antonio a <strong>Gorizia<\/strong>, oggi sede del <strong>Grand Hotel Entourage<\/strong>, ospita l\u2019iniziativa <strong><em>GO Makers!<\/em><\/strong> che riunisce <strong>artigiani e produttori del Carso goriziano e triestino<\/strong> per una due-giorni tra <strong>sapori, degustazioni, laboratori per adulti e bambini<\/strong>, esperienze immersive <strong>nei<\/strong> <strong>sapori e nelle tradizioni<\/strong> del territorio.<\/p>\n<p> \tL\u2019iniziativa \u2013 presentata oggi nel corso di una conferenza stampa negli spazi dell\u2019Entourage \u2013 \u00e8 frutto della collaborazione tra <strong>Confartigianato Gorizia<\/strong> e <strong>Gal Carso \u2013 Las Kras<\/strong> uniti per promuovere la capacit\u00e0 di fare di <strong>artigiani e agricoltori<\/strong>, custodi dei valori, delle tradizioni e delle radici del nostro territorio.<\/p>\n<p> \tPresenti per l\u2019occasione <strong>Adriano Medeot<\/strong>, presidente di Confartigianato Gorizia, <strong>David Pizziga<\/strong>, presidente Gal Carso- Las Kras, il sindaco di Gorizia <strong>Rodolfo Ziberna<\/strong>, l\u2019assessore comunale alle Attivit\u00e0 produttive e Grandi Eventi <strong>Luca Cagliari<\/strong>, assieme alla chef <strong>Chiara Cazoneri<\/strong> e <strong>Lucio Vittor<\/strong> per Slow Food e <strong>Matteo Bellotto<\/strong> in rappresentanza del Consorzio delle DOC del FVG.<\/p>\n<p> \tL\u2019iniziativa trasforma per due giornate <strong>Gorizia nel cuore dell&#8217;artigianato e del gusto<\/strong>. Le porte di Palazzo Strassoldo si apriranno <strong>alle 10.30 di venerd\u00ec 8 dicembre per l\u2019inaugurazione ufficiale<\/strong> dell\u2019evento, con apertura al pubblico <strong>dalle 11 alle 19 a ingresso gratuito<\/strong>.<\/p>\n<p> \tPresenti numerosi <strong>artigiani<\/strong> espositori, tra cui <strong>ceramisti<\/strong> (Asperitas di Sandra Olivieri), <strong>tappezzieri<\/strong> (Tappezzeria Pavesi), <strong>orafi<\/strong> (Antracite Gioielli), <strong>designer<\/strong> (Romeo Design), <strong>fotografi<\/strong> (Ilaria Tassini) e <strong>creatori di oggettistica per la casa e non<\/strong> (Fabrizia Perco e Serimania). Tra gli altri <strong>manufatti<\/strong> di ingegno e creativit\u00e0 anche quelli di <strong>Gentium Academia Florum Artis Accademia delle Arti dei Fiori<\/strong> che offrir\u00e0 un saggio della propria maestria nelle antiche decorazioni che utilizzano i principi della Geometria Sacra, <strong>vestendo a tema natalizio gli spazi dedicati all\u2019evento<\/strong>.<\/p>\n<p> \tLa manifestazione riserva una sezione speciale ai <strong>mestieri artigianali tradizionali<\/strong>, anche con esempi anche di nuova ispirazione: in questa prima edizione, particolare attenzione sar\u00e0 dedicata al <strong>merletto goriziano<\/strong>. Un\u2019esposizione, quella pensata per <em>GO Makers<\/em>, capace di rappresentare <strong>sia le lavorazioni pi\u00f9 tradizionali che le evoluzioni pi\u00f9 recenti<\/strong>, ma anche le <strong>differenze tra tombolo goriziano e pizzo d\u2019Idrja<\/strong> che sar\u00e0 facile cogliere attraverso le dimostrazioni delle <strong>maestre merlettaie dell\u2019Associazione Fuselliamo<\/strong> e l\u2019illustrazione delle diverse tecniche. La valorizzazione del merletto, nella diversit\u00e0 delle sue espressioni, diventa <strong>omaggio alla designazione di Gorizia Capitale Europea della cultura nel 2025 con Nova Gorica.<\/strong><\/p>\n<p> \tNell\u2019area emporiale ampio spazio sar\u00e0 riservato anche ai <strong>prodotti degli agricoltori del Carso Goriziano e Triestino<\/strong>: un viaggio sensoriale attraverso profumi e sapori unici del territorio, tra <strong>miele, formaggi, marmellate, salumi, vino, dolci della tradizione<\/strong>: idee speciali anche per imbandire le nostre tavole natalizie.<\/p>\n<p> \tI <strong>prodotti<\/strong> potranno essere <strong>degustati nei laboratori guidati<\/strong> o attraverso le golosit\u00e0 preparate per soddisfare la curiosit\u00e0 del momento. Nello <strong>spazio di incontro e racconto dell\u2019enoteca<\/strong>, la personal chef <strong>Chiara Canzoneri<\/strong> proporr\u00e0 i suoi \u201ccicchetti\u201d.<\/p>\n<p> \tI laboratori di degustazione accompagneranno il visitatore nella cultura di questo vocato territorio al centro di non una, non due, ma diverse importanti <strong>zone vitivinicole<\/strong> come DOC <strong>Collio, Gori\u0161ka Brda, DOC Friuli Isonzo, Vipavska dolina, DOC Carso<\/strong>. Un altro tributo alla valorizzazione della cultura e del territorio transfrontaliero guardando a <em>Go!2025<\/em>.<\/p>\n<p> \tUn momento \u00e8 pensato anche per i bambini con specifici laboratori gratuiti dedicati ai pi\u00f9 piccoli organizzati per trasmettere il valore della creativit\u00e0 e del saper fare con le mani, incoraggiando le nuove generazioni a scoprire e apprezzare le tradizioni artigianali locali.<\/p>\n<p> \tTutte le informazioni sull\u2019evento GO Makers e le prenotazioni per le <strong>degustazioni sensoriali e i laboratori esperienziali <\/strong>al <u><a href=\"https:\/\/trieste.green\/tour\/go-makers\" target=\"_blank\" rel=\"noopener\"><span style=\"color:#0000cd;\">sito <\/span><\/a><\/u><strong><u><a href=\"https:\/\/trieste.green\/tour\/go-makers\" target=\"_blank\" rel=\"noopener\"><span style=\"color:#0000cd;\">trieste.green<\/span><\/a><\/u>.<\/strong><\/p>\n<p> \t\u00a0<\/p>\n","protected":false},"excerpt":{"rendered":"<p>L&#8217;8 e 9 dicembre il centro cittadino si trasforma nel cuore pulsante dell&#8217;artigianato e del gusto. Previsti anche laboratori per bambini<\/p>\n","protected":false},"author":28,"featured_media":50540,"comment_status":"closed","ping_status":"closed","sticky":false,"template":"","format":"standard","meta":{"dwc-title":[],"dwc-content":[],"footnotes":""},"categories":[8],"tags":[],"class_list":["post-50539","post","type-post","status-publish","format-standard","has-post-thumbnail","hentry","category-turismo"],"rttpg_featured_image_url":{"full":["https:\/\/imagazine.it\/wp-content\/uploads\/2024\/02\/55302-1.webp",1000,750,false],"landscape":["https:\/\/imagazine.it\/wp-content\/uploads\/2024\/02\/55302-1.webp",1000,750,false],"portraits":["https:\/\/imagazine.it\/wp-content\/uploads\/2024\/02\/55302-1.webp",1000,750,false],"thumbnail":["https:\/\/imagazine.it\/wp-content\/uploads\/2024\/02\/55302-1-150x150.webp",150,150,true],"medium":["https:\/\/imagazine.it\/wp-content\/uploads\/2024\/02\/55302-1-300x225.webp",300,225,true],"large":["https:\/\/imagazine.it\/wp-content\/uploads\/2024\/02\/55302-1.webp",640,480,false],"thumblist":["https:\/\/imagazine.it\/wp-content\/uploads\/2024\/02\/55302-1-300x300.webp",300,300,true],"thumbrelated":["https:\/\/imagazine.it\/wp-content\/uploads\/2024\/02\/55302-1-500x500.webp",500,500,true],"meccarouselthumb":["https:\/\/imagazine.it\/wp-content\/uploads\/2024\/02\/55302-1-474x324.webp",474,324,true],"gridsquare":["https:\/\/imagazine.it\/wp-content\/uploads\/2024\/02\/55302-1-391x260.webp",391,260,true],"tileview":["https:\/\/imagazine.it\/wp-content\/uploads\/2024\/02\/55302-1-300x400.webp",300,400,true],"1536x1536":["https:\/\/imagazine.it\/wp-content\/uploads\/2024\/02\/55302-1.webp",1000,750,false],"2048x2048":["https:\/\/imagazine.it\/wp-content\/uploads\/2024\/02\/55302-1.webp",1000,750,false],"newsup-slider-full":["https:\/\/imagazine.it\/wp-content\/uploads\/2024\/02\/55302-1-1000x720.webp",1000,720,true],"newsup-featured":["https:\/\/imagazine.it\/wp-content\/uploads\/2024\/02\/55302-1.webp",1000,750,false],"newsup-medium":["https:\/\/imagazine.it\/wp-content\/uploads\/2024\/02\/55302-1-720x380.webp",720,380,true],"tptn_thumbnail":["https:\/\/imagazine.it\/wp-content\/uploads\/2024\/02\/55302-1.webp",250,188,false],"sow-carousel-default":["https:\/\/imagazine.it\/wp-content\/uploads\/2024\/02\/55302-1.webp",243,182,false]},"rttpg_author":{"display_name":"redazione","author_link":"https:\/\/imagazine.it\/home_desk\/author\/redazione\/"},"rttpg_comment":0,"rttpg_category":"<a href=\"https:\/\/imagazine.it\/home_desk\/category\/turismo\/\" rel=\"category tag\">TURISMO<\/a>","rttpg_excerpt":"L'8 e 9 dicembre il centro cittadino si trasforma nel cuore pulsante dell'artigianato e del gusto. Previsti anche laboratori per bambini","_links":{"self":[{"href":"https:\/\/imagazine.it\/home_desk\/wp-json\/wp\/v2\/posts\/50539","targetHints":{"allow":["GET"]}}],"collection":[{"href":"https:\/\/imagazine.it\/home_desk\/wp-json\/wp\/v2\/posts"}],"about":[{"href":"https:\/\/imagazine.it\/home_desk\/wp-json\/wp\/v2\/types\/post"}],"author":[{"embeddable":true,"href":"https:\/\/imagazine.it\/home_desk\/wp-json\/wp\/v2\/users\/28"}],"replies":[{"embeddable":true,"href":"https:\/\/imagazine.it\/home_desk\/wp-json\/wp\/v2\/comments?post=50539"}],"version-history":[{"count":0,"href":"https:\/\/imagazine.it\/home_desk\/wp-json\/wp\/v2\/posts\/50539\/revisions"}],"wp:featuredmedia":[{"embeddable":true,"href":"https:\/\/imagazine.it\/home_desk\/wp-json\/wp\/v2\/media\/50540"}],"wp:attachment":[{"href":"https:\/\/imagazine.it\/home_desk\/wp-json\/wp\/v2\/media?parent=50539"}],"wp:term":[{"taxonomy":"category","embeddable":true,"href":"https:\/\/imagazine.it\/home_desk\/wp-json\/wp\/v2\/categories?post=50539"},{"taxonomy":"post_tag","embeddable":true,"href":"https:\/\/imagazine.it\/home_desk\/wp-json\/wp\/v2\/tags?post=50539"}],"curies":[{"name":"wp","href":"https:\/\/api.w.org\/{rel}","templated":true}]}}