{"id":50533,"date":"2023-12-02T00:00:00","date_gmt":"2023-12-01T23:00:00","guid":{"rendered":"https:\/\/imagazine.it\/sci-slitta-lapertura-della-stagione-a-sella-nevea\/"},"modified":"2023-12-02T00:00:00","modified_gmt":"2023-12-01T23:00:00","slug":"sci-slitta-lapertura-della-stagione-a-sella-nevea","status":"publish","type":"post","link":"https:\/\/imagazine.it\/home_desk\/sci-slitta-lapertura-della-stagione-a-sella-nevea\/","title":{"rendered":"Sci, slitta l&#8217;apertura della stagione a Sella Nevea"},"content":{"rendered":"<p> \tCHIUSAFORTE \u2013 La troppa pioggia delle ultime ore in quota <strong>fa slittare l\u2019apertura anticipata degli impianti a Sella Nevea<\/strong>, dove domani sarebbe dovuta partire la stagione sciistica con l\u2019apertura delle piste Rifugio Cai 1 e Gilberti.<\/p>\n<p> \tCausa maltempo e a seguito delle verifiche tecniche effettuate in mattinata, <strong>PromoTurismoFVG ha deciso di non procedere con l\u2019apertura degli impianti agli sciatori nella giornata di domani<\/strong>.<\/p>\n<p> \tLe precipitazioni piovose degli ultimi giorni hanno reso vano il lavoro di preparazione delle piste, formando vere e proprie pozze d\u2019acqua in prossimit\u00e0 del demanio sciabile che non ne consentono la praticabilit\u00e0. Rester\u00e0 invece <strong>a disposizione dell\u2019utenza pedonale la telecabina del Canin<\/strong> che conduce al Rifugio Gilberti.<\/p>\n<p> \tLa stagione sciistica del Friuli Venezia Giulia sar\u00e0 dunque costretta ad attendere ancora qualche giorno prima del via ufficiale, previsto per l\u2019<strong>8<\/strong> <strong>dicembre<\/strong>, ma sempre a seconda delle condizioni meteo dei prossimi giorni.<\/p>\n<p> \tPer tenersi aggiornati \u00e8 sempre <u><a href=\"http:\/\/www.turismofvg.it\/montagna\/infoneve\" target=\"_blank\" rel=\"noopener\"><span style=\"color:#0000cd;\">possibile consultare il <strong>sito InfoNeve<\/strong><\/span><\/a><\/u> e il prossimo bollettino \u00e8 in programma mercoled\u00ec 6 dicembre per le novit\u00e0 del fine settimana.<\/p>\n<p> \t\u00a0<\/p>\n","protected":false},"excerpt":{"rendered":"<p>Inizialmente prevista in anticipo per domani, rinviata all&#8217;8 dicembre come in tutti gli altri poli sciistici regionali. Accesso garantito invece ai pedoni con la telecabina del Canin<\/p>\n","protected":false},"author":28,"featured_media":50534,"comment_status":"closed","ping_status":"closed","sticky":false,"template":"","format":"standard","meta":{"dwc-title":[],"dwc-content":[],"footnotes":""},"categories":[8],"tags":[],"class_list":["post-50533","post","type-post","status-publish","format-standard","has-post-thumbnail","hentry","category-turismo"],"rttpg_featured_image_url":{"full":["https:\/\/imagazine.it\/wp-content\/uploads\/2024\/02\/55299-1.webp",750,461,false],"landscape":["https:\/\/imagazine.it\/wp-content\/uploads\/2024\/02\/55299-1.webp",750,461,false],"portraits":["https:\/\/imagazine.it\/wp-content\/uploads\/2024\/02\/55299-1.webp",750,461,false],"thumbnail":["https:\/\/imagazine.it\/wp-content\/uploads\/2024\/02\/55299-1-150x150.webp",150,150,true],"medium":["https:\/\/imagazine.it\/wp-content\/uploads\/2024\/02\/55299-1-300x184.webp",300,184,true],"large":["https:\/\/imagazine.it\/wp-content\/uploads\/2024\/02\/55299-1.webp",640,393,false],"thumblist":["https:\/\/imagazine.it\/wp-content\/uploads\/2024\/02\/55299-1-300x300.webp",300,300,true],"thumbrelated":["https:\/\/imagazine.it\/wp-content\/uploads\/2024\/02\/55299-1-500x461.webp",500,461,true],"meccarouselthumb":["https:\/\/imagazine.it\/wp-content\/uploads\/2024\/02\/55299-1-474x324.webp",474,324,true],"gridsquare":["https:\/\/imagazine.it\/wp-content\/uploads\/2024\/02\/55299-1-391x260.webp",391,260,true],"tileview":["https:\/\/imagazine.it\/wp-content\/uploads\/2024\/02\/55299-1-300x400.webp",300,400,true],"1536x1536":["https:\/\/imagazine.it\/wp-content\/uploads\/2024\/02\/55299-1.webp",750,461,false],"2048x2048":["https:\/\/imagazine.it\/wp-content\/uploads\/2024\/02\/55299-1.webp",750,461,false],"newsup-slider-full":["https:\/\/imagazine.it\/wp-content\/uploads\/2024\/02\/55299-1.webp",750,461,false],"newsup-featured":["https:\/\/imagazine.it\/wp-content\/uploads\/2024\/02\/55299-1.webp",750,461,false],"newsup-medium":["https:\/\/imagazine.it\/wp-content\/uploads\/2024\/02\/55299-1-720x380.webp",720,380,true],"tptn_thumbnail":["https:\/\/imagazine.it\/wp-content\/uploads\/2024\/02\/55299-1.webp",250,154,false],"sow-carousel-default":["https:\/\/imagazine.it\/wp-content\/uploads\/2024\/02\/55299-1.webp",272,167,false]},"rttpg_author":{"display_name":"redazione","author_link":"https:\/\/imagazine.it\/home_desk\/author\/redazione\/"},"rttpg_comment":0,"rttpg_category":"<a href=\"https:\/\/imagazine.it\/home_desk\/category\/turismo\/\" rel=\"category tag\">TURISMO<\/a>","rttpg_excerpt":"Inizialmente prevista in anticipo per domani, rinviata all'8 dicembre come in tutti gli altri poli sciistici regionali. Accesso garantito invece ai pedoni con la telecabina del Canin","_links":{"self":[{"href":"https:\/\/imagazine.it\/home_desk\/wp-json\/wp\/v2\/posts\/50533","targetHints":{"allow":["GET"]}}],"collection":[{"href":"https:\/\/imagazine.it\/home_desk\/wp-json\/wp\/v2\/posts"}],"about":[{"href":"https:\/\/imagazine.it\/home_desk\/wp-json\/wp\/v2\/types\/post"}],"author":[{"embeddable":true,"href":"https:\/\/imagazine.it\/home_desk\/wp-json\/wp\/v2\/users\/28"}],"replies":[{"embeddable":true,"href":"https:\/\/imagazine.it\/home_desk\/wp-json\/wp\/v2\/comments?post=50533"}],"version-history":[{"count":0,"href":"https:\/\/imagazine.it\/home_desk\/wp-json\/wp\/v2\/posts\/50533\/revisions"}],"wp:featuredmedia":[{"embeddable":true,"href":"https:\/\/imagazine.it\/home_desk\/wp-json\/wp\/v2\/media\/50534"}],"wp:attachment":[{"href":"https:\/\/imagazine.it\/home_desk\/wp-json\/wp\/v2\/media?parent=50533"}],"wp:term":[{"taxonomy":"category","embeddable":true,"href":"https:\/\/imagazine.it\/home_desk\/wp-json\/wp\/v2\/categories?post=50533"},{"taxonomy":"post_tag","embeddable":true,"href":"https:\/\/imagazine.it\/home_desk\/wp-json\/wp\/v2\/tags?post=50533"}],"curies":[{"name":"wp","href":"https:\/\/api.w.org\/{rel}","templated":true}]}}