{"id":50527,"date":"2023-12-04T00:00:00","date_gmt":"2023-12-03T23:00:00","guid":{"rendered":"https:\/\/imagazine.it\/aquileia-tutto-pronto-per-le-nozze-dargento-unesco\/"},"modified":"2023-12-04T00:00:00","modified_gmt":"2023-12-03T23:00:00","slug":"aquileia-tutto-pronto-per-le-nozze-dargento-unesco","status":"publish","type":"post","link":"https:\/\/imagazine.it\/home_desk\/aquileia-tutto-pronto-per-le-nozze-dargento-unesco\/","title":{"rendered":"Aquileia, tutto pronto per le Nozze d&#8217;argento Unesco"},"content":{"rendered":"<p> \tAQUILEIA \u2013 Venticinque anni fa, il 5 dicembre 1998, l\u2019Unesco riconosceva il valore universale di Aquileia e inseriva l\u2019\u201carea archeologica e Basilica patriarcale di Aquileia\u201d nella Lista del Patrimonio dell\u2019Umanit\u00e0.<\/p>\n<p> \tLe motivazioni a fondamento dell\u2019iscrizione si riferiscono al fatto che Aquileia \u00e8 stata una delle pi\u00f9 grandi e pi\u00f9 ricche citt\u00e0 dell\u2019Impero romano e che potenzialmente la sua struttura urbanistica potrebbe essere riportata alla luce estesamente, poich\u00e9 ancora oggi giace per buona parte sotto i campi agricoli. E poi c\u2019\u00e8 il complesso della basilica patriarcale di Aquileia, che testimonia il ruolo decisivo di Aquileia nella diffusione del Cristianesimo in un\u2019ampia area dell\u2019Europa.<\/p>\n<p> \tIl <strong>5, 6, 7 dicembre<\/strong> la Fondazione Aquileia, in collaborazione con il Comune di Aquileia, la Basilica di Aquileia, la Direzione Regionale Musei FVG \u2013 Museo archeologico di Aquileia, PromoTurismoFVG organizza tre giornate di incontro, aperte al pubblico, per una riflessione e confronto tra istituzioni e operatori sui principale temi del settore culturale \u2013 dalla gestione alla valorizzazione, comunicazione, accessibilit\u00e0 e didattica \u2013 e per fare rete con i siti Unesco del Friuli Venezia Giulia in prospettiva futura anche in vista dell\u2019importante traguardo di <em>GO!2025<\/em>.<\/p>\n<p> \tNelle stesse giornate e per tutto il mese di dicembre <strong>la citt\u00e0 si illuminer\u00e0 di blu, colore simbolo dell\u2019Unesco<\/strong> e nella giornata del 5 dicembre, a Palazzo Meizlik dalle 10 alle 15, sar\u00e0 possibile, grazie all\u2019iniziativa della Pro Loco Aquileia APS e Comune di Aquileia insieme a Poste Italiane, ritirare gratuitamente la cartolina celebrativa dell\u2019anniversario e ricevere l\u2019<strong>annullo filatelico<\/strong>.<\/p>\n<p> \tNell\u2019occasione dell\u2019anniversario <strong>Rai Storia<\/strong> mander\u00e0 in onda in prima TV la sera di luned\u00ec 4 dicembre alle 21.10 su Rai Storia il documentario <strong>\u201cItalia Viaggio nella Bellezza &#8211; <\/strong><strong><em>Sublime Aquileia<\/em><\/strong><em>\u201d, <\/em>in replica marted\u00ec 5 alle 10, mercoled\u00ec 6 alle 6.30, gioved\u00ec 7 alle 23.15 e venerd\u00ec 8 dicembre alle 15.<\/p>\n<p> \t<strong>Marted\u00ec 5 dicembre la giornata si aprir\u00e0 alle 10.30<\/strong>, all\u2019interno della Basilica patriarcale di Aquileia, con<strong> la cerimonia di inaugurazione<\/strong>, durante la quale sono previsti i saluti istituzionali delle autorit\u00e0 civili e religiose e l\u2019accompagnamento musicale del <strong>Duo Discantus<\/strong>, con i maestri <strong>Daniele D\u2019Agaro al sassofono tenore e Mauro Costantini all\u2019organo<\/strong> che ci regaleranno alcuni brani di un progetto musicale unico, che parte\u00a0 dai \u201cDiscanti Aquileiesi\u201d, canti dell\u2019antica liturgia di Aquileia ritrovati nei codici miniati del 1200 conservati al Museo Archeologico di Cividale del Friuli e li coniuga con l\u2019improvvisazione e la contemporaneit\u00e0.<\/p>\n<p> \t\u00abTutti noi dobbiamo essere consapevoli\u00a0che l\u2019eredit\u00e0 del patrimonio culturale e della storia millenaria di Aquileia riveste un valore eccezionale e appartiene a tutta l\u2019umanit\u00e0\u2013 sottolinea <strong>Roberto Corciulo, presidente della Fondazione Aquileia<\/strong> &#8211;\u00a0<\/p>\n<p> \tSiamo i custodi di un patrimonio unico che\u00a0rappresenta la nostra identit\u00e0 e la nostra storia e abbiamo\u00a0l\u2019altissima responsabilit\u00e0 di conservarne l\u2019integrit\u00e0 lavorando in modo condiviso per proteggerlo e trasmetterlo intatto alle generazioni future\u00bb.<\/p>\n<p> \t\u00abAquileia negli ultimi anni \u00e8 cambiata. \u00c8 cambiata sicuramente anche grazie alla consapevolezza che sta riacquisendo grazie al suo status di Patrimonio Mondiale dell\u2019Umanit\u00e0 \u2013 afferma il sindaco<strong> Emanuele Zorino<\/strong> \u2013. Il riconoscimento del 1998 promosso fortemente dalla nostra magnifica comunit\u00e0, da molteplici realt\u00e0 regionali e dal mondo scientifico fu un primo passo verso la riconferma del valore e dell\u2019influenza che Aquileia ha sempre avuto. Diventare sito Unesco \u00e8 stato un \u2018ritornare a Casa\u2019. Perch\u00e9 nelle sue molte vite, Aquileia, nel chiaroscuro della storia, c\u2019\u00e8 sempre stata ed \u00e8 stata determinante. Di qui la storia non \u00e8 solo passata. Si \u00e8 fatta\u00bb.<\/p>\n<p> \t<strong>L\u2019apertura dei lavori alle ore 14 nella sede dell\u2019azienda Ca\u2019 Tullio<\/strong> con un primo panel focalizzato sulla presentazione dell\u2019aggiornamento del piano di gestione del sito UNESCO di Aquileia: il Piano di Gestione \u00e8 uno strumento di programmazione, pianificazione e coordinamento tra gli istituzioni e gli enti che si occupano del sito UNESCO di Aquileia, e come tale ha un valore fondamentale per stabilire i passaggi che nei prossimi cinque anni dovranno essere compiuti in direzione di un obiettivo condiviso: la creazione di un parco archeologico vivo e integrato nel tessuto urbano e sociale esistente.\u00a0<\/p>\n<p> \tSeguir\u00e0 <strong>alle 15.15<\/strong> un secondo intervento dedicato all\u2019attivit\u00e0 di ricerca archeologica, restauro, conservazione e valorizzazione intraprese dai numerosi enti, Universit\u00e0 ed istituzioni sul territorio. Chiuder\u00e0 la giornata l\u2019illustrazione dell\u2019esperienza di gestione della Fondazione Monte\u2019Prama in relazione al \u201cSistema di valorizzazione integrata territoriale del Sinis \u2013 Terra di Mont\u2019e Prama\u201d e della Fondazione RavennAntica.<\/p>\n<p> \t<strong>Cristiano Tiussi<\/strong>, archeologo e direttore della Fondazione Aquileia si concentra sulle sfide future del sito Unesco: \u00abCollegare le diverse aree archeologiche e i loro monumenti in un percorso unitario che attraversi anche i nuclei abitati della moderna cittadina e che sia in grado\u00a0di rendere l\u2019idea della grandezza dell\u2019antico centro \u00e8 certamente la sfida pi\u00f9 importante. Si sta progettando l\u2019itinerario che congiunger\u00e0, in totale sicurezza,\u00a0il porto fluviale, il foro, il decumano di Aratria Galla e il sepolcreto: si potr\u00e0 cio\u00e8 passeggiare, senza interferire con il traffico veicolare, da un lato all\u2019altro della cinta muraria della tarda et\u00e0 imperiale, misurando cos\u00ec concretamente l\u2019ampiezza della citt\u00e0 romana, che alla fine del IV secolo il poeta Ausonio considerava la nona dell\u2019Impero romano\u00bb.\u00a0\u00a0\u00a0<\/p>\n<p> \t\u00abL\u2019appartenenza a un sistema condiviso di valori, relazioni e progettualit\u00e0 universalmente riconosciuti \u2013 spiega <strong>Marta Novello<\/strong>, direttrice del Museo Archeologico Nazionale e del Museo Paleocristiano \u2013 continua a rappresentare per noi dopo venticinque anni uno stimolo a perseguire il percorso di rinnovamento e continuo aggiornamento. Credo che ora pi\u00f9 che mai, rappresenti una grande opportunit\u00e0 per rinsaldare e tradurre in termini contemporanei quel ruolo di <em>porta del Mediterraneo,<\/em> luogo di incontro di culture, religioni e saperi su cui si \u00e8 fondata la grande fortuna del sito nell\u2019antichit\u00e0\u00bb.\u00a0\u00a0\u00a0<\/p>\n<p> \tLa giornata di <strong>mercoled\u00ec 6 dicembre<\/strong> si aprir\u00e0 con due panel: il primo <strong>alle 9.30<\/strong> sar\u00e0 incentrato sulla rete dei siti UNESCO del Friuli Venezia Giulia al quale parteciperanno i rappresentanti della Regione Friuli Venezia Giulia, di Aquileia, Cividale del Friuli, Palmanova, Pal\u00f9 di Livenza e Fondazione Dolomiti, del Parco delle Prealpi Giulie e della Camera di Commercio di Pordenone-Udine; <strong>alle 11.15<\/strong> \u00e8 prevista una sessione dedicata alla presentazione delle progettualit\u00e0 attivate nell\u2019ambito di GO2025! &#8211; 2025\u00a0Nova Gorica\u00a0e\u00a0Gorizia Capitale\u00a0europea della cultura 2025; seguir\u00e0 la presentazione degli itinerari culturali e quelli riconosciuti dal Consiglio d\u2019Europa che si intrecciano con il territorio di Aquileia.<\/p>\n<p> \tNel pomeriggio a partire <strong>dalle 14<\/strong> la presentazione delle attivit\u00e0 di diffusione della conoscenza del patrimonio culturale \u2013 dai podcast al manuale di viaggio \u201cAquileia una guida\u201d all\u2019Aquileia Film festival, i concerti nella basilica e le mostre; seguiranno le sessioni dedicate al tema della rievocazione storica, alla presentazione del progetto Creattivo#4 \u2013 arte e impresa FVG in cammino, sviluppato da Maravee Projects e al tema dell\u2019accessibilit\u00e0 e didattica nei luoghi della cultura,<\/p>\n<p> \t\u00abUn luogo che un&#8217;autorit\u00e0 internazionale riconosce come patrimonio dell&#8217;umanit\u00e0 \u2013 precisa <strong>Andrea Bellavite<\/strong>, direttore della Fondazione Societ\u00e0 di Conservazione della Basilica di Aquileia \u2013 dovrebbe essere in grado di essere fruibile a persone provenienti da tutto il mondo. Abbiamo tutti lavorato molto in questi venticinque anni per rendere accessibili e inclusivi i propri spazi. La Basilica, in particolare, ha investito energie e risorse per un grande progetto finalizzato a rendere pienamente leggibili l&#8217;architettura e l&#8217;arte, in particolare a persone non vedenti, ipovedenti, non udenti o ipoudenti, portatrici di disabilit\u00e0 motorie o di ordine sociale\u00bb.<\/p>\n<p> \t<strong>Gioved\u00ec 7 dicembre<\/strong> la giornata conclusiva del convegno si terr\u00e0 al Museo archeologico nazionale di Aquileia dove alle 10 Rotary e Lions presenteranno i loro progetti per la cultura e d<strong>alle 11 si discuter\u00e0 di turismo lento <\/strong>sotto molteplici aspetti, spaziando dal cicloturismo, alle linee marittime, ai cammini e percorsi di pellegrinaggio.<\/p>\n<p> \tIl convegno \u00e8 accreditato <strong>nell\u2019offerta formativa dell\u2019Ordine degli Architetti<\/strong> di Udine, per l\u2019acquisizione dei relativi crediti professionali e alcune sessioni sono inserite nel programma di <strong>formazione professionale<\/strong> <strong>continua dell\u2019Ordine dei giornalisti<\/strong>.<\/p>\n<p> \t\u00a0<\/p>\n","protected":false},"excerpt":{"rendered":"<p>Dal 5 al 7 dicembre progetti e idee per il futuro per i 25 anni dell&#8217;accordo. Stasera in prima visione su Rai Storia il documentario \u201cSublime Aquileia\u201d<\/p>\n","protected":false},"author":28,"featured_media":50528,"comment_status":"closed","ping_status":"closed","sticky":false,"template":"","format":"standard","meta":{"dwc-title":[],"dwc-content":[],"footnotes":""},"categories":[37],"tags":[],"class_list":["post-50527","post","type-post","status-publish","format-standard","has-post-thumbnail","hentry","category-cultura-e-spettacolo"],"rttpg_featured_image_url":{"full":["https:\/\/imagazine.it\/wp-content\/uploads\/2024\/02\/55294-1.webp",1000,667,false],"landscape":["https:\/\/imagazine.it\/wp-content\/uploads\/2024\/02\/55294-1.webp",1000,667,false],"portraits":["https:\/\/imagazine.it\/wp-content\/uploads\/2024\/02\/55294-1.webp",1000,667,false],"thumbnail":["https:\/\/imagazine.it\/wp-content\/uploads\/2024\/02\/55294-1-150x150.webp",150,150,true],"medium":["https:\/\/imagazine.it\/wp-content\/uploads\/2024\/02\/55294-1-300x200.webp",300,200,true],"large":["https:\/\/imagazine.it\/wp-content\/uploads\/2024\/02\/55294-1.webp",640,427,false],"thumblist":["https:\/\/imagazine.it\/wp-content\/uploads\/2024\/02\/55294-1-300x300.webp",300,300,true],"thumbrelated":["https:\/\/imagazine.it\/wp-content\/uploads\/2024\/02\/55294-1-500x500.webp",500,500,true],"meccarouselthumb":["https:\/\/imagazine.it\/wp-content\/uploads\/2024\/02\/55294-1-474x324.webp",474,324,true],"gridsquare":["https:\/\/imagazine.it\/wp-content\/uploads\/2024\/02\/55294-1-391x260.webp",391,260,true],"tileview":["https:\/\/imagazine.it\/wp-content\/uploads\/2024\/02\/55294-1-300x400.webp",300,400,true],"1536x1536":["https:\/\/imagazine.it\/wp-content\/uploads\/2024\/02\/55294-1.webp",1000,667,false],"2048x2048":["https:\/\/imagazine.it\/wp-content\/uploads\/2024\/02\/55294-1.webp",1000,667,false],"newsup-slider-full":["https:\/\/imagazine.it\/wp-content\/uploads\/2024\/02\/55294-1.webp",1000,667,false],"newsup-featured":["https:\/\/imagazine.it\/wp-content\/uploads\/2024\/02\/55294-1.webp",1000,667,false],"newsup-medium":["https:\/\/imagazine.it\/wp-content\/uploads\/2024\/02\/55294-1-720x380.webp",720,380,true],"tptn_thumbnail":["https:\/\/imagazine.it\/wp-content\/uploads\/2024\/02\/55294-1.webp",250,167,false],"sow-carousel-default":["https:\/\/imagazine.it\/wp-content\/uploads\/2024\/02\/55294-1.webp",272,182,false]},"rttpg_author":{"display_name":"redazione","author_link":"https:\/\/imagazine.it\/home_desk\/author\/redazione\/"},"rttpg_comment":0,"rttpg_category":"<a href=\"https:\/\/imagazine.it\/home_desk\/category\/cultura-e-spettacolo\/\" rel=\"category tag\">CULTURA&amp;SPETTACOLO<\/a>","rttpg_excerpt":"Dal 5 al 7 dicembre progetti e idee per il futuro per i 25 anni dell'accordo. Stasera in prima visione su Rai Storia il documentario \u201cSublime Aquileia\u201d","_links":{"self":[{"href":"https:\/\/imagazine.it\/home_desk\/wp-json\/wp\/v2\/posts\/50527","targetHints":{"allow":["GET"]}}],"collection":[{"href":"https:\/\/imagazine.it\/home_desk\/wp-json\/wp\/v2\/posts"}],"about":[{"href":"https:\/\/imagazine.it\/home_desk\/wp-json\/wp\/v2\/types\/post"}],"author":[{"embeddable":true,"href":"https:\/\/imagazine.it\/home_desk\/wp-json\/wp\/v2\/users\/28"}],"replies":[{"embeddable":true,"href":"https:\/\/imagazine.it\/home_desk\/wp-json\/wp\/v2\/comments?post=50527"}],"version-history":[{"count":0,"href":"https:\/\/imagazine.it\/home_desk\/wp-json\/wp\/v2\/posts\/50527\/revisions"}],"wp:featuredmedia":[{"embeddable":true,"href":"https:\/\/imagazine.it\/home_desk\/wp-json\/wp\/v2\/media\/50528"}],"wp:attachment":[{"href":"https:\/\/imagazine.it\/home_desk\/wp-json\/wp\/v2\/media?parent=50527"}],"wp:term":[{"taxonomy":"category","embeddable":true,"href":"https:\/\/imagazine.it\/home_desk\/wp-json\/wp\/v2\/categories?post=50527"},{"taxonomy":"post_tag","embeddable":true,"href":"https:\/\/imagazine.it\/home_desk\/wp-json\/wp\/v2\/tags?post=50527"}],"curies":[{"name":"wp","href":"https:\/\/api.w.org\/{rel}","templated":true}]}}