{"id":50497,"date":"2023-11-28T00:00:00","date_gmt":"2023-11-27T23:00:00","guid":{"rendered":"https:\/\/imagazine.it\/i-cori-giovanili-regionali-si-incontrano-in-fvg\/"},"modified":"2023-11-28T00:00:00","modified_gmt":"2023-11-27T23:00:00","slug":"i-cori-giovanili-regionali-si-incontrano-in-fvg","status":"publish","type":"post","link":"https:\/\/imagazine.it\/home_desk\/i-cori-giovanili-regionali-si-incontrano-in-fvg\/","title":{"rendered":"I cori giovanili regionali si incontrano in FVG"},"content":{"rendered":"<p> \tUDINE \u2013 Le voci dei cori giovanili regionali si daranno appuntamento in Friuli Venezia Giulia per un evento nazionale che coinvolger\u00e0 <strong>sei citt\u00e0 e sette gruppi provenienti da altrettante regioni italiane<\/strong> (Campania, Emilia-Romagna, Friuli Venezia Giulia, Puglia, Sardegna, Toscana, Trentino), impegnati in concerti, flash-mob e un gran finale con due prime esecuzioni.<\/p>\n<p> \tIl festival, concentrato in tre giornate di eventi <strong>dall&#8217;1 al 3 dicembre<\/strong>, \u00e8 una delle ultime tappe del progetto \u201c<em>Cos\u00ec \u00e8 germinato questo fiore<\/em>\u201d, realizzato dalla Federazione nazionale corale Feniarco come continuazione e valorizzazione dell\u2019iniziativa che sette anni fa ha sostenuto la fondazione di tredici cori giovanili regionali, laboratori per la formazione di nuovi professionisti della musica corale e per la promozione dell\u2019attivit\u00e0 corale tra i giovani.<\/p>\n<p> \tIl sostegno della Regione Friuli Venezia Giulia unito a quello della Fondazione Friuli e la collaborazione dell\u2019Usci Friuli Venezia Giulia hanno permesso quest\u2019anno la realizzazione di un percorso basato su forme inedite di espressione corale come le <em>circle songs<\/em> e il <em>choral trekking<\/em>. Dopo aver posto l\u2019attenzione su sostenibilit\u00e0 e innovazione, l\u2019ultima fase del progetto si rivolger\u00e0 alla promozione del territorio e alla valorizzazione dei giovani.<\/p>\n<p> \tA <strong>Spilimbergo, Gorizia, Gemona del Friuli, Muggia, Udine e San Vito al Tagliamento<\/strong> i cori ospiti non saranno soltanto protagonisti di un concerto: a tutti verr\u00e0 offerta infatti una visita guidata per conoscere i borghi e le citt\u00e0 toccati dagli eventi. Ognuno dei concerti avr\u00e0 un benvenuto \u201clocale\u201d, con le introduzioni musicali di cori del territorio, mentre i cori regionali incontreranno il proprio pubblico anche fuori dalle sedi dei concerti con esibizioni estemporanee nelle piazze e <strong>flash mob <\/strong>improvvisati tra cui uno in mezzo al mercato di venerd\u00ec 1 dicembre a San Vito al Tagliamento, sede anche delle <strong>prove aperte<\/strong> di venerd\u00ec e sabato mattina con avvio alle ore 10.\u00a0<\/p>\n<p> \tIl <strong>Mosaico di voci<\/strong> di Giovanni Molaro dar\u00e0 l\u2019apertura ufficiale al concerto di venerd\u00ec 1 dicembre alle ore 20.45 nel duomo di Spilimbergo, dove si esibiranno il <strong>Coro giovanile sardo<\/strong> diretto da <strong>Claudia Dolce<\/strong> e il <strong>Coro giovanile pugliese<\/strong> diretto da <strong>Luigi Leo<\/strong>. Contemporaneamente nel duomo di Gorizia il <strong>Coro misto giovanile Emil Komel<\/strong> di <strong>David Bandelj<\/strong> saluter\u00e0 con il proprio canto gli ospiti del <strong>Coro giovanile toscano<\/strong> diretto da <strong>Elisa Pasquini<\/strong> e del <strong>Coro giovanile regionale del Friuli Venezia Giulia<\/strong> diretto da <strong>Mirko Ferlan<\/strong>.<\/p>\n<p> \tSabato 2 dicembre i due concerti in programma avranno inizio alle ore 20.30. Nel duomo di Gemona del Friuli il <strong>Coro Glemonensis<\/strong> di <strong>Gabriele Bressan<\/strong> canter\u00e0 in apertura della serata che vedr\u00e0 protagonisti il <strong>Coro giovanile campano<\/strong> diretto da <strong>Luigi Leo<\/strong> e il <strong>Coro giovanile trentino<\/strong> codiretto da <strong>Samuele Broseghini<\/strong> e dal triestino <strong>Federico Viola<\/strong>. Alla stessa ora anche la provincia di Trieste verr\u00e0 coinvolta dal festival corale nazionale con l\u2019evento in programma nel duomo di Muggia. Il concerto a due passi dal mare prevede un\u2019introduzione a cura del <strong>Coro liceo Oberdan senior<\/strong> di <strong>Stefano Klamert<\/strong> e l\u2019esibizione del <strong>Coro giovanile dell\u2019Emilia Romagna<\/strong> diretto da <strong>Daniele Sconosciuto<\/strong>, abbinato al <strong>Coro giovanile regionale del Friuli Venezia Giulia<\/strong>.<\/p>\n<p> \tTutti i cori partecipanti uniranno le voci domenica 3 dicembre alle ore 12 nella cattedrale di Udine, dove la messa avr\u00e0 un corredo musicale supportato dalla collaborazione dell\u2019<strong>Accademia d\u2019archi Arrigoni<\/strong> di San Vito al Tagliamento, diretta per l\u2019occasione dal Maestro <strong>Filippo Maria Bressan<\/strong>. Verranno eseguiti in prima assoluta la <em>Missa hebraica &#8220;Qui Missus est&#8221;<\/em> di Gianmartino Durighello e il brano <em>Ad te levavi animam meam<\/em> di Roberto Brisotto, entrambi commissionati per questo progetto. Il proprio della messa prevede inoltre capolavori di H\u00e4ndel, Desprez, Praetorius e Faur\u00e9 che impreziosiranno il ricco programma musicale della prima domenica di Avvento. L\u2019ingresso a tutti gli eventi del festival corale \u00e8 <strong>libero<\/strong>.<\/p>\n<p> \t\u00a0<\/p>\n","protected":false},"excerpt":{"rendered":"<p>Un evento nazionale che coinvolger\u00e0 sei citt\u00e0 e sette gruppi provenienti da altrettante regioni italiane<\/p>\n","protected":false},"author":28,"featured_media":50498,"comment_status":"closed","ping_status":"closed","sticky":false,"template":"","format":"standard","meta":{"dwc-title":[],"dwc-content":[],"footnotes":""},"categories":[37],"tags":[],"class_list":["post-50497","post","type-post","status-publish","format-standard","has-post-thumbnail","hentry","category-cultura-e-spettacolo"],"rttpg_featured_image_url":{"full":["https:\/\/imagazine.it\/wp-content\/uploads\/2024\/02\/55244-1.webp",1000,668,false],"landscape":["https:\/\/imagazine.it\/wp-content\/uploads\/2024\/02\/55244-1.webp",1000,668,false],"portraits":["https:\/\/imagazine.it\/wp-content\/uploads\/2024\/02\/55244-1.webp",1000,668,false],"thumbnail":["https:\/\/imagazine.it\/wp-content\/uploads\/2024\/02\/55244-1-150x150.webp",150,150,true],"medium":["https:\/\/imagazine.it\/wp-content\/uploads\/2024\/02\/55244-1-300x200.webp",300,200,true],"large":["https:\/\/imagazine.it\/wp-content\/uploads\/2024\/02\/55244-1.webp",640,428,false],"thumblist":["https:\/\/imagazine.it\/wp-content\/uploads\/2024\/02\/55244-1-300x300.webp",300,300,true],"thumbrelated":["https:\/\/imagazine.it\/wp-content\/uploads\/2024\/02\/55244-1-500x500.webp",500,500,true],"meccarouselthumb":["https:\/\/imagazine.it\/wp-content\/uploads\/2024\/02\/55244-1-474x324.webp",474,324,true],"gridsquare":["https:\/\/imagazine.it\/wp-content\/uploads\/2024\/02\/55244-1-391x260.webp",391,260,true],"tileview":["https:\/\/imagazine.it\/wp-content\/uploads\/2024\/02\/55244-1-300x400.webp",300,400,true],"1536x1536":["https:\/\/imagazine.it\/wp-content\/uploads\/2024\/02\/55244-1.webp",1000,668,false],"2048x2048":["https:\/\/imagazine.it\/wp-content\/uploads\/2024\/02\/55244-1.webp",1000,668,false],"newsup-slider-full":["https:\/\/imagazine.it\/wp-content\/uploads\/2024\/02\/55244-1.webp",1000,668,false],"newsup-featured":["https:\/\/imagazine.it\/wp-content\/uploads\/2024\/02\/55244-1.webp",1000,668,false],"newsup-medium":["https:\/\/imagazine.it\/wp-content\/uploads\/2024\/02\/55244-1-720x380.webp",720,380,true],"tptn_thumbnail":["https:\/\/imagazine.it\/wp-content\/uploads\/2024\/02\/55244-1.webp",250,167,false],"sow-carousel-default":["https:\/\/imagazine.it\/wp-content\/uploads\/2024\/02\/55244-1.webp",272,182,false]},"rttpg_author":{"display_name":"redazione","author_link":"https:\/\/imagazine.it\/home_desk\/author\/redazione\/"},"rttpg_comment":0,"rttpg_category":"<a href=\"https:\/\/imagazine.it\/home_desk\/category\/cultura-e-spettacolo\/\" rel=\"category tag\">CULTURA&amp;SPETTACOLO<\/a>","rttpg_excerpt":"Un evento nazionale che coinvolger\u00e0 sei citt\u00e0 e sette gruppi provenienti da altrettante regioni italiane","_links":{"self":[{"href":"https:\/\/imagazine.it\/home_desk\/wp-json\/wp\/v2\/posts\/50497","targetHints":{"allow":["GET"]}}],"collection":[{"href":"https:\/\/imagazine.it\/home_desk\/wp-json\/wp\/v2\/posts"}],"about":[{"href":"https:\/\/imagazine.it\/home_desk\/wp-json\/wp\/v2\/types\/post"}],"author":[{"embeddable":true,"href":"https:\/\/imagazine.it\/home_desk\/wp-json\/wp\/v2\/users\/28"}],"replies":[{"embeddable":true,"href":"https:\/\/imagazine.it\/home_desk\/wp-json\/wp\/v2\/comments?post=50497"}],"version-history":[{"count":0,"href":"https:\/\/imagazine.it\/home_desk\/wp-json\/wp\/v2\/posts\/50497\/revisions"}],"wp:featuredmedia":[{"embeddable":true,"href":"https:\/\/imagazine.it\/home_desk\/wp-json\/wp\/v2\/media\/50498"}],"wp:attachment":[{"href":"https:\/\/imagazine.it\/home_desk\/wp-json\/wp\/v2\/media?parent=50497"}],"wp:term":[{"taxonomy":"category","embeddable":true,"href":"https:\/\/imagazine.it\/home_desk\/wp-json\/wp\/v2\/categories?post=50497"},{"taxonomy":"post_tag","embeddable":true,"href":"https:\/\/imagazine.it\/home_desk\/wp-json\/wp\/v2\/tags?post=50497"}],"curies":[{"name":"wp","href":"https:\/\/api.w.org\/{rel}","templated":true}]}}