{"id":50487,"date":"2023-11-27T00:00:00","date_gmt":"2023-11-26T23:00:00","guid":{"rendered":"https:\/\/imagazine.it\/torviscosa-piange-villiam-fortini\/"},"modified":"2023-11-27T00:00:00","modified_gmt":"2023-11-26T23:00:00","slug":"torviscosa-piange-villiam-fortini","status":"publish","type":"post","link":"https:\/\/imagazine.it\/home_desk\/torviscosa-piange-villiam-fortini\/","title":{"rendered":"Torviscosa piange Villiam Fortini"},"content":{"rendered":"<p> \tTORVISCOSA \u2013 <strong>Villiam Fortini<\/strong>, il presidentissimo della Libertas Torviscosa che aveva fondato nel 1972 e guidato fino al 2017 diventandone poi presidente onorario, \u00e8 mancato sabato all&#8217;Ospedale di Palmanova.<\/p>\n<p> \tNel 1972 il direttore della SAICI, Guido Becich, chiam\u00f2 in ufficio Villiam, suo dipendente ma nel contempo assessore allo sport di Torviscosa, e gli fece notare che nel paese c\u2019erano attivit\u00e0 sportive praticate prettamente da maschi, come calcio e pallacanestro, mentre per le ragazze non c\u2019era nessuna possibilit\u00e0 di esercitare lo sport.<\/p>\n<p> \tDetto fatto, Fortini si diede da fare, trov\u00f2 numerose ragazzine e inizi\u00f2 a far praticare loro pallavolo, minibasket e ginnastica artistica.<\/p>\n<p> \tDue anni pi\u00f9 tardi, nel 1974, un ulteriore impulso allo sport locale venne dato dalla costruzione del palasport.<\/p>\n<p> \tFortini divenne presidente della Libertas Torviscosa, settore ginnastica artistica, mantenendo il ruolo per 45 anni, fino al 2017. Un presidente che ha dedicato tutto il proprio tempo libero per la societ\u00e0, creandola praticamente dal nulla, con pochissime ragazze e qualche tappeto.<\/p>\n<p> \tNel tempo sono arrivati per i ragazzi tutti gli attrezzi, anche quelli olimpici, come il cavallo con maniglie, gli anelli, la sbarra, le parallele simmetriche, e per le ragazze le parallele asimmetriche, la trave, senza dimenticare i tappeti per il corpo libero e il volteggio destinati a entrambi i generi, la \u201cbuca\u201d per imparare a cadere dopo le evoluzioni e il fungo.<\/p>\n<p> \t\u00c8 stato anche vicepresidente regionale della Federazione Ginnastica d&#8217;Italia e dirigente nazionale nel settore twirling dal 1996 al 2000.<\/p>\n<p> \tNel 2003, su segnalazione del presidente del Coni Emilio Felluga, \u00e8 stato nominato commendatore per meriti sportivi e sociali, premiato dall\u2019allora presidente della Repubblica Azeglio Ciampi.<\/p>\n<p> \tPer le collaborazioni vantate all&#8217;interno del Coni provinciale \u00e8 stato insignito della Medaglia d&#8217;argento.<\/p>\n<p> \tFortini, che aveva 86 anni, lascia la moglie Romana, il figlio Rudi con Ursula e il nipote Michele, che lo hanno sempre sostenuto nella sua attivit\u00e0.<\/p>\n<p> \tLe esequie di Villiam Fortini si terranno mercoled\u00ec 29 novembre alle ore 14.30 presso la chiesa dedicata a Santa Maria Assunta di Torviscosa, il rosario sar\u00e0 recitato marted\u00ec alle ore 20.<\/p>\n<p> \t\u00a0<\/p>\n","protected":false},"excerpt":{"rendered":"<p>Aveva fondato la Libertas nel 1972 per consentire l&#8217;attivit\u00e0 sportiva anche alle ragazze. Nel 2003 fu premiato dal presidente della Repubblica<\/p>\n","protected":false},"author":22,"featured_media":50488,"comment_status":"closed","ping_status":"closed","sticky":false,"template":"","format":"standard","meta":{"dwc-title":[],"dwc-content":[],"footnotes":""},"categories":[5],"tags":[],"class_list":["post-50487","post","type-post","status-publish","format-standard","has-post-thumbnail","hentry","category-attualita"],"rttpg_featured_image_url":{"full":["https:\/\/imagazine.it\/wp-content\/uploads\/2024\/02\/55239-1.webp",750,605,false],"landscape":["https:\/\/imagazine.it\/wp-content\/uploads\/2024\/02\/55239-1.webp",750,605,false],"portraits":["https:\/\/imagazine.it\/wp-content\/uploads\/2024\/02\/55239-1.webp",750,605,false],"thumbnail":["https:\/\/imagazine.it\/wp-content\/uploads\/2024\/02\/55239-1-150x150.webp",150,150,true],"medium":["https:\/\/imagazine.it\/wp-content\/uploads\/2024\/02\/55239-1-300x242.webp",300,242,true],"large":["https:\/\/imagazine.it\/wp-content\/uploads\/2024\/02\/55239-1.webp",640,516,false],"thumblist":["https:\/\/imagazine.it\/wp-content\/uploads\/2024\/02\/55239-1-300x300.webp",300,300,true],"thumbrelated":["https:\/\/imagazine.it\/wp-content\/uploads\/2024\/02\/55239-1-500x500.webp",500,500,true],"meccarouselthumb":["https:\/\/imagazine.it\/wp-content\/uploads\/2024\/02\/55239-1-474x324.webp",474,324,true],"gridsquare":["https:\/\/imagazine.it\/wp-content\/uploads\/2024\/02\/55239-1-391x260.webp",391,260,true],"tileview":["https:\/\/imagazine.it\/wp-content\/uploads\/2024\/02\/55239-1-300x400.webp",300,400,true],"1536x1536":["https:\/\/imagazine.it\/wp-content\/uploads\/2024\/02\/55239-1.webp",750,605,false],"2048x2048":["https:\/\/imagazine.it\/wp-content\/uploads\/2024\/02\/55239-1.webp",750,605,false],"newsup-slider-full":["https:\/\/imagazine.it\/wp-content\/uploads\/2024\/02\/55239-1.webp",750,605,false],"newsup-featured":["https:\/\/imagazine.it\/wp-content\/uploads\/2024\/02\/55239-1.webp",750,605,false],"newsup-medium":["https:\/\/imagazine.it\/wp-content\/uploads\/2024\/02\/55239-1-720x380.webp",720,380,true],"tptn_thumbnail":["https:\/\/imagazine.it\/wp-content\/uploads\/2024\/02\/55239-1.webp",250,202,false],"sow-carousel-default":["https:\/\/imagazine.it\/wp-content\/uploads\/2024\/02\/55239-1.webp",226,182,false]},"rttpg_author":{"display_name":"Livio Nonis","author_link":"https:\/\/imagazine.it\/home_desk\/author\/nonis\/"},"rttpg_comment":0,"rttpg_category":"<a href=\"https:\/\/imagazine.it\/home_desk\/category\/attualita\/\" rel=\"category tag\">ATTUALIT\u00c0<\/a>","rttpg_excerpt":"Aveva fondato la Libertas nel 1972 per consentire l'attivit\u00e0 sportiva anche alle ragazze. Nel 2003 fu premiato dal presidente della Repubblica","_links":{"self":[{"href":"https:\/\/imagazine.it\/home_desk\/wp-json\/wp\/v2\/posts\/50487","targetHints":{"allow":["GET"]}}],"collection":[{"href":"https:\/\/imagazine.it\/home_desk\/wp-json\/wp\/v2\/posts"}],"about":[{"href":"https:\/\/imagazine.it\/home_desk\/wp-json\/wp\/v2\/types\/post"}],"author":[{"embeddable":true,"href":"https:\/\/imagazine.it\/home_desk\/wp-json\/wp\/v2\/users\/22"}],"replies":[{"embeddable":true,"href":"https:\/\/imagazine.it\/home_desk\/wp-json\/wp\/v2\/comments?post=50487"}],"version-history":[{"count":0,"href":"https:\/\/imagazine.it\/home_desk\/wp-json\/wp\/v2\/posts\/50487\/revisions"}],"wp:featuredmedia":[{"embeddable":true,"href":"https:\/\/imagazine.it\/home_desk\/wp-json\/wp\/v2\/media\/50488"}],"wp:attachment":[{"href":"https:\/\/imagazine.it\/home_desk\/wp-json\/wp\/v2\/media?parent=50487"}],"wp:term":[{"taxonomy":"category","embeddable":true,"href":"https:\/\/imagazine.it\/home_desk\/wp-json\/wp\/v2\/categories?post=50487"},{"taxonomy":"post_tag","embeddable":true,"href":"https:\/\/imagazine.it\/home_desk\/wp-json\/wp\/v2\/tags?post=50487"}],"curies":[{"name":"wp","href":"https:\/\/api.w.org\/{rel}","templated":true}]}}