{"id":50483,"date":"2023-11-27T00:00:00","date_gmt":"2023-11-26T23:00:00","guid":{"rendered":"https:\/\/imagazine.it\/oltre-70-eventi-per-il-dicembre-goriziano\/"},"modified":"2023-11-27T00:00:00","modified_gmt":"2023-11-26T23:00:00","slug":"oltre-70-eventi-per-il-dicembre-goriziano","status":"publish","type":"post","link":"https:\/\/imagazine.it\/home_desk\/oltre-70-eventi-per-il-dicembre-goriziano\/","title":{"rendered":"Oltre 70 eventi per il Dicembre Goriziano"},"content":{"rendered":"<p> \tGORIZIA \u2013 Presentato il programma del <strong>Dicembre Goriziano<\/strong> 2023, con il motto \u201c<em>Ogni giorno un giorno di festa<\/em>\u201d.<\/p>\n<p> \tOltre 70 gli appuntamenti che scandiranno le prossime settimane fino all\u2019Epifania, con inizio da <strong>sabato 2 dicembre<\/strong>, quando Gorizia sar\u00e0 vestita a festa con l\u2019<strong>accensione<\/strong> <strong>delle luminarie<\/strong>.<\/p>\n<p> \tIl programma di iniziative ed eventi \u00e8 stato messo a punto dal Comune di Gorizia con il sostegno e la collaborazione della Regione, della Camera di commercio Venezia Giulia, dell\u2019Apt, della Pro Loco di Gorizia, del Gect e della Confcommercio di Gorizia.<\/p>\n<p> \t\u201cMai come quest\u2019anno la nostra citt\u00e0 esploder\u00e0 di luci ed eventi, fino alla festa di Capodanno in piazza Vittoria. Io credo che Gorizia avr\u00e0 un grandissimo appeal, ecco perch\u00e8 contiamo sulla presenza dei nostri cittadini e non soltanto\u201d, ha commentato il sindaco, <strong>Rodolfo Ziberna<\/strong>, in occasione della presentazione del Dicembre Goriziano, dopo aver ringraziato gli uffici comunali per il lavoro svolto. Al suo fianco l\u2019assessore comunale ai Grandi eventi, <strong>Luca Cagliari<\/strong>, che ha presentato il programma.<\/p>\n<p> \tSono intervenuti alla conferenza stampa di presentazione anche <strong>Diego Bernardis<\/strong>, presidente della V Commissione della Regione, <strong>Antonio Paoletti<\/strong>, presidente della Camera di commercio Venezia Giulia, <strong>Gianluca Madriz<\/strong>, presidente di Confcommercio Gorizia, <strong>Romina Kocina<\/strong>, direttrice del Gect, <strong>Giorgio Lorenzoni<\/strong>, presidente della Pro Loco, e <strong>Antonella Manto<\/strong>, dirigente del Comune di Gorizia in rappresentanza del personale degli uffici che ha lavorato \u201cdietro le quinte\u201d.<\/p>\n<p> \tAlle 17 di sabato 2, primo giorno della Fiera di Sant\u2019Andrea, saranno accese le luminarie, su una superficie ampliata rispetto agli anni passati che arriver\u00e0 fino a via San Gabriele, in continuit\u00e0 con Erjavceva ulica. Sar\u00e0 adottato l\u2019accorgimento di spegnerle durante le ore notturne, utilizzando comunque lampade a led a basso consumo. In <strong>via Garibaldi<\/strong> ci sar\u00e0 il momento clou, accompagnato dall\u2019<strong>esibizione<\/strong> <strong>dei cori delle scuole dell\u2019infanzia e primarie cittadine<\/strong>.<\/p>\n<p> \tLa <strong>Fiera di Sant\u2019Andrea<\/strong> da sabato 2 a domenica 10 dicembre invader\u00e0 il centro cittadino, con una novit\u00e0 dal sapore vintage per i primi cinque giorni: in via sperimentale 18 delle 77 giostre partecipanti saranno infatti collocate in piazza Vittoria, data l\u2019indisponibilit\u00e0 dei Giardini pubblici. Come di consueto le attrazioni di spettacolo viaggiante saranno accompagnate dalle bancarelle nel primo fine settimana, quindi da sabato 2 a luned\u00ec 4 dicembre. La loro dislocazione sar\u00e0 quella consolidata, con l\u2019aggiunta per\u00f2 di piazza Municipio. Le giostre in piazza Battisti e via Cadorna si fermeranno fino a domenica 10, mentre quelle in piazza Vittoria da sabato 2 a marted\u00ec 5 dicembre.<\/p>\n<p> \tL\u2019<strong>albero<\/strong> <strong>di Natale in piazza Vittoria<\/strong>, che sar\u00e0 goriziano come gi\u00e0 in passato, sar\u00e0 acceso invece<strong> gioved\u00ec 14 dicembre<\/strong>, giorno di grande festa in quanto saranno <strong>inaugurati anche la pista di ghiaccio e i mercatini di Natale<\/strong>.<\/p>\n<p> \tSempre in piazza Vittoria, <strong>da gioved\u00ec 14 a domenica 7 gennaio<\/strong>, andr\u00e0 in scena \u201c<strong><em>Il racconto spettacolare<\/em><\/strong>\u201d un racconto immersivo e inedito adatto a tutte le et\u00e0 con <strong>video mapping e intelligenza artificiale<\/strong>, ogni giorno alle 17, 18.30, 20 e 21.30.<\/p>\n<p> \tSabato 16 dicembre per la prima volta in piazza Municipio sar\u00e0 proposto <strong><em>Go! City Light<\/em><\/strong>: la facciata del Comune sar\u00e0 illuminata da proiezioni di visual art, con l\u2019accompagnamento di musica e dj. Inoltre l\u2019artista <strong>Stefano Comelli<\/strong> dar\u00e0 prova della propria bravura con una scultura di ghiaccio.<\/p>\n<p> \tUna delle grandi novit\u00e0 dell\u2019edizione 2023 del Dicembre Goriziano sar\u00e0 il <strong>trenino transfrontaliero<\/strong>: da venerd\u00ec 22 a domenica 24 Gorizia e Nova Gorica saranno collegate dai vagoni su cui si potr\u00e0 salire gratuitamente.<\/p>\n<p> \tImmancabile la festa di Capodanno in piazza Vittoria, con <strong>musica e intrattenimento e lo spettacolo di fuochi d\u2019artificio<\/strong> che illuminer\u00e0 il cielo sopra il Castello. I <strong>giochi pirotecnici saranno parzialmente silenziati<\/strong>, nel rispetto dei cani e degli altri animali domestici.<\/p>\n<p> \tPer tutto il periodo delle feste sar\u00e0 proposta animazione, con un occhio di riguardo per i pi\u00f9 piccoli, anche con il coinvolgimento di associazioni cittadine. Largo anche ai giovani, con musica live e dj nelle piazze e nelle strade cittadine. Anche i quartieri cittadini saranno animati, grazie alle iniziative dell\u2019associazionismo.<\/p>\n<p> \t\u00a0<\/p>\n","protected":false},"excerpt":{"rendered":"<p>Sabato l&#8217;accensione delle luminarie. Il 14 dicembre l&#8217;albero e la pista di ghiaccio in piazza Vittoria, con uno spettacolo quotidiano di video mapping e intelligenza artificiale<\/p>\n","protected":false},"author":28,"featured_media":50484,"comment_status":"closed","ping_status":"closed","sticky":false,"template":"","format":"standard","meta":{"dwc-title":[],"dwc-content":[],"footnotes":""},"categories":[5],"tags":[],"class_list":["post-50483","post","type-post","status-publish","format-standard","has-post-thumbnail","hentry","category-attualita"],"rttpg_featured_image_url":{"full":["https:\/\/imagazine.it\/wp-content\/uploads\/2024\/02\/55236-1.webp",1000,750,false],"landscape":["https:\/\/imagazine.it\/wp-content\/uploads\/2024\/02\/55236-1.webp",1000,750,false],"portraits":["https:\/\/imagazine.it\/wp-content\/uploads\/2024\/02\/55236-1.webp",1000,750,false],"thumbnail":["https:\/\/imagazine.it\/wp-content\/uploads\/2024\/02\/55236-1-150x150.webp",150,150,true],"medium":["https:\/\/imagazine.it\/wp-content\/uploads\/2024\/02\/55236-1-300x225.webp",300,225,true],"large":["https:\/\/imagazine.it\/wp-content\/uploads\/2024\/02\/55236-1.webp",640,480,false],"thumblist":["https:\/\/imagazine.it\/wp-content\/uploads\/2024\/02\/55236-1-300x300.webp",300,300,true],"thumbrelated":["https:\/\/imagazine.it\/wp-content\/uploads\/2024\/02\/55236-1-500x500.webp",500,500,true],"meccarouselthumb":["https:\/\/imagazine.it\/wp-content\/uploads\/2024\/02\/55236-1-474x324.webp",474,324,true],"gridsquare":["https:\/\/imagazine.it\/wp-content\/uploads\/2024\/02\/55236-1-391x260.webp",391,260,true],"tileview":["https:\/\/imagazine.it\/wp-content\/uploads\/2024\/02\/55236-1-300x400.webp",300,400,true],"1536x1536":["https:\/\/imagazine.it\/wp-content\/uploads\/2024\/02\/55236-1.webp",1000,750,false],"2048x2048":["https:\/\/imagazine.it\/wp-content\/uploads\/2024\/02\/55236-1.webp",1000,750,false],"newsup-slider-full":["https:\/\/imagazine.it\/wp-content\/uploads\/2024\/02\/55236-1-1000x720.webp",1000,720,true],"newsup-featured":["https:\/\/imagazine.it\/wp-content\/uploads\/2024\/02\/55236-1.webp",1000,750,false],"newsup-medium":["https:\/\/imagazine.it\/wp-content\/uploads\/2024\/02\/55236-1-720x380.webp",720,380,true],"tptn_thumbnail":["https:\/\/imagazine.it\/wp-content\/uploads\/2024\/02\/55236-1.webp",250,188,false],"sow-carousel-default":["https:\/\/imagazine.it\/wp-content\/uploads\/2024\/02\/55236-1.webp",243,182,false]},"rttpg_author":{"display_name":"redazione","author_link":"https:\/\/imagazine.it\/home_desk\/author\/redazione\/"},"rttpg_comment":0,"rttpg_category":"<a href=\"https:\/\/imagazine.it\/home_desk\/category\/attualita\/\" rel=\"category tag\">ATTUALIT\u00c0<\/a>","rttpg_excerpt":"Sabato l'accensione delle luminarie. Il 14 dicembre l'albero e la pista di ghiaccio in piazza Vittoria, con uno spettacolo quotidiano di video mapping e intelligenza artificiale","_links":{"self":[{"href":"https:\/\/imagazine.it\/home_desk\/wp-json\/wp\/v2\/posts\/50483","targetHints":{"allow":["GET"]}}],"collection":[{"href":"https:\/\/imagazine.it\/home_desk\/wp-json\/wp\/v2\/posts"}],"about":[{"href":"https:\/\/imagazine.it\/home_desk\/wp-json\/wp\/v2\/types\/post"}],"author":[{"embeddable":true,"href":"https:\/\/imagazine.it\/home_desk\/wp-json\/wp\/v2\/users\/28"}],"replies":[{"embeddable":true,"href":"https:\/\/imagazine.it\/home_desk\/wp-json\/wp\/v2\/comments?post=50483"}],"version-history":[{"count":0,"href":"https:\/\/imagazine.it\/home_desk\/wp-json\/wp\/v2\/posts\/50483\/revisions"}],"wp:featuredmedia":[{"embeddable":true,"href":"https:\/\/imagazine.it\/home_desk\/wp-json\/wp\/v2\/media\/50484"}],"wp:attachment":[{"href":"https:\/\/imagazine.it\/home_desk\/wp-json\/wp\/v2\/media?parent=50483"}],"wp:term":[{"taxonomy":"category","embeddable":true,"href":"https:\/\/imagazine.it\/home_desk\/wp-json\/wp\/v2\/categories?post=50483"},{"taxonomy":"post_tag","embeddable":true,"href":"https:\/\/imagazine.it\/home_desk\/wp-json\/wp\/v2\/tags?post=50483"}],"curies":[{"name":"wp","href":"https:\/\/api.w.org\/{rel}","templated":true}]}}