{"id":50473,"date":"2023-11-18T00:00:00","date_gmt":"2023-11-17T23:00:00","guid":{"rendered":"https:\/\/imagazine.it\/gli-alpini-a-sostegno-della-colletta-alimentare\/"},"modified":"2023-11-18T00:00:00","modified_gmt":"2023-11-17T23:00:00","slug":"gli-alpini-a-sostegno-della-colletta-alimentare","status":"publish","type":"post","link":"https:\/\/imagazine.it\/home_desk\/gli-alpini-a-sostegno-della-colletta-alimentare\/","title":{"rendered":"Gli Alpini a sostegno della Colletta Alimentare"},"content":{"rendered":"<p> \tRUDA \u2013 FIUMICELLO VILLA VICENTINA \u2013 \u201cLa Colletta Alimentare \u00e8 un gesto semplice, a testimonianza che la solidariet\u00e0 e il dono rendono realmente umana la convivenza civile e vincono l&#8217;indifferenza, causa vera di tante ingiustizie\u201d afferma <strong>Giovanni Bruno<\/strong>, presidente di Fondazione Banco Alimentare Onlus.<\/p>\n<p> \tNei comuni della Bassa friulana all\u2019esterno di ogni supermercato erano presenti dei volontari, riconoscibili dalla pettorina arancione, che hanno invitato ad acquistare prodotti a lunga conservazione come olio, verdure e legumi in scatola, polpa o passata di pomodoro, tonno o carne in scatola e alimenti per l&#8217;infanzia.<\/p>\n<p> \tA <strong>Ruda<\/strong> i volontari erano riconoscibili anche perch\u00e9 avevano il cappello piumato del <strong>Gruppo degli Alpini<\/strong>, che in collaborazione con la Protezione Civile ha allestito il banco nei pressi dell\u2019unico punto vendita alimentari del Comune.<\/p>\n<p> \tA <strong>Fiumicello Villa Vicentina<\/strong> c\u2019\u00e8 stato pi\u00f9 lavoro in quanto sono 4 i supermercati presidiati dall\u2019<strong>Associazione<\/strong> <strong>\u201cCircolo Volontari\u201d<\/strong>.<\/p>\n<p> \tIn serata, proprio a Fiumicello Villa Vicentina, \u00e8 arrivato quanto donato anche da Aquileia, Grado, Terzo e naturalmente Ruda. Tutto \u00e8 stato imballato e portato in via Venceslao Menazzi Moretti a Pasian di Prato, nel centro di raccolta regionale.<\/p>\n<p> \t\u201cNon ci sono i risultati pre covid \u2013 afferma <strong>Alessandro Lupieri<\/strong>, presidente del locale Circolo Volontari \u2013 ma anche quest\u2019anno la raccolta \u00e8 andata bene, la solidariet\u00e0 verso le persone in difficolt\u00e0 continua e non si ferma, si devono ringraziare soprattutto i tanti volontari che mettono a disposizione il loro tempo per aiutare gli altri\u201d.<\/p>\n<p> \t\u00a0<\/p>\n","protected":false},"excerpt":{"rendered":"<p>Oltre alla presenza all&#8217;esterno del supermercati, in serata hanno coordinato l&#8217;invio di quanto raccolto anche nel circondario<\/p>\n","protected":false},"author":22,"featured_media":50474,"comment_status":"closed","ping_status":"closed","sticky":false,"template":"","format":"standard","meta":{"dwc-title":[],"dwc-content":[],"footnotes":""},"categories":[5],"tags":[],"class_list":["post-50473","post","type-post","status-publish","format-standard","has-post-thumbnail","hentry","category-attualita"],"rttpg_featured_image_url":{"full":["https:\/\/imagazine.it\/wp-content\/uploads\/2024\/02\/55217-1.webp",1000,620,false],"landscape":["https:\/\/imagazine.it\/wp-content\/uploads\/2024\/02\/55217-1.webp",1000,620,false],"portraits":["https:\/\/imagazine.it\/wp-content\/uploads\/2024\/02\/55217-1.webp",1000,620,false],"thumbnail":["https:\/\/imagazine.it\/wp-content\/uploads\/2024\/02\/55217-1-150x150.webp",150,150,true],"medium":["https:\/\/imagazine.it\/wp-content\/uploads\/2024\/02\/55217-1-300x186.webp",300,186,true],"large":["https:\/\/imagazine.it\/wp-content\/uploads\/2024\/02\/55217-1.webp",640,397,false],"thumblist":["https:\/\/imagazine.it\/wp-content\/uploads\/2024\/02\/55217-1-300x300.webp",300,300,true],"thumbrelated":["https:\/\/imagazine.it\/wp-content\/uploads\/2024\/02\/55217-1-500x500.webp",500,500,true],"meccarouselthumb":["https:\/\/imagazine.it\/wp-content\/uploads\/2024\/02\/55217-1-474x324.webp",474,324,true],"gridsquare":["https:\/\/imagazine.it\/wp-content\/uploads\/2024\/02\/55217-1-391x260.webp",391,260,true],"tileview":["https:\/\/imagazine.it\/wp-content\/uploads\/2024\/02\/55217-1-300x400.webp",300,400,true],"1536x1536":["https:\/\/imagazine.it\/wp-content\/uploads\/2024\/02\/55217-1.webp",1000,620,false],"2048x2048":["https:\/\/imagazine.it\/wp-content\/uploads\/2024\/02\/55217-1.webp",1000,620,false],"newsup-slider-full":["https:\/\/imagazine.it\/wp-content\/uploads\/2024\/02\/55217-1.webp",1000,620,false],"newsup-featured":["https:\/\/imagazine.it\/wp-content\/uploads\/2024\/02\/55217-1.webp",1000,620,false],"newsup-medium":["https:\/\/imagazine.it\/wp-content\/uploads\/2024\/02\/55217-1-720x380.webp",720,380,true],"tptn_thumbnail":["https:\/\/imagazine.it\/wp-content\/uploads\/2024\/02\/55217-1.webp",250,155,false],"sow-carousel-default":["https:\/\/imagazine.it\/wp-content\/uploads\/2024\/02\/55217-1.webp",272,169,false]},"rttpg_author":{"display_name":"Livio Nonis","author_link":"https:\/\/imagazine.it\/home_desk\/author\/nonis\/"},"rttpg_comment":0,"rttpg_category":"<a href=\"https:\/\/imagazine.it\/home_desk\/category\/attualita\/\" rel=\"category tag\">ATTUALIT\u00c0<\/a>","rttpg_excerpt":"Oltre alla presenza all'esterno del supermercati, in serata hanno coordinato l'invio di quanto raccolto anche nel circondario","_links":{"self":[{"href":"https:\/\/imagazine.it\/home_desk\/wp-json\/wp\/v2\/posts\/50473","targetHints":{"allow":["GET"]}}],"collection":[{"href":"https:\/\/imagazine.it\/home_desk\/wp-json\/wp\/v2\/posts"}],"about":[{"href":"https:\/\/imagazine.it\/home_desk\/wp-json\/wp\/v2\/types\/post"}],"author":[{"embeddable":true,"href":"https:\/\/imagazine.it\/home_desk\/wp-json\/wp\/v2\/users\/22"}],"replies":[{"embeddable":true,"href":"https:\/\/imagazine.it\/home_desk\/wp-json\/wp\/v2\/comments?post=50473"}],"version-history":[{"count":0,"href":"https:\/\/imagazine.it\/home_desk\/wp-json\/wp\/v2\/posts\/50473\/revisions"}],"wp:featuredmedia":[{"embeddable":true,"href":"https:\/\/imagazine.it\/home_desk\/wp-json\/wp\/v2\/media\/50474"}],"wp:attachment":[{"href":"https:\/\/imagazine.it\/home_desk\/wp-json\/wp\/v2\/media?parent=50473"}],"wp:term":[{"taxonomy":"category","embeddable":true,"href":"https:\/\/imagazine.it\/home_desk\/wp-json\/wp\/v2\/categories?post=50473"},{"taxonomy":"post_tag","embeddable":true,"href":"https:\/\/imagazine.it\/home_desk\/wp-json\/wp\/v2\/tags?post=50473"}],"curies":[{"name":"wp","href":"https:\/\/api.w.org\/{rel}","templated":true}]}}