{"id":50449,"date":"2023-11-20T00:00:00","date_gmt":"2023-11-19T23:00:00","guid":{"rendered":"https:\/\/imagazine.it\/gorizia-giardini-pubblici-riportati-allaspetto-originario\/"},"modified":"2023-11-20T00:00:00","modified_gmt":"2023-11-19T23:00:00","slug":"gorizia-giardini-pubblici-riportati-allaspetto-originario","status":"publish","type":"post","link":"https:\/\/imagazine.it\/home_desk\/gorizia-giardini-pubblici-riportati-allaspetto-originario\/","title":{"rendered":"Gorizia, Giardini pubblici riportati all&#8217;aspetto originario"},"content":{"rendered":"<p> \tGORIZIA \u2013 Si \u00e8 concluso il primo lotto dei <strong>lavori di riqualificazione dei Giardini pubblici<\/strong>: il parco di corso Verdi \u00e8 stato meta stamattina del sopralluogo del sindaco, <strong>Rodolfo Ziberna<\/strong>, e dell\u2019assessore comunale ai Lavori pubblici, <strong>Sarah Filisetti<\/strong>.<\/p>\n<p> \tI sentieri, le panchine e le aiuole nella parte retrostante dell\u2019area sono stati riportati alla configurazione originaria, sulla base di un rilievo del 1900, avvalorato dalla ricca documentazione che correda la relazione storica al progetto redatta dai professionisti che si sono occupati della progettazione definitiva, di DD Architettura di <strong>Luigi Di Dato<\/strong>.<\/p>\n<p> \tConclusa la prima tranche di lavori, il cantiere \u00e8 gi\u00e0 all\u2019opera per la realizzazione del secondo, quello prospiciente corso Verdi.<\/p>\n<p> \tNel primo lotto, che ha riguardato in particolare il viale trasversale e la parte romantico-paesaggistica dei Giardini, in accordo con la Sovrintendenza, \u00e8 stato <strong>ripristinato l\u2019assetto dei materiali tradizionali caratterizzanti i percorsi<\/strong>, mantenendo la finitura a ghiaino. Sono stati eliminati i cordoli in cemento prefabbricati che delimitavano le aiuole, sostituiti con porfido, e numerosi quadri elettrici, che guastavano la prospettiva visuale. Completata la sostituzione dei cestini e della fontanella, a cui se ne \u00e8 aggiunta una in prossimit\u00e0 del monumento del Fante.<\/p>\n<p> \tL\u2019assetto ispirato all\u2019aspetto originario ha permesso di valorizzare la magnolia monumentale, le piantumazioni delle essenze arboree e le statue, che risultavano oscurate dalla vegetazione. Anche l\u2019<strong>area giochi per bambini<\/strong> \u00e8 stata oggetto di manutenzione e di un\u2019azione di restyling ed \u00e8 nuovamente fruibile.<\/p>\n<p> \t\u201cGorizia gi\u00e0 \u00e8 bella, ma vogliamo che lo sia ancora di pi\u00f9. Questo \u00e8 lo spirito con cui stiamo riqualificando i Giardini pubblici, che con i lavori di cui abbiamo terminato il primo lotto sono riportati allo splendore del 1900. Oltre a valorizzare le essenze arboree, tra cui l\u2019imponente magnolia pi\u00f9 che secolare, si \u00e8 provveduto a migliorare la pavimentazione in ghiaino, per renderla pi\u00f9 facilmente percorribile anche a carrozzine e passeggini\u201d, ha spiegato il sindaco Ziberna.<\/p>\n<p> \t\u201cPossiamo ora avere un primo assaggio di quella che \u00e8 l\u2019elegante prospettiva di riqualificazione del verde cittadino. Ai Giardini pubblici, cos\u00ec come nel parco del Municipio, abbiamo infatti avviato interventi per aumentarne la fruibilit\u00e0 e per restituire l\u2019unitariet\u00e0 originaria dei luoghi, oggi persa dopo gli interventi viabilistici del dopoguerra\u201d, ha aggiunto l\u2019assessore Filisetti.<\/p>\n<p> \tI lavori nel <strong>secondo lotto<\/strong> si concentreranno prima sul <strong>controviale di via Dante<\/strong>, poi su quello di <strong>via Petrarca<\/strong>, dove la pavimentazione sar\u00e0 rifatta con il porfido. Inoltre sar\u00e0 <strong>riqualificata l\u2019area circostante la fontana<\/strong>, dove sar\u00e0 posizionato del ghiaino. Durante i lavori sar\u00e0 comunque sempre garantito l\u2019accesso ai Giardini pubblici. In corso d\u2019opera si provveder\u00e0 alla parte illuminante, con il posizionamento degli stessi lampioni a lanterna di corso Verdi e con proiettori di luce che renderanno il tutto pi\u00f9 scenografico.<\/p>\n<p> \t\u00c8 prevista anche l\u2019implementazione della <strong>video sorveglianza<\/strong>, inoltre in via Cadorna saranno collocati dei <strong>servizi igienici automatici funzionanti 24 ore su 24<\/strong>.<\/p>\n<p> \t\u00a0<\/p>\n","protected":false},"excerpt":{"rendered":"<p>I sentieri, le panchine e le aiuole nella parte retrostante dell\u2019area sono tornati alla configurazione del 1900. In via Cadorna presto servizi igienici automatici funzionanti 24 ore su 24<\/p>\n","protected":false},"author":28,"featured_media":50450,"comment_status":"closed","ping_status":"closed","sticky":false,"template":"","format":"standard","meta":{"dwc-title":[],"dwc-content":[],"footnotes":""},"categories":[5],"tags":[],"class_list":["post-50449","post","type-post","status-publish","format-standard","has-post-thumbnail","hentry","category-attualita"],"rttpg_featured_image_url":{"full":["https:\/\/imagazine.it\/wp-content\/uploads\/2024\/02\/55181-1.webp",1000,750,false],"landscape":["https:\/\/imagazine.it\/wp-content\/uploads\/2024\/02\/55181-1.webp",1000,750,false],"portraits":["https:\/\/imagazine.it\/wp-content\/uploads\/2024\/02\/55181-1.webp",1000,750,false],"thumbnail":["https:\/\/imagazine.it\/wp-content\/uploads\/2024\/02\/55181-1-150x150.webp",150,150,true],"medium":["https:\/\/imagazine.it\/wp-content\/uploads\/2024\/02\/55181-1-300x225.webp",300,225,true],"large":["https:\/\/imagazine.it\/wp-content\/uploads\/2024\/02\/55181-1.webp",640,480,false],"thumblist":["https:\/\/imagazine.it\/wp-content\/uploads\/2024\/02\/55181-1-300x300.webp",300,300,true],"thumbrelated":["https:\/\/imagazine.it\/wp-content\/uploads\/2024\/02\/55181-1-500x500.webp",500,500,true],"meccarouselthumb":["https:\/\/imagazine.it\/wp-content\/uploads\/2024\/02\/55181-1-474x324.webp",474,324,true],"gridsquare":["https:\/\/imagazine.it\/wp-content\/uploads\/2024\/02\/55181-1-391x260.webp",391,260,true],"tileview":["https:\/\/imagazine.it\/wp-content\/uploads\/2024\/02\/55181-1-300x400.webp",300,400,true],"1536x1536":["https:\/\/imagazine.it\/wp-content\/uploads\/2024\/02\/55181-1.webp",1000,750,false],"2048x2048":["https:\/\/imagazine.it\/wp-content\/uploads\/2024\/02\/55181-1.webp",1000,750,false],"newsup-slider-full":["https:\/\/imagazine.it\/wp-content\/uploads\/2024\/02\/55181-1-1000x720.webp",1000,720,true],"newsup-featured":["https:\/\/imagazine.it\/wp-content\/uploads\/2024\/02\/55181-1.webp",1000,750,false],"newsup-medium":["https:\/\/imagazine.it\/wp-content\/uploads\/2024\/02\/55181-1-720x380.webp",720,380,true],"tptn_thumbnail":["https:\/\/imagazine.it\/wp-content\/uploads\/2024\/02\/55181-1.webp",250,188,false],"sow-carousel-default":["https:\/\/imagazine.it\/wp-content\/uploads\/2024\/02\/55181-1.webp",243,182,false]},"rttpg_author":{"display_name":"redazione","author_link":"https:\/\/imagazine.it\/home_desk\/author\/redazione\/"},"rttpg_comment":0,"rttpg_category":"<a href=\"https:\/\/imagazine.it\/home_desk\/category\/attualita\/\" rel=\"category tag\">ATTUALIT\u00c0<\/a>","rttpg_excerpt":"I sentieri, le panchine e le aiuole nella parte retrostante dell\u2019area sono tornati alla configurazione del 1900. In via Cadorna presto servizi igienici automatici funzionanti 24 ore su 24","_links":{"self":[{"href":"https:\/\/imagazine.it\/home_desk\/wp-json\/wp\/v2\/posts\/50449","targetHints":{"allow":["GET"]}}],"collection":[{"href":"https:\/\/imagazine.it\/home_desk\/wp-json\/wp\/v2\/posts"}],"about":[{"href":"https:\/\/imagazine.it\/home_desk\/wp-json\/wp\/v2\/types\/post"}],"author":[{"embeddable":true,"href":"https:\/\/imagazine.it\/home_desk\/wp-json\/wp\/v2\/users\/28"}],"replies":[{"embeddable":true,"href":"https:\/\/imagazine.it\/home_desk\/wp-json\/wp\/v2\/comments?post=50449"}],"version-history":[{"count":0,"href":"https:\/\/imagazine.it\/home_desk\/wp-json\/wp\/v2\/posts\/50449\/revisions"}],"wp:featuredmedia":[{"embeddable":true,"href":"https:\/\/imagazine.it\/home_desk\/wp-json\/wp\/v2\/media\/50450"}],"wp:attachment":[{"href":"https:\/\/imagazine.it\/home_desk\/wp-json\/wp\/v2\/media?parent=50449"}],"wp:term":[{"taxonomy":"category","embeddable":true,"href":"https:\/\/imagazine.it\/home_desk\/wp-json\/wp\/v2\/categories?post=50449"},{"taxonomy":"post_tag","embeddable":true,"href":"https:\/\/imagazine.it\/home_desk\/wp-json\/wp\/v2\/tags?post=50449"}],"curies":[{"name":"wp","href":"https:\/\/api.w.org\/{rel}","templated":true}]}}