{"id":50429,"date":"2023-11-17T00:00:00","date_gmt":"2023-11-16T23:00:00","guid":{"rendered":"https:\/\/imagazine.it\/udine-rilancia-la-festa-dello-sport-inclusivo\/"},"modified":"2023-11-17T00:00:00","modified_gmt":"2023-11-16T23:00:00","slug":"udine-rilancia-la-festa-dello-sport-inclusivo","status":"publish","type":"post","link":"https:\/\/imagazine.it\/home_desk\/udine-rilancia-la-festa-dello-sport-inclusivo\/","title":{"rendered":"Udine rilancia la Festa dello Sport Inclusivo"},"content":{"rendered":"<p> \t<strong>UDINE<\/strong> \u2013 Torna a <strong>Udine, <\/strong>il prossimo<strong> 26 novembre,<\/strong> la <strong>Festa dello Sport Inclusivo. <\/strong>La <strong>sesta edizione<\/strong> della manifestazione, che riprende dopo un periodo di stop forzato, \u00e8 stata organizzata dall\u2019Associazione Sportiva Udinese &#8211; ASU, in collaborazione con Fondazione Pietro Pittini, Csen Fvg, Special Olympics, Panathlon Udine, Ansmes &#8211; Associazione Nazionale Stelle e Palme al Merito Sportivo, l\u2019associazione di promozione sociale Io ci vado, nell\u2019ambito di Sport4inclusionweek, con il patrocinio di Coni Fvg e CIP Fvg e il sostegno di Fondazione Friuli.<\/p>\n<p> \tL\u2019evento \u00e8 stato presentato al PalaPrexta, sede dell\u2019ASU, alla presenza della presidente della Fondazione Pietro Pittini, <strong>Marina Pittini<\/strong>, del presidente di Fondazione Friuli, <strong>Giuseppe Morandini<\/strong>, del presidente dell\u2019ASU, <strong>Alessandro Nutta<\/strong>, e del direttore generale, <strong>Nicola Di Benedetto<\/strong>.<\/p>\n<p> \tCome gi\u00e0 avvenuto nelle passate edizioni, sulle pedane del palazzetto (via Lodi 1) sar\u00e0 possibile provare, a circuito, diverse discipline: danza (con Chiara Nasazio), ginnastica artistica maschile e femminile (ASU), ginnastica ritmica (ASU), scherma (ASU e Fiore dei Liberi Scherma), karate (Karate Udine asd), taiji quan (Tao), aikido (Karate Basiliano Apd), tiro a segno elettronico (tSN Cividale), footbike (Footbike4all).<\/p>\n<p> \tLe prove sono pensate in un\u2019ottica di inclusione, pertanto saranno aperte sia a persone con disabilit\u00e0 (che dovranno essere accompagnate dai genitori\/tutori per tutta la durata dell\u2019evento) che per coloro che non ne hanno. L\u2019evento sar\u00e0 gratuito ma con <u><a href=\"https:\/\/bit.ly\/FsIn23\" target=\"_blank\" rel=\"noopener\"><span style=\"color:#0000cd;\">prenotazione online obbligatoria<\/span><\/a><\/u>.<\/p>\n<p> \tLa \u201cFesta dello sport inclusivo\u201d vuole essere un momento di incontro e scambio tra diverse realt\u00e0 che lavorano a stretto contatto, sul territorio, con il mondo della disabilit\u00e0 e altre che, a vario titolo, aiutano lo sviluppo della persona. Saranno infatti aperti gli stand di alcune associazioni del territorio che potranno presentare il loro lavoro e la loro esperienza nel campo della disabilit\u00e0: AMI-Attivit\u00e0 Musicale Inclusiva, progetto della Scuola di Musica Ritmea; Radio Magica Academy; Fondazione Radio Magica ETS; La casa sull&#8217;albero; l\u2019associazione di promozione sociale Io ci vado. In programma anche le performance di alcuni atleti agonisti che mostreranno il meglio della loro specialit\u00e0.<\/p>\n<p> \tL\u2019apertura della giornata \u00e8 prevista alle 8.30 con una prima fase di accoglienza dei partecipanti. Dalle 9.30 inizier\u00e0 la turnazione delle attivit\u00e0 in prova; alle 12.30 ci saranno le premiazioni di tutti i partecipanti.<\/p>\n<p> \tNel pomeriggio, invece, a partire dalle 14.30 e fino alle 16.30 \u00e8 in programma il primo evento formativo della seconda edizione del progetto \u201cA proprio agio\u201d, \u201cCorso di alta specializzazione per tecnici che trattano la disabilit\u00e0 fisica e intellettiva\u201d, possibile grazie al sostegno di Fondazione Friuli e alla collaborazione con Csen Fvg, Special Olympics Fvg e scuola regionale dello Sport Coni Fvg. Evento gratuito ma con <u><a href=\"https:\/\/bit.ly\/3Snu5vo\" target=\"_blank\" rel=\"noopener\"><span style=\"color:#0000cd;\">prenotazione online obbligatoria<\/span><\/a><\/u>.<\/p>\n<p> \tIl corso sar\u00e0 condotto dalla dottoressa Raffaella De Carlo, psicologa psicoterapeuta che opera nell\u2019ambito dell\u2019autismo, la quale far\u00e0 una lezione proprio su questo tema, sui disturbi comportamentali, e sui ritardi di sviluppo, parlando in particolare di comunicazione e strategie di approccio.<\/p>\n<p> \t\u00a0<\/p>\n","protected":false},"excerpt":{"rendered":"<p>Sulle pedane del PalaPrexta sar\u00e0 possibile provare, a circuito, diverse discipline<\/p>\n","protected":false},"author":28,"featured_media":50430,"comment_status":"closed","ping_status":"closed","sticky":false,"template":"","format":"standard","meta":{"dwc-title":[],"dwc-content":[],"footnotes":""},"categories":[38],"tags":[],"class_list":["post-50429","post","type-post","status-publish","format-standard","has-post-thumbnail","hentry","category-sport"],"rttpg_featured_image_url":{"full":["https:\/\/imagazine.it\/wp-content\/uploads\/2024\/02\/55152-1.webp",1000,750,false],"landscape":["https:\/\/imagazine.it\/wp-content\/uploads\/2024\/02\/55152-1.webp",1000,750,false],"portraits":["https:\/\/imagazine.it\/wp-content\/uploads\/2024\/02\/55152-1.webp",1000,750,false],"thumbnail":["https:\/\/imagazine.it\/wp-content\/uploads\/2024\/02\/55152-1-150x150.webp",150,150,true],"medium":["https:\/\/imagazine.it\/wp-content\/uploads\/2024\/02\/55152-1-300x225.webp",300,225,true],"large":["https:\/\/imagazine.it\/wp-content\/uploads\/2024\/02\/55152-1.webp",640,480,false],"thumblist":["https:\/\/imagazine.it\/wp-content\/uploads\/2024\/02\/55152-1-300x300.webp",300,300,true],"thumbrelated":["https:\/\/imagazine.it\/wp-content\/uploads\/2024\/02\/55152-1-500x500.webp",500,500,true],"meccarouselthumb":["https:\/\/imagazine.it\/wp-content\/uploads\/2024\/02\/55152-1-474x324.webp",474,324,true],"gridsquare":["https:\/\/imagazine.it\/wp-content\/uploads\/2024\/02\/55152-1-391x260.webp",391,260,true],"tileview":["https:\/\/imagazine.it\/wp-content\/uploads\/2024\/02\/55152-1-300x400.webp",300,400,true],"1536x1536":["https:\/\/imagazine.it\/wp-content\/uploads\/2024\/02\/55152-1.webp",1000,750,false],"2048x2048":["https:\/\/imagazine.it\/wp-content\/uploads\/2024\/02\/55152-1.webp",1000,750,false],"newsup-slider-full":["https:\/\/imagazine.it\/wp-content\/uploads\/2024\/02\/55152-1-1000x720.webp",1000,720,true],"newsup-featured":["https:\/\/imagazine.it\/wp-content\/uploads\/2024\/02\/55152-1.webp",1000,750,false],"newsup-medium":["https:\/\/imagazine.it\/wp-content\/uploads\/2024\/02\/55152-1-720x380.webp",720,380,true],"tptn_thumbnail":["https:\/\/imagazine.it\/wp-content\/uploads\/2024\/02\/55152-1.webp",250,188,false],"sow-carousel-default":["https:\/\/imagazine.it\/wp-content\/uploads\/2024\/02\/55152-1.webp",243,182,false]},"rttpg_author":{"display_name":"redazione","author_link":"https:\/\/imagazine.it\/home_desk\/author\/redazione\/"},"rttpg_comment":0,"rttpg_category":"<a href=\"https:\/\/imagazine.it\/home_desk\/category\/sport\/\" rel=\"category tag\">SPORT<\/a>","rttpg_excerpt":"Sulle pedane del PalaPrexta sar\u00e0 possibile provare, a circuito, diverse discipline","_links":{"self":[{"href":"https:\/\/imagazine.it\/home_desk\/wp-json\/wp\/v2\/posts\/50429","targetHints":{"allow":["GET"]}}],"collection":[{"href":"https:\/\/imagazine.it\/home_desk\/wp-json\/wp\/v2\/posts"}],"about":[{"href":"https:\/\/imagazine.it\/home_desk\/wp-json\/wp\/v2\/types\/post"}],"author":[{"embeddable":true,"href":"https:\/\/imagazine.it\/home_desk\/wp-json\/wp\/v2\/users\/28"}],"replies":[{"embeddable":true,"href":"https:\/\/imagazine.it\/home_desk\/wp-json\/wp\/v2\/comments?post=50429"}],"version-history":[{"count":0,"href":"https:\/\/imagazine.it\/home_desk\/wp-json\/wp\/v2\/posts\/50429\/revisions"}],"wp:featuredmedia":[{"embeddable":true,"href":"https:\/\/imagazine.it\/home_desk\/wp-json\/wp\/v2\/media\/50430"}],"wp:attachment":[{"href":"https:\/\/imagazine.it\/home_desk\/wp-json\/wp\/v2\/media?parent=50429"}],"wp:term":[{"taxonomy":"category","embeddable":true,"href":"https:\/\/imagazine.it\/home_desk\/wp-json\/wp\/v2\/categories?post=50429"},{"taxonomy":"post_tag","embeddable":true,"href":"https:\/\/imagazine.it\/home_desk\/wp-json\/wp\/v2\/tags?post=50429"}],"curies":[{"name":"wp","href":"https:\/\/api.w.org\/{rel}","templated":true}]}}