{"id":50419,"date":"2023-11-16T00:00:00","date_gmt":"2023-11-15T23:00:00","guid":{"rendered":"https:\/\/imagazine.it\/inaugurato-a-monfalcone-il-museo-medievale\/"},"modified":"2023-11-16T00:00:00","modified_gmt":"2023-11-15T23:00:00","slug":"inaugurato-a-monfalcone-il-museo-medievale","status":"publish","type":"post","link":"https:\/\/imagazine.it\/home_desk\/inaugurato-a-monfalcone-il-museo-medievale\/","title":{"rendered":"Inaugurato a Monfalcone il Museo Medievale"},"content":{"rendered":"<p> \tMONFALCONE \u2013 La spada \u201ca una mano e mezza\u201d rinvenuta nell\u2019area adibita a bottega del fabbro durante il restauro dell\u2019edificio che ospita il Comune di Monfalcone \u00e8 uno tra i reperti pi\u00f9 importanti esposti al\u00a0<strong>Museo Medievale<\/strong>, inaugurato oggi dal sindaco di Monfalcone,\u00a0<strong>Anna Maria Cisint<\/strong>, e dall\u2019assessore alla cultura,\u00a0<strong>Luca Fasan<\/strong>, insieme alla Regione, con il video-saluto del presidente, Massimiliano Fedriga, alla presenza di altre autorit\u00e0 e della Soprintendenza.<\/p>\n<p> \tIl Museo Medievale \u00e8 stato finanziato proprio dalla Regione con 600.000 euro, ai quali sono stati aggiunti ulteriori 35.000 euro di fondi comunali.\u00a0<\/p>\n<p> \tGli scavi dell\u2019area archeologica \u2013 direzione scientifica\u00a0<strong>Luigi Fozzati<\/strong>\u00a0e\u00a0<strong>Marta Novello<\/strong>\u00a0\u2013 per il restauro dell\u2019edificio che ospita il Comune (RUP\u00a0<strong>Enrico Englaro<\/strong>\u00a0con la collaborazione di\u00a0<strong>Fulvio Salvagno<\/strong>) hanno portato alla luce un vero tesoro della storia cittadina, rimasto per secoli sepolto sotto il pavimento dell\u2019edificio. Sono emersi tratti delle fondazioni delle mura di cinta della citt\u00e0 medievale e significativi resti dell\u2019abitato del XIII-XVI secolo, con reperti archeologici in materiale ceramico e vitreo, metallo e osso, che ne documentano la vita quotidiana (strumenti di lavoro e di uso comune tra cui zappe, chiodi, monete, ceramiche di varia tipologia e foggia).<\/p>\n<p> \tGrazie al sostegno della Regione Friuli Venezia Giulia e con la direzione scientifica della Soprintendenza Friuli Venezia Giulia (<strong>Simonetta Bonomi, Andrea Pessina, Antonella Crisma, Giorgia Musina, Marta Novello, Daniele Pasini, Micol Siboni\u00a0<\/strong>e<strong>\u00a0Paola Ventura<\/strong>), l\u2019area archeologica racconta, attraverso un efficace allestimento museografico (a cura di\u00a0GTRF Tortelli Frassoni Architetti Associati), una pagina importante della storia di Monfalcone.<\/p>\n<p> \tIn occasione dell\u2019inaugurazione del Museo Medievale, il Comune di Monfalcone ha organizzato\u00a0<strong>una giornata nel segno della cultura e della storia della citt\u00e0<\/strong>, dedicata alla cittadinanza, alle scuole, ai turisti e a specifici target (media e guide turistiche). Per l\u2019occasione sono state\u00a0<strong>aperte al pubblico tutte le sedi culturali<\/strong>.<\/p>\n<p> \tIl Museo Medievale di Monfalcone, in <strong>piazza Unit\u00e0 d&#8217;Italia<\/strong>, sar\u00e0 aperto al pubblico dal luned\u00ec alla domenica dalle ore 10\u00a0alle 13\u00a0(luned\u00ec, mercoled\u00ec, venerd\u00ec, sabato e domenica anche dalle ore 15 alle ore 18).\u00a0Per info e prenotazioni telefonare al numero\u00a0334 6000121\u00a0o scrivere una mail all\u2019indirizzo <a href=\"mailto:booking@comune.monfalcone.go.it\">booking@comune.monfalcone.go.it<\/a><\/p>\n<p> \t\u00a0<\/p>\n","protected":false},"excerpt":{"rendered":"<p>Per l&#8217;occasione apertura straordinaria delle principali sedi culturali cittadine<\/p>\n","protected":false},"author":28,"featured_media":50420,"comment_status":"closed","ping_status":"closed","sticky":false,"template":"","format":"standard","meta":{"dwc-title":[],"dwc-content":[],"footnotes":""},"categories":[5],"tags":[],"class_list":["post-50419","post","type-post","status-publish","format-standard","has-post-thumbnail","hentry","category-attualita"],"rttpg_featured_image_url":{"full":["https:\/\/imagazine.it\/wp-content\/uploads\/2024\/02\/55140-1.webp",1000,666,false],"landscape":["https:\/\/imagazine.it\/wp-content\/uploads\/2024\/02\/55140-1.webp",1000,666,false],"portraits":["https:\/\/imagazine.it\/wp-content\/uploads\/2024\/02\/55140-1.webp",1000,666,false],"thumbnail":["https:\/\/imagazine.it\/wp-content\/uploads\/2024\/02\/55140-1-150x150.webp",150,150,true],"medium":["https:\/\/imagazine.it\/wp-content\/uploads\/2024\/02\/55140-1-300x200.webp",300,200,true],"large":["https:\/\/imagazine.it\/wp-content\/uploads\/2024\/02\/55140-1.webp",640,426,false],"thumblist":["https:\/\/imagazine.it\/wp-content\/uploads\/2024\/02\/55140-1-300x300.webp",300,300,true],"thumbrelated":["https:\/\/imagazine.it\/wp-content\/uploads\/2024\/02\/55140-1-500x500.webp",500,500,true],"meccarouselthumb":["https:\/\/imagazine.it\/wp-content\/uploads\/2024\/02\/55140-1-474x324.webp",474,324,true],"gridsquare":["https:\/\/imagazine.it\/wp-content\/uploads\/2024\/02\/55140-1-391x260.webp",391,260,true],"tileview":["https:\/\/imagazine.it\/wp-content\/uploads\/2024\/02\/55140-1-300x400.webp",300,400,true],"1536x1536":["https:\/\/imagazine.it\/wp-content\/uploads\/2024\/02\/55140-1.webp",1000,666,false],"2048x2048":["https:\/\/imagazine.it\/wp-content\/uploads\/2024\/02\/55140-1.webp",1000,666,false],"newsup-slider-full":["https:\/\/imagazine.it\/wp-content\/uploads\/2024\/02\/55140-1.webp",1000,666,false],"newsup-featured":["https:\/\/imagazine.it\/wp-content\/uploads\/2024\/02\/55140-1.webp",1000,666,false],"newsup-medium":["https:\/\/imagazine.it\/wp-content\/uploads\/2024\/02\/55140-1-720x380.webp",720,380,true],"tptn_thumbnail":["https:\/\/imagazine.it\/wp-content\/uploads\/2024\/02\/55140-1.webp",250,167,false],"sow-carousel-default":["https:\/\/imagazine.it\/wp-content\/uploads\/2024\/02\/55140-1.webp",272,182,false]},"rttpg_author":{"display_name":"redazione","author_link":"https:\/\/imagazine.it\/home_desk\/author\/redazione\/"},"rttpg_comment":0,"rttpg_category":"<a href=\"https:\/\/imagazine.it\/home_desk\/category\/attualita\/\" rel=\"category tag\">ATTUALIT\u00c0<\/a>","rttpg_excerpt":"Per l'occasione apertura straordinaria delle principali sedi culturali cittadine","_links":{"self":[{"href":"https:\/\/imagazine.it\/home_desk\/wp-json\/wp\/v2\/posts\/50419","targetHints":{"allow":["GET"]}}],"collection":[{"href":"https:\/\/imagazine.it\/home_desk\/wp-json\/wp\/v2\/posts"}],"about":[{"href":"https:\/\/imagazine.it\/home_desk\/wp-json\/wp\/v2\/types\/post"}],"author":[{"embeddable":true,"href":"https:\/\/imagazine.it\/home_desk\/wp-json\/wp\/v2\/users\/28"}],"replies":[{"embeddable":true,"href":"https:\/\/imagazine.it\/home_desk\/wp-json\/wp\/v2\/comments?post=50419"}],"version-history":[{"count":0,"href":"https:\/\/imagazine.it\/home_desk\/wp-json\/wp\/v2\/posts\/50419\/revisions"}],"wp:featuredmedia":[{"embeddable":true,"href":"https:\/\/imagazine.it\/home_desk\/wp-json\/wp\/v2\/media\/50420"}],"wp:attachment":[{"href":"https:\/\/imagazine.it\/home_desk\/wp-json\/wp\/v2\/media?parent=50419"}],"wp:term":[{"taxonomy":"category","embeddable":true,"href":"https:\/\/imagazine.it\/home_desk\/wp-json\/wp\/v2\/categories?post=50419"},{"taxonomy":"post_tag","embeddable":true,"href":"https:\/\/imagazine.it\/home_desk\/wp-json\/wp\/v2\/tags?post=50419"}],"curies":[{"name":"wp","href":"https:\/\/api.w.org\/{rel}","templated":true}]}}