{"id":50401,"date":"2023-11-15T00:00:00","date_gmt":"2023-11-14T23:00:00","guid":{"rendered":"https:\/\/imagazine.it\/radioprotezione-per-i-pazienti-burlo-al-top-in-europa\/"},"modified":"2023-11-15T00:00:00","modified_gmt":"2023-11-14T23:00:00","slug":"radioprotezione-per-i-pazienti-burlo-al-top-in-europa","status":"publish","type":"post","link":"https:\/\/imagazine.it\/home_desk\/radioprotezione-per-i-pazienti-burlo-al-top-in-europa\/","title":{"rendered":"Radioprotezione per i pazienti, Burlo al top in Europa"},"content":{"rendered":"<p> \tTRIESTE \u2013 La <strong>Radiologia Pediatrica del Burlo<\/strong> \u00e8 fra le pi\u00f9 attente alla radioprotezione dei pazienti, tema fondamentale per tutti coloro che sono sottoposti ai \u201craggi\u201d, ma ancor pi\u00f9 per i bambini. Lo conferma la certificazione <em>Esr \u2013 EuroSafe Stars <\/em>che la Societ\u00e0 di Europea di Radiologia (Esr) ha rilasciato alla struttura guidata dal dottor <strong>Claudio Granata<\/strong>, assegnandole il massimo livello possibile (<em>Five stars premium)<\/em> che \u00e8 stato conferito a un solo altro ospedale italiano e a 37 nosocomi in tutta Europa.\u00a0<\/p>\n<p> \t\u00abSiamo molto contenti di aver ottenuto questa certificazione \u2013 afferma il dottor Granata \u2013 che conferma l\u2019attenzione che prestiamo quotidianamente alla radioprotezione del paziente, a maggior ragione se si tratta di bambini. Ci tengo a sottolineare che si tratta di una certificazione non obbligatoria e alla quale le strutture radiologiche partecipano su base volontaria fornendo una serie ampia di documenti e dichiarazioni <strike>a<\/strike>ll\u2019apposito comitato della Esr che li sottopone ad attenta <em>peer rewiev<\/em>. Questa certificazione si aggiunge a quelle di legge ovviamente gi\u00e0 in possesso della Struttura, rappresentando una valutazione alla quale si sottopongono diverse centinaia di strutture radiologiche del continente e con la quale il nostro lavoro \u00e8 giudicato da colleghi molto preparati ed esperti e che, quindi, ha un suo indubbio valore. Senza particolari trionfalismi \u2013 conclude \u2013 ci fa molto piacere far sapere ai nostri pazienti che possono rivolgersi con assoluta tranquillit\u00e0 e fiducia alla nostra struttura\u00bb.<\/p>\n<p> \tL\u2019aspetto radioprotezionistico al quale si riferisce la certificazione ottenuta dalla Struttura Complessa di Radiologia Pediatrica del Burlo riguarda la radiologia convenzionale (quelle con cui una volta si facevano le \u201clastre\u201d e che ora utilizza tecniche digitali) e alla Tomografia Assiale Computerizzata (TC) che \u00e8 l\u2019esame radiodiagnostico che oggi emette la maggior quantit\u00e0 di radiazioni e al quale bisogna fare maggiormente attenzione. In particolare, la TC oggi al Burlo \u00e8 realizzata con una strumentazione il cui punto di forza \u00e8 avere un ricostruttore di immagini basato sull\u2019 intelligenza artificiale che permette di ottenere immagini di buona qualit\u00e0 utilizzando una dose di raggi molto bassa.<\/p>\n<p> \t\u00abAl riguardo va detto che al Burlo \u2013 spiega ancora il dottor Granata \u2013 stiamo ulteriormente modernizzando le nostre attrezzature e a breve potremo contare su una nuova apparecchiatura per la radiologia convenzionale molto sofisticata che permetter\u00e0 di ottenere immagini di ottima qualit\u00e0 sottoponendo il paziente a una dose di radiazioni ancora pi\u00f9 basse. Tutto ci\u00f2 rientra in un piano di ammodernamento dei macchinari della nostra struttura che siamo riusciti a portare avanti negli ultimi anni e che, quindi, riteniamo ci permetter\u00e0 di mantenere il livello della certificazione ottenuta anche in futuro. Un risultato importante se si considera che noi ogni anno realizziamo circa 30mila esami di radiodiagnostica ogni anno\u00bb.<\/p>\n<p> \tSoddisfazione per la certificazione ottenuta \u00e8 stata espressa anche dal Direttore Generale dell\u2019Irccs, <strong>Stefano Dorbol\u00f2<\/strong>: \u00abIl Burlo \u00e8 un Istituto di ricovero e cura a carattere scientifico, il che lo colloca tra quegli Enti che, oltre a dedicarsi all\u2019assistenza, vengono misurati anche sugli aspetti attinenti alla ricerca e quindi al progresso, con priorit\u00e0 assoluta al paziente e alla sua sicurezza. Questo importante riconoscimento attesta che il lavoro dei professionisti insieme agli investimenti fatti in questi ultimi anni nelle apparecchiature in dotazione alla struttura stanno dando eccellenti risultati\u00bb.<\/p>\n<p> \t\u00a0<\/p>\n","protected":false},"excerpt":{"rendered":"<p>Il reparto di Radiologia Pediatrica guidato dal dottor Claudio Granata garantisce il massimo livello di sicurezza<\/p>\n","protected":false},"author":28,"featured_media":50402,"comment_status":"closed","ping_status":"closed","sticky":false,"template":"","format":"standard","meta":{"dwc-title":[],"dwc-content":[],"footnotes":""},"categories":[6],"tags":[],"class_list":["post-50401","post","type-post","status-publish","format-standard","has-post-thumbnail","hentry","category-societa"],"rttpg_featured_image_url":{"full":["https:\/\/imagazine.it\/wp-content\/uploads\/2024\/02\/55115-1.webp",1000,750,false],"landscape":["https:\/\/imagazine.it\/wp-content\/uploads\/2024\/02\/55115-1.webp",1000,750,false],"portraits":["https:\/\/imagazine.it\/wp-content\/uploads\/2024\/02\/55115-1.webp",1000,750,false],"thumbnail":["https:\/\/imagazine.it\/wp-content\/uploads\/2024\/02\/55115-1-150x150.webp",150,150,true],"medium":["https:\/\/imagazine.it\/wp-content\/uploads\/2024\/02\/55115-1-300x225.webp",300,225,true],"large":["https:\/\/imagazine.it\/wp-content\/uploads\/2024\/02\/55115-1.webp",640,480,false],"thumblist":["https:\/\/imagazine.it\/wp-content\/uploads\/2024\/02\/55115-1-300x300.webp",300,300,true],"thumbrelated":["https:\/\/imagazine.it\/wp-content\/uploads\/2024\/02\/55115-1-500x500.webp",500,500,true],"meccarouselthumb":["https:\/\/imagazine.it\/wp-content\/uploads\/2024\/02\/55115-1-474x324.webp",474,324,true],"gridsquare":["https:\/\/imagazine.it\/wp-content\/uploads\/2024\/02\/55115-1-391x260.webp",391,260,true],"tileview":["https:\/\/imagazine.it\/wp-content\/uploads\/2024\/02\/55115-1-300x400.webp",300,400,true],"1536x1536":["https:\/\/imagazine.it\/wp-content\/uploads\/2024\/02\/55115-1.webp",1000,750,false],"2048x2048":["https:\/\/imagazine.it\/wp-content\/uploads\/2024\/02\/55115-1.webp",1000,750,false],"newsup-slider-full":["https:\/\/imagazine.it\/wp-content\/uploads\/2024\/02\/55115-1-1000x720.webp",1000,720,true],"newsup-featured":["https:\/\/imagazine.it\/wp-content\/uploads\/2024\/02\/55115-1.webp",1000,750,false],"newsup-medium":["https:\/\/imagazine.it\/wp-content\/uploads\/2024\/02\/55115-1-720x380.webp",720,380,true],"tptn_thumbnail":["https:\/\/imagazine.it\/wp-content\/uploads\/2024\/02\/55115-1.webp",250,188,false],"sow-carousel-default":["https:\/\/imagazine.it\/wp-content\/uploads\/2024\/02\/55115-1.webp",243,182,false]},"rttpg_author":{"display_name":"redazione","author_link":"https:\/\/imagazine.it\/home_desk\/author\/redazione\/"},"rttpg_comment":0,"rttpg_category":"<a href=\"https:\/\/imagazine.it\/home_desk\/category\/societa\/\" rel=\"category tag\">SOCIET\u00c0<\/a>","rttpg_excerpt":"Il reparto di Radiologia Pediatrica guidato dal dottor Claudio Granata garantisce il massimo livello di sicurezza","_links":{"self":[{"href":"https:\/\/imagazine.it\/home_desk\/wp-json\/wp\/v2\/posts\/50401","targetHints":{"allow":["GET"]}}],"collection":[{"href":"https:\/\/imagazine.it\/home_desk\/wp-json\/wp\/v2\/posts"}],"about":[{"href":"https:\/\/imagazine.it\/home_desk\/wp-json\/wp\/v2\/types\/post"}],"author":[{"embeddable":true,"href":"https:\/\/imagazine.it\/home_desk\/wp-json\/wp\/v2\/users\/28"}],"replies":[{"embeddable":true,"href":"https:\/\/imagazine.it\/home_desk\/wp-json\/wp\/v2\/comments?post=50401"}],"version-history":[{"count":0,"href":"https:\/\/imagazine.it\/home_desk\/wp-json\/wp\/v2\/posts\/50401\/revisions"}],"wp:featuredmedia":[{"embeddable":true,"href":"https:\/\/imagazine.it\/home_desk\/wp-json\/wp\/v2\/media\/50402"}],"wp:attachment":[{"href":"https:\/\/imagazine.it\/home_desk\/wp-json\/wp\/v2\/media?parent=50401"}],"wp:term":[{"taxonomy":"category","embeddable":true,"href":"https:\/\/imagazine.it\/home_desk\/wp-json\/wp\/v2\/categories?post=50401"},{"taxonomy":"post_tag","embeddable":true,"href":"https:\/\/imagazine.it\/home_desk\/wp-json\/wp\/v2\/tags?post=50401"}],"curies":[{"name":"wp","href":"https:\/\/api.w.org\/{rel}","templated":true}]}}