{"id":50387,"date":"2023-11-14T00:00:00","date_gmt":"2023-11-13T23:00:00","guid":{"rendered":"https:\/\/imagazine.it\/sviluppo-rurale-nuovi-bandi-per-le-aziende-agricole-del-fvg\/"},"modified":"2023-11-14T00:00:00","modified_gmt":"2023-11-13T23:00:00","slug":"sviluppo-rurale-nuovi-bandi-per-le-aziende-agricole-del-fvg","status":"publish","type":"post","link":"https:\/\/imagazine.it\/home_desk\/sviluppo-rurale-nuovi-bandi-per-le-aziende-agricole-del-fvg\/","title":{"rendered":"Sviluppo rurale, nuovi bandi per le Aziende agricole del FVG"},"content":{"rendered":"<p> \tPORDENONE \u2013 Sono <strong>tre i nuovi bandi rivolti alle aziende agricole della regione<\/strong> che stanno per uscire, due dei quali entro la fine di novembre: il primo focalizzato sugli investimenti produttivi agricoli per la competitivit\u00e0 delle aziende agricole (SRD01), il secondo sugli investimenti produttivi agricoli per ambiente, clima e benessere animale (SRD02) con un focus specifico sull\u2019efficientamento irriguo.<\/p>\n<p> \tA questi si aggiunger\u00e0 anche un terzo bando (uscita da definire), a valere su fondi del Pnrr, che prevede l&#8217;acquisto di mezzi fuoristrada elettrici (trattori) e attrezzatura per l\u2019agricoltura di precisione.<\/p>\n<p> \tA renderlo noto in occasione di un convegno alla<strong> 4<\/strong><strong>\u00aa<\/strong><strong> edizione della rassegna Rive a Pordenone. <\/strong>\u00e8 stato <strong>Gabriele Iacolettig<\/strong>, nuova Autorit\u00e0 di gestione regionale del Complemento di sviluppo rurale del Fvg nell&#8217;ambito del Ps Pac 2023-2027, Piano strategico della Politica agricola comune, ma anche autorit\u00e0 di gestione del Psr 2014-2022, che per la parte di erogazione dei fondi proseguir\u00e0 fino al 2025.<\/p>\n<p> \t\u201cI primi due bandi (SRD01 e SRD02) riguardano misure strutturali richieste dal territorio \u2013 ha spiegato Iacolettig \u2013 la prima legata agli investimenti produttivi delle attivit\u00e0 agricole, dalle attrezzature ai miglioramenti fondiari, il cui budget generale vale 42,7 milioni da suddividere anche con un secondo bando in prosieguo di programmazione; la seconda \u00e8 relativa all&#8217;efficientamento degli impianti irrigui esistenti, molto importante visto l&#8217;andamento climatico, e su questo ci sono 4 milioni di spesa pubblica\u201d. Il terzo bando di 8 milioni a valere sul Pnrr, ha puntualizzato l&#8217;AdG, \u00e8 invece \u201cfocalizzato sull&#8217;attrezzatura, prevede l&#8217;acquisto di trattori elettrici, nel limite di 70.000 euro per azienda, ma anche l&#8217;integrazione degli impianti irrigui con sistemi di precisione, o l&#8217;acquisto di attrezzature 4.0, la cosiddetta agricoltura di precisione\u201d. Per definire l&#8217;uscita di quest&#8217;ultimo bando mancano, riferisce Iacolettig, \u201calcuni chiarimenti necessari che attendiamo dal Ministero\u201d.<\/p>\n<p> \tI nuovi bandi sono stati presentati nel contesto di un&#8217;analisi dettagliata e completa della nuova Politica Agricola Comune (PAC) in Friuli Venezia Giulia, condotta sempre da Gabriele Iacolettig della Direzione centrale risorse agroalimentari, forestali e ittiche, seguita dalla presentazione del nuovo OPR., Organismo pagatore regionale, da parte del suo direttore <strong>Karen Miniutti<\/strong>.<\/p>\n<p> \t\u201cLa Pac \u2013 spiega Iacolettig \u2013 ha avuto una svolta importante con il quinquennio 2023-2027 perch\u00e9 mentre prima era organizzata in una parte a livello nazionale con il \u201cfondo garanzia\u201d, quindi pagamenti diretti e \u201corganizzazione comune di mercati\u201d, e nella parte dello sviluppo rurale, declinata a livello regionale, ora ha cambiato assetto ed \u00e8 diventata un regolamento unico, dunque si parla di un Ps Pac nazionale, all&#8217;interno del quale le Regioni hanno un proprio Complemento di sviluppo rurale in cui vanno di fatto a declinare sul territorio gli interventi che vengono definiti a livello nazionale\u201d.<\/p>\n<p> \tIn termini di interventi, ha detto l&#8217;AdGr, \u201ccon la nuova Pac aumenta la dotazione a parit\u00e0 di interventi sul territorio, il Fvg ha ottenuto un incremento del proprio budget in termini percentuali rispetto al programma nazionale e, dal punto di vista della ricaduta in termini economici, un leggero incremento rispetto al 2014-22, della dotazione annuale: si passa infatti dai 43 milioni ai 45,5 milioni l&#8217;anno\u201d.<\/p>\n<p> \tL&#8217;Autorit\u00e0 di Gestione ha sottolineato che il Complemento di sviluppo rurale del Fvg \u201c\u00e8 stato scritto insieme al territorio, e parallelamente alla scrittura del Ps Pac l&#8217;assessore regionale alle Risorse agroalimentari forestali e ittiche Stefano Zannier ha voluto portare avanti un percorso di consultazione, partito all&#8217;inizio del 2020 e terminato con l&#8217;approvazione del Complemento a gennaio 2023. Le linee approvate sono state quelle di garantire il sostegno ai giovani, garantire una dotazione importante all&#8217;agro-climatico ambientale e un sostegno adeguato al sistema produttivo anche in un&#8217;ottica di sostenibilit\u00e0, e inoltre, risorse importanti sono state messe per le imprese agricole e il settore dell&#8217;agroindustria\u201d.<\/p>\n<p> \tIn termini di pagamenti, finora il Psr Fvg (ora Complemento di Sviluppo Rurale &#8211; Csr) ha avuto come punto di riferimento per i pagamenti Agea, Agenzia generale per le erogazioni in agricoltura. \u201cL&#8217;assessorato ha voluto fare una scelta forte, spinto dal territorio \u2013 ha spiegato Iacolettig \u2013 e cio\u00e8 staccarsi da Agea per la prossima programmazione e costituire un organismo pagatore proprio del Fvg, OPR, l&#8217;idea \u00e8 riuscire a dare una risposta pi\u00f9 rapida, ma siamo agli inizi \u2013 ha aggiunto Iacolettig \u2013 la vecchia programmazione continuer\u00e0 fino al 2025 con Agea. Siamo gi\u00e0 partiti sui nuovi sistemi OPR con la misura rivolta ai giovani, un&#8217;esperienza positiva che ha visto una notevole semplificazione del sistema informativo, quindi siamo fiduciosi per il futuro\u201d.<\/p>\n<p> \tOltre a illustrare i bandi di prossima pubblicazione, Iacolettig ha anche delineato alcune prospettive del Csr per i primi mesi del 2024. \u201cDal primo gennaio 2024 \u2013 ha anticipato \u2013 usciremo con le misure destinate all&#8217;agro-climatico ambientale e all&#8217;agricoltura biologica e integrata, in sostanza tutte le misure a superficie. Essendo un impegno quinquennale, che andr\u00e0 a coprire tutta la programmazione, sar\u00e0 one-shot, quindi per le imprese che vogliano partecipare \u2013 ha suggerito \u2013 sar\u00e0 meglio aderire subito per non perdere un&#8217;importante integrazione al reddito\u201d.<\/p>\n<p> \tPer i giovani (fino ai 40 anni), Iacolettig ha infine ricordato che \u201c\u00e8 stato appena chiuso il bando 2023. Annualmente verr\u00e0 aperto un nuovo bando, con un premio di 70.000 \u20ac uguale per tutti, dalla pianura alla montagna, collegato a un investimento agricolo\u201d.<\/p>\n<p> \t\u00a0<\/p>\n","protected":false},"excerpt":{"rendered":"<p>Garantiranno risorse per innovazione e competitivit\u00e0. Due usciranno entro la fine di novembre, un terzo pi\u00f9 avanti<\/p>\n","protected":false},"author":28,"featured_media":50388,"comment_status":"closed","ping_status":"closed","sticky":false,"template":"","format":"standard","meta":{"dwc-title":[],"dwc-content":[],"footnotes":""},"categories":[5],"tags":[],"class_list":["post-50387","post","type-post","status-publish","format-standard","has-post-thumbnail","hentry","category-attualita"],"rttpg_featured_image_url":{"full":["https:\/\/imagazine.it\/wp-content\/uploads\/2024\/02\/55095-1.webp",1000,750,false],"landscape":["https:\/\/imagazine.it\/wp-content\/uploads\/2024\/02\/55095-1.webp",1000,750,false],"portraits":["https:\/\/imagazine.it\/wp-content\/uploads\/2024\/02\/55095-1.webp",1000,750,false],"thumbnail":["https:\/\/imagazine.it\/wp-content\/uploads\/2024\/02\/55095-1-150x150.webp",150,150,true],"medium":["https:\/\/imagazine.it\/wp-content\/uploads\/2024\/02\/55095-1-300x225.webp",300,225,true],"large":["https:\/\/imagazine.it\/wp-content\/uploads\/2024\/02\/55095-1.webp",640,480,false],"thumblist":["https:\/\/imagazine.it\/wp-content\/uploads\/2024\/02\/55095-1-300x300.webp",300,300,true],"thumbrelated":["https:\/\/imagazine.it\/wp-content\/uploads\/2024\/02\/55095-1-500x500.webp",500,500,true],"meccarouselthumb":["https:\/\/imagazine.it\/wp-content\/uploads\/2024\/02\/55095-1-474x324.webp",474,324,true],"gridsquare":["https:\/\/imagazine.it\/wp-content\/uploads\/2024\/02\/55095-1-391x260.webp",391,260,true],"tileview":["https:\/\/imagazine.it\/wp-content\/uploads\/2024\/02\/55095-1-300x400.webp",300,400,true],"1536x1536":["https:\/\/imagazine.it\/wp-content\/uploads\/2024\/02\/55095-1.webp",1000,750,false],"2048x2048":["https:\/\/imagazine.it\/wp-content\/uploads\/2024\/02\/55095-1.webp",1000,750,false],"newsup-slider-full":["https:\/\/imagazine.it\/wp-content\/uploads\/2024\/02\/55095-1-1000x720.webp",1000,720,true],"newsup-featured":["https:\/\/imagazine.it\/wp-content\/uploads\/2024\/02\/55095-1.webp",1000,750,false],"newsup-medium":["https:\/\/imagazine.it\/wp-content\/uploads\/2024\/02\/55095-1-720x380.webp",720,380,true],"tptn_thumbnail":["https:\/\/imagazine.it\/wp-content\/uploads\/2024\/02\/55095-1.webp",250,188,false],"sow-carousel-default":["https:\/\/imagazine.it\/wp-content\/uploads\/2024\/02\/55095-1.webp",243,182,false]},"rttpg_author":{"display_name":"redazione","author_link":"https:\/\/imagazine.it\/home_desk\/author\/redazione\/"},"rttpg_comment":0,"rttpg_category":"<a href=\"https:\/\/imagazine.it\/home_desk\/category\/attualita\/\" rel=\"category tag\">ATTUALIT\u00c0<\/a>","rttpg_excerpt":"Garantiranno risorse per innovazione e competitivit\u00e0. Due usciranno entro la fine di novembre, un terzo pi\u00f9 avanti","_links":{"self":[{"href":"https:\/\/imagazine.it\/home_desk\/wp-json\/wp\/v2\/posts\/50387","targetHints":{"allow":["GET"]}}],"collection":[{"href":"https:\/\/imagazine.it\/home_desk\/wp-json\/wp\/v2\/posts"}],"about":[{"href":"https:\/\/imagazine.it\/home_desk\/wp-json\/wp\/v2\/types\/post"}],"author":[{"embeddable":true,"href":"https:\/\/imagazine.it\/home_desk\/wp-json\/wp\/v2\/users\/28"}],"replies":[{"embeddable":true,"href":"https:\/\/imagazine.it\/home_desk\/wp-json\/wp\/v2\/comments?post=50387"}],"version-history":[{"count":0,"href":"https:\/\/imagazine.it\/home_desk\/wp-json\/wp\/v2\/posts\/50387\/revisions"}],"wp:featuredmedia":[{"embeddable":true,"href":"https:\/\/imagazine.it\/home_desk\/wp-json\/wp\/v2\/media\/50388"}],"wp:attachment":[{"href":"https:\/\/imagazine.it\/home_desk\/wp-json\/wp\/v2\/media?parent=50387"}],"wp:term":[{"taxonomy":"category","embeddable":true,"href":"https:\/\/imagazine.it\/home_desk\/wp-json\/wp\/v2\/categories?post=50387"},{"taxonomy":"post_tag","embeddable":true,"href":"https:\/\/imagazine.it\/home_desk\/wp-json\/wp\/v2\/tags?post=50387"}],"curies":[{"name":"wp","href":"https:\/\/api.w.org\/{rel}","templated":true}]}}