{"id":50375,"date":"2023-11-13T00:00:00","date_gmt":"2023-11-12T23:00:00","guid":{"rendered":"https:\/\/imagazine.it\/bambini-sotto-le-bombe-trieste-si-chiede-nuovamente-perche\/"},"modified":"2023-11-13T00:00:00","modified_gmt":"2023-11-12T23:00:00","slug":"bambini-sotto-le-bombe-trieste-si-chiede-nuovamente-perche","status":"publish","type":"post","link":"https:\/\/imagazine.it\/home_desk\/bambini-sotto-le-bombe-trieste-si-chiede-nuovamente-perche\/","title":{"rendered":"Bambini sotto le bombe, Trieste si chiede nuovamente perch\u00e8"},"content":{"rendered":"<p> \tTRIESTE \u2013 Bambini ucraini che nascono nei sotterranei dell\u2019ospedale sotto le bombe della guerra. Bambini che crescono tra i muri del carcere siriano in cui sono detenute le madri ex appartenenti allo stato islamico. Bambini denutriti come i loro genitori nell\u2019Afghanistan in piena crisi economica, ma anche bambini e ragazzi occidentali dalla salute e dalla psiche danneggiate dall\u2019iperconnessione e dalla dipendenza dai social. E le nonne argentine di Plaza de Mayo che quasi cinquant\u2019anni dopo continuano a indagare sulla scomparsa dei nipoti sotto il regime militare.<\/p>\n<p> \tSono i temi dei servizi vincitori del <strong>Premio giornalistico internazionale Marco Luchetta<\/strong>, dedicato alla troupe Rai trucidata da una granata a Mostar nel 1994 mentre realizzava un servizio sui bambini senza nome. Oltre a <strong>Marco Luchetta<\/strong> perirono <strong>Alessandro Sa\u0161a Ota<\/strong> e <strong>Dario D\u2019Angelo<\/strong>. Il Premio onora anche la memoria di <strong>Miran Hrovatin<\/strong>, assassinato a Mogadiscio con Ilaria Alpi nello stesso anno.<\/p>\n<p> \tLa manifestazione, promossa annualmente per sostenere la sensibilizzazione sull\u2019infanzia violata e minacciata in tutto il mondo, \u00e8 giunta alla ventesima edizione. <strong>Dal 17 al 19 novembre<\/strong> Trieste diventa la capitale del giornalismo che denuncia e si interroga sui problemi del mondo, aprendosi anche alla strettissima drammatica attualit\u00e0 del conflitto israelo-palestinese con un focus nella serata di apertura di venerd\u00ec 17. Sabato 18 una serie di incontri sui temi delle conseguenze dei cambiamenti climatici nelle esistenze di centinaia di milioni di persone nel sud del mondo, dei conflitti dimenticati, di quelli sotto gli occhi di tutti, degli scomparsi sotto le dittature o nelle rotte migratorie e delle condizioni giovanili a rischio anche nelle aree di maggiore benessere.<\/p>\n<p> \tTra gli esperti internazionali che interverranno, c\u2019\u00e8 il climatologo <strong>Filippo Giorgi<\/strong>, <strong>Premio Nobel per la pace 2007<\/strong>, mentre <strong>Riccardo Iacona<\/strong>, conduttore di <em>Presa Diretta<\/em> su Rai3, presenter\u00e0 nel sessantennale della tragedia il libro <strong>\u201cMai pi\u00f9 Vajont\u201d<\/strong> (Fuoriscena) curato insieme a <strong>Paolo Di Stefano<\/strong> inviato del Corriere della Sera.<\/p>\n<p> \tI <strong>vincitori<\/strong> del Premio giornalistico internazionale Marco Luchetta 2023 sono: <strong>Vincenzo Frenda<\/strong> del TG2, nella categoria TVNews con <strong>\u201cLa vita che nasce sotto terra\u201d<\/strong>, servizio dall\u2019ospedale di Zythomyr in Ucraina, dove il reparto maternit\u00e0 \u00e8 stato spostato nel sottosuolo e i bambini vengono al mondo tra continui rischi di esplosioni e black-out; <strong>Celine Martelet<\/strong> di Middle East Eyes, nella categoria Stampa internazionale con <strong>\u201cSyria: Abandoned by their countries, children of Islamic State women educated in prison\u201d<\/strong>, racconto della dura vita delle donne straniere, detenute in una prigione del nord-est della Siria, assieme ai loro figli; <strong>Marco Gualazzini<\/strong>, di InsideOver, nella categoria Fotografia con <strong>\u201cFame di sanzioni \u2013 e questo sar\u00e0 il nostro Afghanistan\u201d<\/strong>, che documenta il dramma di Shazia Saydi, madre di sette figli che non riesce a garantire le cure necessarie alla sua piccola Setayesh, sofferente di malnutrizione acuta; <strong>Sabrina Carreras<\/strong>, <strong>Lisa Iotti<\/strong>, <strong>Irene Sicurella<\/strong> e <strong>Antonella Bottini<\/strong> di Presa Diretta Rai3, nella categoria Reportage con <strong>\u201cLa scatola Nera\u201d<\/strong>, analisi delle gravi conseguenze che l\u2019abuso di internet e social produce nei giovanissimi dai 9 ai 20 anni tra modificazioni della struttura celebrale e boom di ansia, depressione e rabbia e allo stesso tempo viaggio nelle scuole che hanno cominciato a mettere in pratica esperienze di educazione e prevenzione; <strong>Elena Basso<\/strong>, di Repubblica, nella categoria Stampa italiana con <strong>\u201cL\u2019Argentina ti cerca\u201d<\/strong>, resoconto dell\u2019ostinazione delle nonne che non hanno smesso di cercare la verit\u00e0 sui nipoti scomparsi nell\u2019Argentina degli anni Settanta. I premi, assegnati da una giuria composta da autorevoli giornalisti e direttori di testata e presieduta da <strong>Maria Concetta Mattei<\/strong>, verranno consegnati nella giornata conclusiva di domenica 19 al Teatro Miela condotta dalla giornalista <strong>Marinella Chirico<\/strong>. Molti altri sono stati i temi trattati dai finalisti: l\u2019abuso e l\u2019abbandono di bambini disabili nell\u2019Ucraina in guerra, i bambini drogati e criminali della Liberia, l\u2019emarginazione nelle zone ad alta delinquenza della civilissima Svezia, il dramma dei rifugiati siriani in Turchia, le mutilazioni genitali femminili in Kenya, la vita dei piccoli malati di cancro per le conseguenze di Cernobyl, le storie del carcere minorile Malaspina di Palermo.<\/p>\n<p> \tLa tre giorni del Premio sar\u00e0 aperta venerd\u00ec 17 alle ore 18 all\u2019Auditorium del Museo Revoltella con un focus sul tema del conflitto israelo-palestinese intitolato <strong>\u201cLa guerra cancella i bambini e le bambine: un premio per riaccendere la luce\u201d<\/strong> condotto da Maria Concetta Mattei, presidente di Giuria, direttrice della Scuola di Giornalismo di Perugia e volto storico del TG2 e della TV italiana, con la partecipazione di <strong>Daniela Schifani Corfini Luchetta<\/strong>, presidente della Fondazione Luchetta Ota D\u2019Angelo Hrovatin, che si concentrer\u00e0 sulle attivit\u00e0 della Fondazione e sul perch\u00e9 vent\u2019anni dopo abbia ancora un senso promuovere un premio giornalistico. A seguire, i contributi di <strong>Luisa Morgantini<\/strong>, gi\u00e0 vicepresidente del Parlamento europeo con l\u2019incarico alle politiche europee per l\u2019Africa e i diritti umani e fondatrice e membro della Delegazione per le relazioni con il Consiglio legislativo palestinesi, di <strong>Francesco Battistini<\/strong>, inviato del Corriere della Sera e scrittore, di <strong>Anna Maria Selini<\/strong>, giornalista autrice del podcast \u201cOslo 30\u201d sulla pace mancata tra israeliani e palestinesi, del giornalista israeliano <strong>Haggai Matar<\/strong> e della giornalista palestinese <strong>Rawan Odeh Odeh<\/strong> in collegamento con l\u2019auditorium.<\/p>\n<p> \tLa giornata di sabato, in programma al Teatro Miela, sar\u00e0 dedicata agli approfondimenti sull\u2019attualit\u00e0 con cinque panel. <strong>\u201cIl tempo \u00e8 finito\u201d<\/strong> con il climatologo Premio Nobel <strong>Filippo Giorgi <\/strong>e <strong>Nadia Zicoschi<\/strong> di Tv7 e TG1, <strong>tratter\u00e0 le ripercussioni dei cambiamenti climatici nelle zone povere del mondo <\/strong>tra crollo delle aspettative di vita, migrazioni forzate e abbandono scolastico. <strong>\u201cUcraina 21 mesi dopo\u201d<\/strong>, con <strong>Vincenzo Frenda<\/strong> del TG2, <strong>Luciana Coluccello<\/strong> di Piazzapulita-LA7, <strong>Dan Johnson<\/strong> di BBC News e <strong>Martina Pluda<\/strong>, direttrice per l&#8217;Italia di Human Society International, organizzazione internazionale per la protezione degli animali, sar\u00e0 un <strong>focus sui problemi dell\u2019infanzia in Ucraina<\/strong>. <strong>\u201cPer fare un albero ci vuole un bambino\u201d<\/strong> si concentrer\u00e0 sul <strong>ruolo dell\u2019informazione nella promozione della letteratura per l\u2019infanzia<\/strong>, in vista del 39\u00b0 Congresso di IBBY International, in programma a Trieste dal 30 agosto al 1 settembre 2024. A intervenire <strong>Elisabetta Lippolis<\/strong>, formatrice ed educatrice alla lettura, vice presidente di IBBY Italia. <strong>\u201cCi sono guerre che non fanno pi\u00f9 notizia\u201d<\/strong> con <strong>Celine Martelet<\/strong> di Middle East Eyes, <strong>Fermin Torrano<\/strong> di Nuestro Tiempo e <strong>Marco Gaulazzini<\/strong> di InsideOver, <strong>inquadrer\u00e0 le violenze contro l\u2019infanzia nelle zone di guerra ignorate dalla considerazione internazionale<\/strong>. <strong>\u201cSparire all\u2019improvviso\u201d<\/strong>, con <strong>Elena Basso<\/strong> di Repubblica, <strong>Raffaella Cosentino<\/strong> di RaiNews, <strong>Alessandra Ballerini<\/strong>, avvocata per i diritti umani e legale della famiglia di Giulio Regeni, e <strong>Gianfranco Schiavone<\/strong>, presidente di Ics-Consorzio italiano di solidariet\u00e0, <strong>porter\u00e0 l\u2019attenzione sulle morti e le scomparse di massa<\/strong> in un mondo pur globalizzato e dominato dai social. <strong>\u201cLa societ\u00e0 fragile\u201d<\/strong> con <strong>Lisa Iotti<\/strong>, <strong>Sabrina Carreras<\/strong>, <strong>Irene Sicurella<\/strong>, <strong>Antonella Bottini<\/strong> di Presa Diretta Rai3 e <strong>Sabrina Pisu <\/strong>dell\u2019Espresso, <strong>evidenzier\u00e0 le molte diverse vulnerabilit\u00e0 delle \u201cperiferie esistenziali\u201d del nostro Paese e dell\u2019Europa pi\u00f9 evoluta<\/strong>. Nel corso della serata sar\u00e0 presentato anche il libro <strong>\u201cMai pi\u00f9 Vajont\u201d <\/strong>(Fuoriscena), di <strong>Riccardo Iacona<\/strong> e <strong>Paolo di Stefano<\/strong>: un volume completo su una delle pi\u00f9 grandi tragedie dell\u2019Italia di cui ricorre il sessantennale, con gli articoli e i reportage pi\u00f9 importanti sul caso, la ricostruzione della lunga battaglia giudiziaria, delle strumentalizzazioni politiche, della sprezzante indifferenza verso la gente comune e delle connivenze tra funzionari pubblici e gruppi industriali, la discriminazione nei confronti di Tina Merlin e la lezione ancora attuale alla luce dell\u2019incombente crisi ambientale.<\/p>\n<p> \tTutti gli eventi e panel sono prenotabili gratuitamente tramite la piattaforma eventbrite sul sito <u><a href=\"http:\/\/www.premioluchetta.com\" target=\"_blank\" rel=\"noopener\"><span style=\"color:#0000cd;\">www.premioluchetta.com<\/span><\/a><\/u><\/p>\n<p> \t\u00a0<\/p>\n","protected":false},"excerpt":{"rendered":"<p>Da venerd\u00ec tre giornate di approfondimenti con importanti firme del giornalismo nazionale e internazionale ed esperti del settore su drammatici temi di attualit\u00e0<\/p>\n","protected":false},"author":28,"featured_media":50376,"comment_status":"closed","ping_status":"closed","sticky":false,"template":"","format":"standard","meta":{"dwc-title":[],"dwc-content":[],"footnotes":""},"categories":[37],"tags":[],"class_list":["post-50375","post","type-post","status-publish","format-standard","has-post-thumbnail","hentry","category-cultura-e-spettacolo"],"rttpg_featured_image_url":{"full":["https:\/\/imagazine.it\/wp-content\/uploads\/2024\/02\/55069-1.webp",1000,667,false],"landscape":["https:\/\/imagazine.it\/wp-content\/uploads\/2024\/02\/55069-1.webp",1000,667,false],"portraits":["https:\/\/imagazine.it\/wp-content\/uploads\/2024\/02\/55069-1.webp",1000,667,false],"thumbnail":["https:\/\/imagazine.it\/wp-content\/uploads\/2024\/02\/55069-1-150x150.webp",150,150,true],"medium":["https:\/\/imagazine.it\/wp-content\/uploads\/2024\/02\/55069-1-300x200.webp",300,200,true],"large":["https:\/\/imagazine.it\/wp-content\/uploads\/2024\/02\/55069-1.webp",640,427,false],"thumblist":["https:\/\/imagazine.it\/wp-content\/uploads\/2024\/02\/55069-1-300x300.webp",300,300,true],"thumbrelated":["https:\/\/imagazine.it\/wp-content\/uploads\/2024\/02\/55069-1-500x500.webp",500,500,true],"meccarouselthumb":["https:\/\/imagazine.it\/wp-content\/uploads\/2024\/02\/55069-1-474x324.webp",474,324,true],"gridsquare":["https:\/\/imagazine.it\/wp-content\/uploads\/2024\/02\/55069-1-391x260.webp",391,260,true],"tileview":["https:\/\/imagazine.it\/wp-content\/uploads\/2024\/02\/55069-1-300x400.webp",300,400,true],"1536x1536":["https:\/\/imagazine.it\/wp-content\/uploads\/2024\/02\/55069-1.webp",1000,667,false],"2048x2048":["https:\/\/imagazine.it\/wp-content\/uploads\/2024\/02\/55069-1.webp",1000,667,false],"newsup-slider-full":["https:\/\/imagazine.it\/wp-content\/uploads\/2024\/02\/55069-1.webp",1000,667,false],"newsup-featured":["https:\/\/imagazine.it\/wp-content\/uploads\/2024\/02\/55069-1.webp",1000,667,false],"newsup-medium":["https:\/\/imagazine.it\/wp-content\/uploads\/2024\/02\/55069-1-720x380.webp",720,380,true],"tptn_thumbnail":["https:\/\/imagazine.it\/wp-content\/uploads\/2024\/02\/55069-1.webp",250,167,false],"sow-carousel-default":["https:\/\/imagazine.it\/wp-content\/uploads\/2024\/02\/55069-1.webp",272,182,false]},"rttpg_author":{"display_name":"redazione","author_link":"https:\/\/imagazine.it\/home_desk\/author\/redazione\/"},"rttpg_comment":0,"rttpg_category":"<a href=\"https:\/\/imagazine.it\/home_desk\/category\/cultura-e-spettacolo\/\" rel=\"category tag\">CULTURA&amp;SPETTACOLO<\/a>","rttpg_excerpt":"Da venerd\u00ec tre giornate di approfondimenti con importanti firme del giornalismo nazionale e internazionale ed esperti del settore su drammatici temi di attualit\u00e0","_links":{"self":[{"href":"https:\/\/imagazine.it\/home_desk\/wp-json\/wp\/v2\/posts\/50375","targetHints":{"allow":["GET"]}}],"collection":[{"href":"https:\/\/imagazine.it\/home_desk\/wp-json\/wp\/v2\/posts"}],"about":[{"href":"https:\/\/imagazine.it\/home_desk\/wp-json\/wp\/v2\/types\/post"}],"author":[{"embeddable":true,"href":"https:\/\/imagazine.it\/home_desk\/wp-json\/wp\/v2\/users\/28"}],"replies":[{"embeddable":true,"href":"https:\/\/imagazine.it\/home_desk\/wp-json\/wp\/v2\/comments?post=50375"}],"version-history":[{"count":0,"href":"https:\/\/imagazine.it\/home_desk\/wp-json\/wp\/v2\/posts\/50375\/revisions"}],"wp:featuredmedia":[{"embeddable":true,"href":"https:\/\/imagazine.it\/home_desk\/wp-json\/wp\/v2\/media\/50376"}],"wp:attachment":[{"href":"https:\/\/imagazine.it\/home_desk\/wp-json\/wp\/v2\/media?parent=50375"}],"wp:term":[{"taxonomy":"category","embeddable":true,"href":"https:\/\/imagazine.it\/home_desk\/wp-json\/wp\/v2\/categories?post=50375"},{"taxonomy":"post_tag","embeddable":true,"href":"https:\/\/imagazine.it\/home_desk\/wp-json\/wp\/v2\/tags?post=50375"}],"curies":[{"name":"wp","href":"https:\/\/api.w.org\/{rel}","templated":true}]}}