{"id":50371,"date":"2023-11-06T00:00:00","date_gmt":"2023-11-05T23:00:00","guid":{"rendered":"https:\/\/imagazine.it\/la-foto-di-sergio-ioan-vince-ad-aiello\/"},"modified":"2023-11-06T00:00:00","modified_gmt":"2023-11-05T23:00:00","slug":"la-foto-di-sergio-ioan-vince-ad-aiello","status":"publish","type":"post","link":"https:\/\/imagazine.it\/home_desk\/la-foto-di-sergio-ioan-vince-ad-aiello\/","title":{"rendered":"La foto di Sergio Ioan vince ad Aiello"},"content":{"rendered":"<p> \tAIELLO DEL FRIULI \u2013 In occasione della 208<sup>a<\/sup> Fiera di San Carlo si \u00e8 tenuta come consuetudine una <strong>mostra fotografica<\/strong>, organizzata dal \u201c<strong>Circolo Culturale Navarca<\/strong>\u201d, giunta alla 28<sup>a<\/sup> edizione &#8220;<em>Vota la foto pi\u00f9 bella &#8211; dettagli su edifici storici di Aiello e Joannis<\/em>\u201d.<\/p>\n<p> \tVentinove sono gli edifici storici presenti nel comune di Aiello e tante le case antiche. Tutti questi edifici offrono spunti di dettaglio che spesso sfuggono alla vista.<\/p>\n<p> \tLe immagini esposte, scattate da appassionati di fotografia, sono state 46 e ognuna manifesta bellezze che si possono riscoprire. 1.667 sono stati i voti espressi che hanno definito la classifica finale.<\/p>\n<p> \tLa foto pi\u00f9 bella e di gran lunga la pi\u00f9 votata, con 314 voti, \u00e8 stata la \u201c<em>Stanza mulino Novacco<\/em>\u201d dell\u2019autore <strong>Sergio Ioan<\/strong> di Palmanova. Seconda classificata, con 147 voti, \u00e8 risultata la \u201c<em>Finestrella in Villa d\u2019Attems<\/em>\u201d dell\u2019autrice <strong>Nicoletta Sgobbi<\/strong> di Aiello; infine si \u00e8 classificata terza, con 125 voti, la \u201c<em>Scala, Centa\/Casa del curato<\/em>\u201d di <strong>Igino Durisotti<\/strong> di Pasian di Prato.<\/p>\n<p> \tIl Circolo Culturale Navarca ha voluto ringraziare pubblicamente i 18 appassionati di fotografia che hanno partecipato all\u2019iniziativa e tutti i votanti che hanno contribuito al successo dell\u2019iniziativa.<\/p>\n<p> \t\u00a0<\/p>\n","protected":false},"excerpt":{"rendered":"<p>Sul podio anche gli scatti di Nicoletta Sgobbi e Igino Durisotti. Partecipazione record per l&#8217;iniziativa promossa dal \u201cCircolo Culturale Navarca\u201d<\/p>\n","protected":false},"author":22,"featured_media":50372,"comment_status":"closed","ping_status":"closed","sticky":false,"template":"","format":"standard","meta":{"dwc-title":[],"dwc-content":[],"footnotes":""},"categories":[5],"tags":[],"class_list":["post-50371","post","type-post","status-publish","format-standard","has-post-thumbnail","hentry","category-attualita"],"rttpg_featured_image_url":{"full":["https:\/\/imagazine.it\/wp-content\/uploads\/2024\/02\/55067-1.webp",1000,667,false],"landscape":["https:\/\/imagazine.it\/wp-content\/uploads\/2024\/02\/55067-1.webp",1000,667,false],"portraits":["https:\/\/imagazine.it\/wp-content\/uploads\/2024\/02\/55067-1.webp",1000,667,false],"thumbnail":["https:\/\/imagazine.it\/wp-content\/uploads\/2024\/02\/55067-1-150x150.webp",150,150,true],"medium":["https:\/\/imagazine.it\/wp-content\/uploads\/2024\/02\/55067-1-300x200.webp",300,200,true],"large":["https:\/\/imagazine.it\/wp-content\/uploads\/2024\/02\/55067-1.webp",640,427,false],"thumblist":["https:\/\/imagazine.it\/wp-content\/uploads\/2024\/02\/55067-1-300x300.webp",300,300,true],"thumbrelated":["https:\/\/imagazine.it\/wp-content\/uploads\/2024\/02\/55067-1-500x500.webp",500,500,true],"meccarouselthumb":["https:\/\/imagazine.it\/wp-content\/uploads\/2024\/02\/55067-1-474x324.webp",474,324,true],"gridsquare":["https:\/\/imagazine.it\/wp-content\/uploads\/2024\/02\/55067-1-391x260.webp",391,260,true],"tileview":["https:\/\/imagazine.it\/wp-content\/uploads\/2024\/02\/55067-1-300x400.webp",300,400,true],"1536x1536":["https:\/\/imagazine.it\/wp-content\/uploads\/2024\/02\/55067-1.webp",1000,667,false],"2048x2048":["https:\/\/imagazine.it\/wp-content\/uploads\/2024\/02\/55067-1.webp",1000,667,false],"newsup-slider-full":["https:\/\/imagazine.it\/wp-content\/uploads\/2024\/02\/55067-1.webp",1000,667,false],"newsup-featured":["https:\/\/imagazine.it\/wp-content\/uploads\/2024\/02\/55067-1.webp",1000,667,false],"newsup-medium":["https:\/\/imagazine.it\/wp-content\/uploads\/2024\/02\/55067-1-720x380.webp",720,380,true],"tptn_thumbnail":["https:\/\/imagazine.it\/wp-content\/uploads\/2024\/02\/55067-1.webp",250,167,false],"sow-carousel-default":["https:\/\/imagazine.it\/wp-content\/uploads\/2024\/02\/55067-1.webp",272,182,false]},"rttpg_author":{"display_name":"Livio Nonis","author_link":"https:\/\/imagazine.it\/home_desk\/author\/nonis\/"},"rttpg_comment":0,"rttpg_category":"<a href=\"https:\/\/imagazine.it\/home_desk\/category\/attualita\/\" rel=\"category tag\">ATTUALIT\u00c0<\/a>","rttpg_excerpt":"Sul podio anche gli scatti di Nicoletta Sgobbi e Igino Durisotti. Partecipazione record per l'iniziativa promossa dal \u201cCircolo Culturale Navarca\u201d","_links":{"self":[{"href":"https:\/\/imagazine.it\/home_desk\/wp-json\/wp\/v2\/posts\/50371","targetHints":{"allow":["GET"]}}],"collection":[{"href":"https:\/\/imagazine.it\/home_desk\/wp-json\/wp\/v2\/posts"}],"about":[{"href":"https:\/\/imagazine.it\/home_desk\/wp-json\/wp\/v2\/types\/post"}],"author":[{"embeddable":true,"href":"https:\/\/imagazine.it\/home_desk\/wp-json\/wp\/v2\/users\/22"}],"replies":[{"embeddable":true,"href":"https:\/\/imagazine.it\/home_desk\/wp-json\/wp\/v2\/comments?post=50371"}],"version-history":[{"count":0,"href":"https:\/\/imagazine.it\/home_desk\/wp-json\/wp\/v2\/posts\/50371\/revisions"}],"wp:featuredmedia":[{"embeddable":true,"href":"https:\/\/imagazine.it\/home_desk\/wp-json\/wp\/v2\/media\/50372"}],"wp:attachment":[{"href":"https:\/\/imagazine.it\/home_desk\/wp-json\/wp\/v2\/media?parent=50371"}],"wp:term":[{"taxonomy":"category","embeddable":true,"href":"https:\/\/imagazine.it\/home_desk\/wp-json\/wp\/v2\/categories?post=50371"},{"taxonomy":"post_tag","embeddable":true,"href":"https:\/\/imagazine.it\/home_desk\/wp-json\/wp\/v2\/tags?post=50371"}],"curies":[{"name":"wp","href":"https:\/\/api.w.org\/{rel}","templated":true}]}}