{"id":50345,"date":"2023-11-08T00:00:00","date_gmt":"2023-11-07T23:00:00","guid":{"rendered":"https:\/\/imagazine.it\/centro-del-riuso-via-libera-al-ritiro-gratuito-degli-oggetti\/"},"modified":"2023-11-08T00:00:00","modified_gmt":"2023-11-07T23:00:00","slug":"centro-del-riuso-via-libera-al-ritiro-gratuito-degli-oggetti","status":"publish","type":"post","link":"https:\/\/imagazine.it\/home_desk\/centro-del-riuso-via-libera-al-ritiro-gratuito-degli-oggetti\/","title":{"rendered":"Centro del Riuso, via libera al ritiro gratuito degli oggetti"},"content":{"rendered":"<p> \tBAGNARIA ARSA &#8211; \u00c8 attivo da pi\u00f9 di un mese il nuovo <strong>Centro Eco-Solidale del Riuso \u201c<em>Simpri util!<\/em>\u201d<\/strong> al servizio dei cittadini di <strong>Bagnaria Arsa, Palmanova, Aiello del Friuli e Torviscosa<\/strong>. Ora \u00e8 anche possibile effettuare il ritiro dei beni depositati all\u2019interno della struttura.<\/p>\n<p> \t<strong>\u00c8 previsto il ritiro gratuito di massimo 5 pezzi al mese<\/strong> (ad esempio un 1 set di tazzine da caff\u00e8 composto da 6 tazzine viene considerato 1 pezzo non divisibile). Sar\u00e0 possibile visionare i beni esposti all\u2019interno della struttura <u><a href=\"http:\/\/www.centrodelriuso.it\/store\/bagnaria-arsa\/prodotti\" target=\"_blank\" rel=\"noopener\"><span style=\"color:#0000cd;\">attraverso un sito web dedicato<\/span><\/a><\/u>.<\/p>\n<p> \tPotranno accedere all\u2019interno di <em>Simpri util!<\/em> tutti <strong>i cittadini residenti in Regione FVG, identificandosi con la tessera regionale dei servizi<\/strong>. Si ricorda che i cittadini al di fuori dei sopracitati comuni possono esclusivamente ritirare i beni depositati all\u2019interno della struttura, ma non conferirne.<\/p>\n<p> \tNel primo mese di apertura, sono stati portate varie tipologie di prodotti: per il 50,9% stoviglie e casalinghi, per il 30% giocattoli, per il 5,8% mobili, per il 5% elementi d\u2019arredo, per il 2,8% oggetti per bambini, per l\u20191,9% elettroutensili, per l\u20191,8% elettrodomestici e per lo 0.8% apparecchiature da ufficio. La <strong>maggior parte del conferimento \u00e8 stato fatto dai cittadini di Bagnaria Arsa<\/strong> (61%), seguita da Palmanova (29%), Aiello del Friuli (7%) e Torviscosa (3%).<\/p>\n<p> \tSituato a fianco al Centro di Raccolta Intercomunale di via Palmanova a Bagnaria Arsa, \u00e8 <strong>aperto ogni sabato, dalle ore 9.30 alle 12.30. <\/strong>A partire dal 1\u00b0 gennaio 2024, il Centro sar\u00e0 aperto ogni sabato dalle ore 9.30 alle ore 16.<\/p>\n<p> \t<strong>Il centro, realizzato ex novo per il progetto, nasce come prima struttura intercomunale in FVG<\/strong>. Un&#8217;idea partita da Palmanova e Bagnaria Arsa che ha poi incontrato la sensibilit\u00e0 e la lungimiranza dei Comuni di Aiello del Friuli e Torviscosa e, grazie al supporto della Regione, \u00e8 stata ora realizzata e aperta al pubblico.<\/p>\n<p> \t\u201cI sabati mattina ora i cittadini potranno venire al centro e dare nuova vita agli oggetti che altri cittadini hanno consegnato in queste settimane. Un ricircolo degli oggetti non pi\u00f9 utilizzati che limita la creazione di nuovi rifiuti e diventa utile per molte persone che hanno bisogno di questi oggetti. <em>Fai il solidale, riusa il materiale<\/em> \u00e8 la frase che bene riassume il significato di questo centro. Un luogo dove rendere gli oggetti \u201c<em>Simpri util!<\/em>\u201d, oggetti che a qualcuno non servono pi\u00f9, diventeranno nuovamente utili per altre persone\u201d, dichiara <strong>Elisa Pizzamiglio<\/strong>, sindaca di Bagnaria Arsa.<\/p>\n<p> \t\u201cL\u2019idea di questo centro nasce anni fa, quando per primi presentammo domanda in Regione. Un progetto subito accolto con favore e che ha visto altri centri poi nascere in FVG. Quello che abbiamo aperto \u00e8 il pi\u00f9 strutturato e attrezzato e l\u2019unico che coinvolge pi\u00f9 comuni. Crediamo possa essere importante per ridurre le quantit\u00e0 di rifiuti imbombranti e possa anche essere un grande aiuto per chi ha pi\u00f9 bisogno, offrendo un servizio sociale sempre importante\u201d, aggiunge il vicesindaco di Palmanova <strong>Luca Piani<\/strong>.<\/p>\n<p> \tQui possono essere portati, solo dai residenti nei Comuni di Aiello del Friuli, Bagnaria Arsa, Palmanova e Torviscosa, alcune <strong>tipologie di beni in buono stato di conservazione (non rifiuti)<\/strong> che potranno essere messi a disposizione gratuitamente di chi vorr\u00e0 riutilizzarli. In particolare potranno essere consegnati mobili, elementi di arredo, elettrodomestici, utensili manuali\/elettrici, apparecchiature di ufficio, stoviglie e casalinghi, giocattoli o biciclette.<\/p>\n<p> \tPer accedere a \u201c<em>Simpri util!<\/em>\u201d \u00e8 necessario <strong>presentarsi con la Tessera Regionale dei Servizi FVG.<\/strong><\/p>\n<p> \t\u00a0<\/p>\n","protected":false},"excerpt":{"rendered":"<p>Alla struttura di Bagnaria Arsa tutti i cittadini del FVG dotati di Tessera Regionale dei Servizi potranno recuperare e riutilizzare quando conferito da altre persone<\/p>\n","protected":false},"author":28,"featured_media":50346,"comment_status":"closed","ping_status":"closed","sticky":false,"template":"","format":"standard","meta":{"dwc-title":[],"dwc-content":[],"footnotes":""},"categories":[6],"tags":[],"class_list":["post-50345","post","type-post","status-publish","format-standard","has-post-thumbnail","hentry","category-societa"],"rttpg_featured_image_url":{"full":["https:\/\/imagazine.it\/wp-content\/uploads\/2024\/02\/55024-1.webp",1600,1200,false],"landscape":["https:\/\/imagazine.it\/wp-content\/uploads\/2024\/02\/55024-1.webp",1600,1200,false],"portraits":["https:\/\/imagazine.it\/wp-content\/uploads\/2024\/02\/55024-1.webp",1600,1200,false],"thumbnail":["https:\/\/imagazine.it\/wp-content\/uploads\/2024\/02\/55024-1-150x150.webp",150,150,true],"medium":["https:\/\/imagazine.it\/wp-content\/uploads\/2024\/02\/55024-1-300x225.webp",300,225,true],"large":["https:\/\/imagazine.it\/wp-content\/uploads\/2024\/02\/55024-1-1024x768.webp",640,480,true],"thumblist":["https:\/\/imagazine.it\/wp-content\/uploads\/2024\/02\/55024-1-300x300.webp",300,300,true],"thumbrelated":["https:\/\/imagazine.it\/wp-content\/uploads\/2024\/02\/55024-1-500x500.webp",500,500,true],"meccarouselthumb":["https:\/\/imagazine.it\/wp-content\/uploads\/2024\/02\/55024-1-474x324.webp",474,324,true],"gridsquare":["https:\/\/imagazine.it\/wp-content\/uploads\/2024\/02\/55024-1-391x260.webp",391,260,true],"tileview":["https:\/\/imagazine.it\/wp-content\/uploads\/2024\/02\/55024-1-300x400.webp",300,400,true],"1536x1536":["https:\/\/imagazine.it\/wp-content\/uploads\/2024\/02\/55024-1-1536x1152.webp",1536,1152,true],"2048x2048":["https:\/\/imagazine.it\/wp-content\/uploads\/2024\/02\/55024-1.webp",1600,1200,false],"newsup-slider-full":["https:\/\/imagazine.it\/wp-content\/uploads\/2024\/02\/55024-1-1280x720.webp",1280,720,true],"newsup-featured":["https:\/\/imagazine.it\/wp-content\/uploads\/2024\/02\/55024-1-1024x768.webp",1024,768,true],"newsup-medium":["https:\/\/imagazine.it\/wp-content\/uploads\/2024\/02\/55024-1-720x380.webp",720,380,true],"tptn_thumbnail":["https:\/\/imagazine.it\/wp-content\/uploads\/2024\/02\/55024-1.webp",250,188,false],"sow-carousel-default":["https:\/\/imagazine.it\/wp-content\/uploads\/2024\/02\/55024-1.webp",243,182,false]},"rttpg_author":{"display_name":"redazione","author_link":"https:\/\/imagazine.it\/home_desk\/author\/redazione\/"},"rttpg_comment":0,"rttpg_category":"<a href=\"https:\/\/imagazine.it\/home_desk\/category\/societa\/\" rel=\"category tag\">SOCIET\u00c0<\/a>","rttpg_excerpt":"Alla struttura di Bagnaria Arsa tutti i cittadini del FVG dotati di Tessera Regionale dei Servizi potranno recuperare e riutilizzare quando conferito da altre persone","_links":{"self":[{"href":"https:\/\/imagazine.it\/home_desk\/wp-json\/wp\/v2\/posts\/50345","targetHints":{"allow":["GET"]}}],"collection":[{"href":"https:\/\/imagazine.it\/home_desk\/wp-json\/wp\/v2\/posts"}],"about":[{"href":"https:\/\/imagazine.it\/home_desk\/wp-json\/wp\/v2\/types\/post"}],"author":[{"embeddable":true,"href":"https:\/\/imagazine.it\/home_desk\/wp-json\/wp\/v2\/users\/28"}],"replies":[{"embeddable":true,"href":"https:\/\/imagazine.it\/home_desk\/wp-json\/wp\/v2\/comments?post=50345"}],"version-history":[{"count":0,"href":"https:\/\/imagazine.it\/home_desk\/wp-json\/wp\/v2\/posts\/50345\/revisions"}],"wp:featuredmedia":[{"embeddable":true,"href":"https:\/\/imagazine.it\/home_desk\/wp-json\/wp\/v2\/media\/50346"}],"wp:attachment":[{"href":"https:\/\/imagazine.it\/home_desk\/wp-json\/wp\/v2\/media?parent=50345"}],"wp:term":[{"taxonomy":"category","embeddable":true,"href":"https:\/\/imagazine.it\/home_desk\/wp-json\/wp\/v2\/categories?post=50345"},{"taxonomy":"post_tag","embeddable":true,"href":"https:\/\/imagazine.it\/home_desk\/wp-json\/wp\/v2\/tags?post=50345"}],"curies":[{"name":"wp","href":"https:\/\/api.w.org\/{rel}","templated":true}]}}