{"id":50339,"date":"2023-11-08T00:00:00","date_gmt":"2023-11-07T23:00:00","guid":{"rendered":"https:\/\/imagazine.it\/stefano-ianezic-nuovo-ironman\/"},"modified":"2023-11-08T00:00:00","modified_gmt":"2023-11-07T23:00:00","slug":"stefano-ianezic-nuovo-ironman","status":"publish","type":"post","link":"https:\/\/imagazine.it\/home_desk\/stefano-ianezic-nuovo-ironman\/","title":{"rendered":"Stefano Ianezic nuovo IRONMAN"},"content":{"rendered":"<p> \tTRIESTE \u2013 Il parrucchiere triestino\u00a0<strong>Stefano Ianezic<\/strong> da poco pi\u00f9 di un mese \u00e8 entrato a far parte dei cosiddetti \u201cIRONMAN\u201d, tagliando il traguardo nella gara di Cervia dello scorso 17 settembre.<\/p>\n<p> \tLa storia di Stefano ha dell\u2019incredibile: senza saper nuotare o essere mai salito su una bici e con alle spalle solo qualche corsa campestre ai tempi della scuola, ha deciso di iscriversi all\u2019<strong>IRONMAN<\/strong>, stabilendo in quell\u2019istante che \u201cimpossibile\u201d non faceva parte del suo vocabolario.<\/p>\n<p> \tL\u2019IRONMAN\u00a0sembra un&#8217;impresa titanica con i suoi 3,8 chilometri a nuoto, 180 chilometri in sella a una bici e per finire una maratona completa di 42,2 chilometri, eppure per le strade di\u00a0<strong>Trieste<\/strong>\u00a0c&#8217;\u00e8 chi si allena in silenzio per questa sfida di resistenza alla fatica.<\/p>\n<p> \t\u201cPassato l\u2019entusiasmo iniziale \u2013 racconta Stefano \u2013 presi definitivamente consapevolezza dell\u2019impegno che avevo scelto di assumermi per raggiungere il desiderato traguardo. Dopo i primi tentativi di allenamento autonomo mi resi conto che da solo non potevo farcela e che avevo bisogno di una guida\u201d.<\/p>\n<p> \tLa svolta arriva dall\u2019incontro con la triestina IRONMAN coach\u00a0<strong>Elena Padovese<\/strong>,\u00a0assieme alla quale Stefano trasforma quella che sembrava essere a prima vista una sfida quasi impossibile in un obiettivo concreto: un percorso progressivo e graduale, nel suo caso di quasi due anni, costituito da obiettivi intermedi da raggiungere come avvicinamento alla grande prova finale.<\/p>\n<p> \tNon tutto va come previsto. Oltre alle varie interferenze climatiche come la Bora, la pioggia battente, il caldo afoso e il freddo pungente, gestite con capacit\u00e0 di adattamento, non sono mancati alcuni infortuni risolti tempestivamente con il supporto della coach Elena.<\/p>\n<p> \tA Jesolo, in una gara IRONMAN 70.3 di test finale per il grande obiettivo di Cervia, dopo quasi due chilometri a nuoto iniziano le interferenze appena sale in sella: prima due forature e dopo la rottura del reggisella al decimo chilometro che costringe Stefano al ritiro.<\/p>\n<p> \tDemotivato per l\u2019accaduto, Stefano pensa anche di abbandonare la preparazione. Elena lo motiva a mantenere il focus e lo supporta per trovare un\u2019altra gara per il test definitivo. Stefano si iscrive al triathlon medio sul Lago Maggiore, terminandolo con un ottimo risultato e confermando tutto il lavoro di preparazione svolto.<\/p>\n<p> \tIl 17 settembre 2023, dopo 14 ore, 32 minuti e 34 secondi, conquista il traguardo dell\u2019IRONMAN completo di Cervia sentendosi dire: \u201c<em>Stefano, you are an IRONMAN!<\/em>\u201d<\/p>\n<p> \t&#8220;Il motto dell&#8217;IRONMAN \u2013 spiega Stefano Ianezic \u2013 \u00e8 \u201c<strong><em>Anything is possible<\/em><\/strong>\u201d e io ne sono la prova vivente che chiunque, con impegno, pu\u00f2 affrontare questa sfida. Sento di essere una persona diversa, percepisco un grande cambiamento in me stesso. Dopo aver raggiunto questo traguardo sento che posso raggiungerne molti altri ancora, sono pi\u00f9 sicuro delle mie potenzialit\u00e0, non solo fisiche ma anche mentali. Non dico che non ho pi\u00f9 paura di nulla, ma il mio modo di guardare la vita \u00e8 diverso, senza pi\u00f9 ansie o timori. L\u2019essere umano non ha limiti se non quelli che pone a s\u00e9 stesso\u201d.<\/p>\n<p> \t\u00a0<\/p>\n","protected":false},"excerpt":{"rendered":"<p>Il parrucchiere triestino ha percorso 3,8 chilometri a nuoto, 180 chilometri in sella alla bici e per una maratona completa di 42,2 chilometri. &#8220;Sento di essere una persona diversa&#8221;<\/p>\n","protected":false},"author":28,"featured_media":50340,"comment_status":"closed","ping_status":"closed","sticky":false,"template":"","format":"standard","meta":{"dwc-title":[],"dwc-content":[],"footnotes":""},"categories":[8],"tags":[],"class_list":["post-50339","post","type-post","status-publish","format-standard","has-post-thumbnail","hentry","category-turismo"],"rttpg_featured_image_url":{"full":["https:\/\/imagazine.it\/wp-content\/uploads\/2024\/02\/55015-1.webp",640,428,false],"landscape":["https:\/\/imagazine.it\/wp-content\/uploads\/2024\/02\/55015-1.webp",640,428,false],"portraits":["https:\/\/imagazine.it\/wp-content\/uploads\/2024\/02\/55015-1.webp",640,428,false],"thumbnail":["https:\/\/imagazine.it\/wp-content\/uploads\/2024\/02\/55015-1-150x150.webp",150,150,true],"medium":["https:\/\/imagazine.it\/wp-content\/uploads\/2024\/02\/55015-1-300x201.webp",300,201,true],"large":["https:\/\/imagazine.it\/wp-content\/uploads\/2024\/02\/55015-1.webp",640,428,false],"thumblist":["https:\/\/imagazine.it\/wp-content\/uploads\/2024\/02\/55015-1-300x300.webp",300,300,true],"thumbrelated":["https:\/\/imagazine.it\/wp-content\/uploads\/2024\/02\/55015-1-500x428.webp",500,428,true],"meccarouselthumb":["https:\/\/imagazine.it\/wp-content\/uploads\/2024\/02\/55015-1-474x324.webp",474,324,true],"gridsquare":["https:\/\/imagazine.it\/wp-content\/uploads\/2024\/02\/55015-1-391x260.webp",391,260,true],"tileview":["https:\/\/imagazine.it\/wp-content\/uploads\/2024\/02\/55015-1-300x400.webp",300,400,true],"1536x1536":["https:\/\/imagazine.it\/wp-content\/uploads\/2024\/02\/55015-1.webp",640,428,false],"2048x2048":["https:\/\/imagazine.it\/wp-content\/uploads\/2024\/02\/55015-1.webp",640,428,false],"newsup-slider-full":["https:\/\/imagazine.it\/wp-content\/uploads\/2024\/02\/55015-1.webp",640,428,false],"newsup-featured":["https:\/\/imagazine.it\/wp-content\/uploads\/2024\/02\/55015-1.webp",640,428,false],"newsup-medium":["https:\/\/imagazine.it\/wp-content\/uploads\/2024\/02\/55015-1-640x380.webp",640,380,true],"tptn_thumbnail":["https:\/\/imagazine.it\/wp-content\/uploads\/2024\/02\/55015-1.webp",250,167,false],"sow-carousel-default":["https:\/\/imagazine.it\/wp-content\/uploads\/2024\/02\/55015-1.webp",272,182,false]},"rttpg_author":{"display_name":"redazione","author_link":"https:\/\/imagazine.it\/home_desk\/author\/redazione\/"},"rttpg_comment":0,"rttpg_category":"<a href=\"https:\/\/imagazine.it\/home_desk\/category\/turismo\/\" rel=\"category tag\">TURISMO<\/a>","rttpg_excerpt":"Il parrucchiere triestino ha percorso 3,8 chilometri a nuoto, 180 chilometri in sella alla bici e per una maratona completa di 42,2 chilometri. \"Sento di essere una persona diversa\"","_links":{"self":[{"href":"https:\/\/imagazine.it\/home_desk\/wp-json\/wp\/v2\/posts\/50339","targetHints":{"allow":["GET"]}}],"collection":[{"href":"https:\/\/imagazine.it\/home_desk\/wp-json\/wp\/v2\/posts"}],"about":[{"href":"https:\/\/imagazine.it\/home_desk\/wp-json\/wp\/v2\/types\/post"}],"author":[{"embeddable":true,"href":"https:\/\/imagazine.it\/home_desk\/wp-json\/wp\/v2\/users\/28"}],"replies":[{"embeddable":true,"href":"https:\/\/imagazine.it\/home_desk\/wp-json\/wp\/v2\/comments?post=50339"}],"version-history":[{"count":0,"href":"https:\/\/imagazine.it\/home_desk\/wp-json\/wp\/v2\/posts\/50339\/revisions"}],"wp:featuredmedia":[{"embeddable":true,"href":"https:\/\/imagazine.it\/home_desk\/wp-json\/wp\/v2\/media\/50340"}],"wp:attachment":[{"href":"https:\/\/imagazine.it\/home_desk\/wp-json\/wp\/v2\/media?parent=50339"}],"wp:term":[{"taxonomy":"category","embeddable":true,"href":"https:\/\/imagazine.it\/home_desk\/wp-json\/wp\/v2\/categories?post=50339"},{"taxonomy":"post_tag","embeddable":true,"href":"https:\/\/imagazine.it\/home_desk\/wp-json\/wp\/v2\/tags?post=50339"}],"curies":[{"name":"wp","href":"https:\/\/api.w.org\/{rel}","templated":true}]}}