{"id":50313,"date":"2023-11-03T00:00:00","date_gmt":"2023-11-02T23:00:00","guid":{"rendered":"https:\/\/imagazine.it\/monfalcone-la-legna-lungo-il-litorale-a-disposizione-dei-cittadini\/"},"modified":"2023-11-03T00:00:00","modified_gmt":"2023-11-02T23:00:00","slug":"monfalcone-la-legna-lungo-il-litorale-a-disposizione-dei-cittadini","status":"publish","type":"post","link":"https:\/\/imagazine.it\/home_desk\/monfalcone-la-legna-lungo-il-litorale-a-disposizione-dei-cittadini\/","title":{"rendered":"Monfalcone, la legna lungo il litorale a disposizione dei cittadini"},"content":{"rendered":"<p> \tMONFALCONE \u2013 <strong>Monfalcone<\/strong> \u00e8 il primo Comune in Friuli Venezia Giulia ad adottare un\u2019ordinanza che permette ai cittadini la raccolta a uso privato delle tonnellate di legna che a causa del maltempo si sono depositate lungo il litorale della citt\u00e0.<\/p>\n<p> \t\u201cSicurezza e fruibilit\u00e0 \u2013 dichiara il sindaco <strong>Anna Maria Cisint<\/strong> \u2013 sono gli obiettivi che vogliamo perseguire adottando questa ordinanza. Desideriamo evitare che le legna ammassata sulle coste si riversi in mare con l\u2019alta marea e crei ulteriori disagi e problemi di sicurezza in mare alle imbarcazioni, nonch\u00e9 rendendo le spiagge fruibili ai cittadini. Inoltre, in questo modo consentiamo a chiunque lo desideri la raccolta del legno per uso privato, che con l\u2019arrivo del freddo diventa molto utile nell&#8217;alimentare stufe e caminetti, sgravando il Comune dai costi dello smaltimento dei materiali\u201d.<\/p>\n<p> \tL\u2019ordinanza, adottata a seguito del sopralluogo condotto stamane dal sindaco alla presenza del vicesindaco <strong>Antonio Garritani<\/strong>, dei dirigenti <strong>Enrico Englaro<\/strong> e <strong>Marco Marmotti<\/strong>, del comandante della Polizia Locale <strong>Rudi Bagatto<\/strong> e del coordinatore della Protezione Civile <strong>Andrea Olivetti<\/strong>, \u00e8 stata condivisa per le vie brevi con il comandante della Capitaneria di Porto di Monfalcone, <strong>Giuseppe Siragusa<\/strong>, e con il prefetto di Gorizia, <strong>Raffaele Ricciardi<\/strong>.<\/p>\n<p> \tValida da oggi, prevede la completa responsabilit\u00e0, anche verso terzi, della raccolta e del trasporto del legname a carico di chi effettua le operazioni e disciplina le modalit\u00e0 di raccolta e utilizzo del materiale. La raccolta dovr\u00e0 infatti essere limitata esclusivamente al materiale ligneo naturale accumulato sulle spiagge, il legname dovr\u00e0 essere prelevato tal quale, senza essere lavorato o sezionato sul posto, e la raccolta \u00e8 finalizzata all&#8217;uso personale, senza avere alcuno scopo di lucro.<\/p>\n<p> \tLa Polizia Locale verificher\u00e0 il regolare svolgimento delle operazioni.<\/p>\n","protected":false},"excerpt":{"rendered":"<p>Raccolta consentita a uso privato per evitare che quanto ammassato sulle coste si riversi in mare con l\u2019alta marea<\/p>\n","protected":false},"author":28,"featured_media":50314,"comment_status":"closed","ping_status":"closed","sticky":false,"template":"","format":"standard","meta":{"dwc-title":[],"dwc-content":[],"footnotes":""},"categories":[5],"tags":[],"class_list":["post-50313","post","type-post","status-publish","format-standard","has-post-thumbnail","hentry","category-attualita"],"rttpg_featured_image_url":{"full":["https:\/\/imagazine.it\/wp-content\/uploads\/2024\/02\/54967-1.webp",1000,750,false],"landscape":["https:\/\/imagazine.it\/wp-content\/uploads\/2024\/02\/54967-1.webp",1000,750,false],"portraits":["https:\/\/imagazine.it\/wp-content\/uploads\/2024\/02\/54967-1.webp",1000,750,false],"thumbnail":["https:\/\/imagazine.it\/wp-content\/uploads\/2024\/02\/54967-1-150x150.webp",150,150,true],"medium":["https:\/\/imagazine.it\/wp-content\/uploads\/2024\/02\/54967-1-300x225.webp",300,225,true],"large":["https:\/\/imagazine.it\/wp-content\/uploads\/2024\/02\/54967-1.webp",640,480,false],"thumblist":["https:\/\/imagazine.it\/wp-content\/uploads\/2024\/02\/54967-1-300x300.webp",300,300,true],"thumbrelated":["https:\/\/imagazine.it\/wp-content\/uploads\/2024\/02\/54967-1-500x500.webp",500,500,true],"meccarouselthumb":["https:\/\/imagazine.it\/wp-content\/uploads\/2024\/02\/54967-1-474x324.webp",474,324,true],"gridsquare":["https:\/\/imagazine.it\/wp-content\/uploads\/2024\/02\/54967-1-391x260.webp",391,260,true],"tileview":["https:\/\/imagazine.it\/wp-content\/uploads\/2024\/02\/54967-1-300x400.webp",300,400,true],"1536x1536":["https:\/\/imagazine.it\/wp-content\/uploads\/2024\/02\/54967-1.webp",1000,750,false],"2048x2048":["https:\/\/imagazine.it\/wp-content\/uploads\/2024\/02\/54967-1.webp",1000,750,false],"newsup-slider-full":["https:\/\/imagazine.it\/wp-content\/uploads\/2024\/02\/54967-1-1000x720.webp",1000,720,true],"newsup-featured":["https:\/\/imagazine.it\/wp-content\/uploads\/2024\/02\/54967-1.webp",1000,750,false],"newsup-medium":["https:\/\/imagazine.it\/wp-content\/uploads\/2024\/02\/54967-1-720x380.webp",720,380,true],"tptn_thumbnail":["https:\/\/imagazine.it\/wp-content\/uploads\/2024\/02\/54967-1.webp",250,188,false],"sow-carousel-default":["https:\/\/imagazine.it\/wp-content\/uploads\/2024\/02\/54967-1.webp",243,182,false]},"rttpg_author":{"display_name":"redazione","author_link":"https:\/\/imagazine.it\/home_desk\/author\/redazione\/"},"rttpg_comment":0,"rttpg_category":"<a href=\"https:\/\/imagazine.it\/home_desk\/category\/attualita\/\" rel=\"category tag\">ATTUALIT\u00c0<\/a>","rttpg_excerpt":"Raccolta consentita a uso privato per evitare che quanto ammassato sulle coste si riversi in mare con l\u2019alta marea","_links":{"self":[{"href":"https:\/\/imagazine.it\/home_desk\/wp-json\/wp\/v2\/posts\/50313","targetHints":{"allow":["GET"]}}],"collection":[{"href":"https:\/\/imagazine.it\/home_desk\/wp-json\/wp\/v2\/posts"}],"about":[{"href":"https:\/\/imagazine.it\/home_desk\/wp-json\/wp\/v2\/types\/post"}],"author":[{"embeddable":true,"href":"https:\/\/imagazine.it\/home_desk\/wp-json\/wp\/v2\/users\/28"}],"replies":[{"embeddable":true,"href":"https:\/\/imagazine.it\/home_desk\/wp-json\/wp\/v2\/comments?post=50313"}],"version-history":[{"count":0,"href":"https:\/\/imagazine.it\/home_desk\/wp-json\/wp\/v2\/posts\/50313\/revisions"}],"wp:featuredmedia":[{"embeddable":true,"href":"https:\/\/imagazine.it\/home_desk\/wp-json\/wp\/v2\/media\/50314"}],"wp:attachment":[{"href":"https:\/\/imagazine.it\/home_desk\/wp-json\/wp\/v2\/media?parent=50313"}],"wp:term":[{"taxonomy":"category","embeddable":true,"href":"https:\/\/imagazine.it\/home_desk\/wp-json\/wp\/v2\/categories?post=50313"},{"taxonomy":"post_tag","embeddable":true,"href":"https:\/\/imagazine.it\/home_desk\/wp-json\/wp\/v2\/tags?post=50313"}],"curies":[{"name":"wp","href":"https:\/\/api.w.org\/{rel}","templated":true}]}}