{"id":50311,"date":"2023-11-03T00:00:00","date_gmt":"2023-11-02T23:00:00","guid":{"rendered":"https:\/\/imagazine.it\/da-tutto-il-mondo-per-il-piccolo-festival-dellanimazione\/"},"modified":"2023-11-03T00:00:00","modified_gmt":"2023-11-02T23:00:00","slug":"da-tutto-il-mondo-per-il-piccolo-festival-dellanimazione","status":"publish","type":"post","link":"https:\/\/imagazine.it\/home_desk\/da-tutto-il-mondo-per-il-piccolo-festival-dellanimazione\/","title":{"rendered":"Da tutto il mondo per il Piccolo Festival dell&#8217;Animazione"},"content":{"rendered":"<p> \tSAN VITO AL TAGLIAMENTO \u2013 <strong>Il<\/strong>\u00a0<strong>Piccolo Festival<\/strong>\u00a0<strong>dell&#8217;Animazione<\/strong>, la rassegna dedicata all\u2019illustrazione e all&#8217;animazione d&#8217;autore,\u00a0sostenuta dalla Regione FVG, Turismo FVG e dal Comune di San Vito al Tagliamento,\u00a0organizzata\u00a0dall&#8217;Associazione Viva Comix con la direzione artistica di <strong>Paola Bristot<\/strong>, si terr\u00e0 quest&#8217;anno <u><a href=\"https:\/\/www.piccolofestivalanimazione.it\/wordpress\/pfa16-day-by-day\/\" target=\"_blank\" rel=\"noopener\"><span style=\"color:#0000cd;\"><strong>dall&#8217;11 al 18 novembre <\/strong>(clicca per il programma dettagliato)<\/span><\/a><\/u>, a San Vito al Tagliamento con qualche appuntamento itinerante a\u00a0<strong>Pordenone, Udine, Staranzano, Gorizia e Trieste<\/strong>.<\/p>\n<p> \tOltre 80 cortometraggi in gara ma anche incontri, mostre e spettacoli.\u00a0<\/p>\n<p> \tTra gli ospiti\u00a0Andrea Lorenzon, in arte <strong>Cartoni Morti<\/strong>, che pubblica i suoi video su Youtube, con un seguito di 1,3 milioni\u00a0di followers, intervistato da\u00a0<strong>Davide Toffolo<\/strong>\u00a0anima del gruppo dei Tre Allegri\u00a0Ragazzi Morti. Toffolo proporr\u00e0 anche una performance &#8220;<em>Cumbia Minimal<\/em>&#8221; in collaborazione con l&#8217;Orchestra d\u2019Archi Arrigoni diretta da <strong>Domenico Mason<\/strong> e dall&#8217;Associazione Filarmonica sanvitese.\u00a0<\/p>\n<p> \tI fratelli <strong>Alice e Stefano Tambellini<\/strong>, filmmaker, specialisti in <em>puppet animation<\/em>, l&#8217;animatrice russa\u00a0<strong>Natalia Chernysheva<\/strong>, il graphic design francese\u00a0<strong>Pierre Bourrigault<\/strong>, l&#8217;artista d&#8217;arte contemporanea <strong>Manuel Baldassare<\/strong>, la regista bulgara e docente, <strong>Radostina Neykova<\/strong>, lo scrittore e regista\u00a0<strong>Marco Fregonese<\/strong> e l&#8217;artista <strong>Irene Capasso<\/strong>, l&#8217;animatrice e regista\u00a0<strong>Margherita Giusti<\/strong>, l&#8217;animatore professionista <strong>Michele Bernardi<\/strong>, l&#8217;autrice di fumetti\u00a0e illustratrice\u00a0<strong>Sara Colaone<\/strong>, l&#8217;autrice italiana Josephine Yole Signorelli, in arte <strong>Fumettibrutti,<\/strong>\u00a0<strong>Slave Lukarov<\/strong>\u00a0direttore del Festival di Supertoon, il maestro di animazione e graphic designer serbo<strong>\u00a0Rastko Ciric, <\/strong>il dj artist <strong>Enrico Sist.<\/strong><\/p>\n<p> \t&#8220;Un piccolo festival dal grande cuore \u2013 afferma l&#8217;assessore alla Vitalit\u00e0 di San Vito al Tagliamento, <strong>Andrea Bruscia<\/strong> \u2013 capace di offrire le pi\u00f9 belle produzioni d&#8217;autore non soltanto agli appassionati ma anche a tanti giovani pronti a farsi stupire dalla magia di questa straordinaria forma d&#8217;arte.\u00a0L&#8217;innovazione principale di quest&#8217;anno \u00e8 la partecipazione di Cartoni Morti: sono fermamente convinto che questa presenza attirer\u00e0 molti curiosi, che avranno cos\u00ec l&#8217;opportunit\u00e0 di scoprire tutte le altre eccitanti proposte del festival. La comunit\u00e0 di San Vito \u00e8 pronta ad accogliere tutto il pubblico, rendendo quest&#8217;esperienza ancora pi\u00f9 &#8220;magica&#8221; e indimenticabile&#8221;.<\/p>\n<p> \tLa <strong>16^ edizione <\/strong>del\u00a0Piccolo\u00a0Festival\u00a0dell&#8217;Animazione si apre ufficialmente <strong>sabato<\/strong><strong>\u00a011\u00a0<\/strong><strong>novembre <\/strong>a San Vito al Tagliamento dove, fino al 18 novembre, coinvolgendo anche il Visionario\u00a0di Udine, il Kinemax di Gorizia, DobiaLab di Staranzano e Cinemazero di Pordenone saranno proiettati oltre <strong>80 film<\/strong>\u00a0animati d&#8217;autore provenienti\u00a0<strong>da tutto il mondo<\/strong>, selezionati e suddivisi in <strong>cinque sezioni<\/strong>: la\u00a0<strong>Main Competition, film animati realizzati da autori professionisti<\/strong>,\u00a0quella incentrata sui temi dell&#8217;ecosostenibilit\u00e0\u00a0<strong>Green Animation<\/strong>\u00a0e\u00a0<strong>Visual&#038;Music<\/strong>, la sezione con le animazioni dove \u00e8 forte il legame tra immagine e musica,\u00a0<strong>AnimaKids <\/strong>e<strong> AnimaYoung <\/strong>con i corti selezionati da Giovanni Sgr\u00f2 e Valentina Corocher giudicati dagli studenti delle scuole del Friuli Venezia Giulia e che vede <strong>oltre 1000 studenti<\/strong> delle varie scuole della regione coinvolte in presenza, in particolare grande adesione con 500 studenti dell&#8217;Istituto Comprensivo &#8220;Margherita Hack&#8221; di San Vito al Tagliamento, e il Liceo Artistico &#8220;Max Fabiani&#8221; e l\u2019Universit\u00e0 di Nova Gorica al Kinemax di Gorizia, coinvolti anche gli studenti del Liceo Artistico Statale &#8220;Giovanni Sello&#8221; al Visionario di Udine e Il Liceo Artistico &#8220;Galvani&#8221; di Cordenons a Cinemazero di Pordenone.<\/p>\n<p> \tA giudicare i film che concorrono nella\u00a0<strong>Main Competition una giuria composta da Sara Colaone, autrice di fumetti, Slave Lukarov, direttore del Festival Supertoon e Rastko <\/strong><strong>\u0106iri\u0107<\/strong><strong>, autore, gi<\/strong><strong>\u00e0 <\/strong><strong>professore all<\/strong><strong>\u2019Universit<\/strong><strong>\u00e0 <\/strong><strong>di Arti Visive di Belgrado<\/strong>. Una seconda giuria si occuper\u00e0 di altre due sezioni in competizione,\u00a0<strong>Visual&#038;Music e Green Animation, <\/strong>ed \u00e8 composta da<strong> Radostina Neykova, docente presso la National Academy of Theatre and Film Arts <\/strong>\u201c<strong>Kr. Sarafov\u201d<\/strong><strong>, Pierre Bourrigault, autore e grafico, Manuel Baldassare, artista visivo e musicista. Tutti ospiti del festival a San Vito al Tagliamento dove terranno incontri e presentazioni.<\/strong><\/p>\n<p> \t\u00abIl Festival di quest\u2019anno &#8211; racconta la direttrice artistica Paola Bristot &#8211;\u00a0 presenta 84 film selezionati tra oltre 700\u00a0\u00a0animazioni prese in visione,\u00a0provenienti da diversi paesi europei e internazionali\u00a0a rappresentare molteplici punti di vista e sensibilit\u00e0. La selezione \u00e8 stata fatta seguendo il principio della qualit\u00e0 e della rappresentativit\u00e0 delle opere che si \u00e8 evidenziata rispetto a un panorama di produzioni sempre pi\u00f9 vasto, vuoi per la facilit\u00e0 dell\u2019approccio alla tecnologia e quindi al minor costo di produzione, vuoi per l\u2019interesse verso questo linguaggio espressivo sempre pi\u00f9 allargato. Abbiamo privilegiato film d\u2019autore, con un segno stilistico che ci pare evidente anche da parte di esordienti. Nella 16\u00b0 edizione del festival vorremmo emergesse una coralit\u00e0 di voci e personalit\u00e0 che si alzano dai diversi paesi, alcuni coinvolti in conflitti, loro malgrado.\u00a0\u00a0La cultura non \u00e8 una bolla, non vogliamo che lo sia, n\u00e9 che lo diventi. Dobbiamo dare spazio a queste voci che parlano la stessa lingua poetica e\u00a0artistica\u00bb.\u00a0\u00a0<\/p>\n<p> \tTra i film in programma\u00a0interessanti sono il pluripremiato film di <strong>Fl<\/strong><strong>\u00f3<\/strong><strong>ra Anna Buda <\/strong><strong>\u201c27\u201d<\/strong>, il bellissimo film di <strong>Margherita Giusti<\/strong> <strong>\u201cMeatseller\u201d<\/strong>, presentato alla Mostra del Cinema di Venezia, sullo spinoso tema della migrazione, il film <strong>\u201cOur Uniform\u201d<\/strong> dell\u2019autrice iraniana <strong>Yegane Moghaddam<\/strong><strong>,<\/strong>il pluripremiato <strong>&#8220;Eeva&#8221;di\u00a0Lucija Mrzljak\u00a0e\u00a0<\/strong><strong>Morten T<\/strong><strong>\u0161<\/strong><strong>inakov,<\/strong> una\u00a0coproduzione Estonia-Croazia che si \u00e8 guadagnata la qualificazione all&#8217;Oscar vincendo il premio per il miglior cortometraggio d&#8217;animazione al Nashville Film Festival, e <strong>&#8220;AAAAH&#8221;<\/strong> del francese <strong>Osman Cerfon<\/strong>. Per gli amanti della Puppet animation va segnalato il film <strong>\u201cThe Family Portrait\u201d<\/strong> di <strong>Lea Vidakovi<\/strong><strong>\u0107<\/strong> e l\u2019anteprima mondiale del film dei fratelli <strong>Alice e Stefano Tambellin<\/strong>i, <strong>\u201cImpossible Maladies\u201d<\/strong>. Sono stati\u00a0inoltre selezionate animazioni opera di esordienti provenienti sia dall\u2019ISIA di Urbino che dal CSC di Torino grazie alla collaborazione di Magda Guidi e Chiara Magri.\u00a0<\/p>\n<p> \tTra i temi pi\u00f9 frequenti quello dell\u2019attenzione all\u2019ambiente, le problematiche legate alla situazione critica del rispetto dell\u2019individuo, la condizione femminile, la difficolt\u00e0 del presente e dei fenomeni migratori. Non mancano film divertenti e ironici e una ricerca che si spinge verso le tecnologie dell\u2019Intelligenza Artificiale &#8211; di cui abbiamo selezionato il film <strong>\u201c<\/strong><strong>Bruit Rose<\/strong><strong>\u201d di\u00a0<\/strong><strong>Ulysse Lefort, Martin Wiklund, Arthur Lema<\/strong><strong>\u00eetre<\/strong>e il lavoro di <strong>Igor Imhoff<\/strong> <strong>&#8220;Oblivion<\/strong>&#8221; del gruppo Mervyn &#8211;\u00a0\u00a0ma che evidenzia l\u2019attenzione che si mantiene verso tecniche di disegno animato classico anche da parte delle nuove generazioni. Tra le opere filmiche di maestri ormai riconosciuti internazionalmente l\u2019ultimo film del grande maestro\u00a0<strong>Georges Schwizgebel<\/strong>, il film\u00a0<strong>\u201c<\/strong><strong>Rekonstrukt<\/strong><strong>\u201d <\/strong><strong>di Gabor Ulrich e <\/strong><strong>\u201c<\/strong><strong>Kharm<\/strong><strong>\u201d di Svetlana Andrijanova.\u00a0\u00a0<\/strong><\/p>\n<p> \t<strong>La sigla della 16\u00b0 edizione del festival \u00e8 stata realizzata da Isabella Bignardi, giovane studentessa dell\u2019ISIA di Urbino con la musica elaborata di Andrea Mangia, in arte Populous (editore La Tempesta).<\/strong><\/p>\n<p> \t\u00a0<\/p>\n","protected":false},"excerpt":{"rendered":"<p>Pi\u00f9 di 80 film animati, mostre, incontri e masterclass. Oltre a San Vito proiezioni anche a Gorizia, Staranzano, Udine, Pordenone e Trieste<\/p>\n","protected":false},"author":28,"featured_media":50312,"comment_status":"closed","ping_status":"closed","sticky":false,"template":"","format":"standard","meta":{"dwc-title":[],"dwc-content":[],"footnotes":""},"categories":[37],"tags":[],"class_list":["post-50311","post","type-post","status-publish","format-standard","has-post-thumbnail","hentry","category-cultura-e-spettacolo"],"rttpg_featured_image_url":{"full":["https:\/\/imagazine.it\/wp-content\/uploads\/2024\/02\/54966-1.webp",750,527,false],"landscape":["https:\/\/imagazine.it\/wp-content\/uploads\/2024\/02\/54966-1.webp",750,527,false],"portraits":["https:\/\/imagazine.it\/wp-content\/uploads\/2024\/02\/54966-1.webp",750,527,false],"thumbnail":["https:\/\/imagazine.it\/wp-content\/uploads\/2024\/02\/54966-1-150x150.webp",150,150,true],"medium":["https:\/\/imagazine.it\/wp-content\/uploads\/2024\/02\/54966-1-300x211.webp",300,211,true],"large":["https:\/\/imagazine.it\/wp-content\/uploads\/2024\/02\/54966-1.webp",640,450,false],"thumblist":["https:\/\/imagazine.it\/wp-content\/uploads\/2024\/02\/54966-1-300x300.webp",300,300,true],"thumbrelated":["https:\/\/imagazine.it\/wp-content\/uploads\/2024\/02\/54966-1-500x500.webp",500,500,true],"meccarouselthumb":["https:\/\/imagazine.it\/wp-content\/uploads\/2024\/02\/54966-1-474x324.webp",474,324,true],"gridsquare":["https:\/\/imagazine.it\/wp-content\/uploads\/2024\/02\/54966-1-391x260.webp",391,260,true],"tileview":["https:\/\/imagazine.it\/wp-content\/uploads\/2024\/02\/54966-1-300x400.webp",300,400,true],"1536x1536":["https:\/\/imagazine.it\/wp-content\/uploads\/2024\/02\/54966-1.webp",750,527,false],"2048x2048":["https:\/\/imagazine.it\/wp-content\/uploads\/2024\/02\/54966-1.webp",750,527,false],"newsup-slider-full":["https:\/\/imagazine.it\/wp-content\/uploads\/2024\/02\/54966-1.webp",750,527,false],"newsup-featured":["https:\/\/imagazine.it\/wp-content\/uploads\/2024\/02\/54966-1.webp",750,527,false],"newsup-medium":["https:\/\/imagazine.it\/wp-content\/uploads\/2024\/02\/54966-1-720x380.webp",720,380,true],"tptn_thumbnail":["https:\/\/imagazine.it\/wp-content\/uploads\/2024\/02\/54966-1.webp",250,176,false],"sow-carousel-default":["https:\/\/imagazine.it\/wp-content\/uploads\/2024\/02\/54966-1.webp",259,182,false]},"rttpg_author":{"display_name":"redazione","author_link":"https:\/\/imagazine.it\/home_desk\/author\/redazione\/"},"rttpg_comment":0,"rttpg_category":"<a href=\"https:\/\/imagazine.it\/home_desk\/category\/cultura-e-spettacolo\/\" rel=\"category tag\">CULTURA&amp;SPETTACOLO<\/a>","rttpg_excerpt":"Pi\u00f9 di 80 film animati, mostre, incontri e masterclass. Oltre a San Vito proiezioni anche a Gorizia, Staranzano, Udine, Pordenone e Trieste","_links":{"self":[{"href":"https:\/\/imagazine.it\/home_desk\/wp-json\/wp\/v2\/posts\/50311","targetHints":{"allow":["GET"]}}],"collection":[{"href":"https:\/\/imagazine.it\/home_desk\/wp-json\/wp\/v2\/posts"}],"about":[{"href":"https:\/\/imagazine.it\/home_desk\/wp-json\/wp\/v2\/types\/post"}],"author":[{"embeddable":true,"href":"https:\/\/imagazine.it\/home_desk\/wp-json\/wp\/v2\/users\/28"}],"replies":[{"embeddable":true,"href":"https:\/\/imagazine.it\/home_desk\/wp-json\/wp\/v2\/comments?post=50311"}],"version-history":[{"count":0,"href":"https:\/\/imagazine.it\/home_desk\/wp-json\/wp\/v2\/posts\/50311\/revisions"}],"wp:featuredmedia":[{"embeddable":true,"href":"https:\/\/imagazine.it\/home_desk\/wp-json\/wp\/v2\/media\/50312"}],"wp:attachment":[{"href":"https:\/\/imagazine.it\/home_desk\/wp-json\/wp\/v2\/media?parent=50311"}],"wp:term":[{"taxonomy":"category","embeddable":true,"href":"https:\/\/imagazine.it\/home_desk\/wp-json\/wp\/v2\/categories?post=50311"},{"taxonomy":"post_tag","embeddable":true,"href":"https:\/\/imagazine.it\/home_desk\/wp-json\/wp\/v2\/tags?post=50311"}],"curies":[{"name":"wp","href":"https:\/\/api.w.org\/{rel}","templated":true}]}}