{"id":50287,"date":"2023-10-30T00:00:00","date_gmt":"2023-10-29T23:00:00","guid":{"rendered":"https:\/\/imagazine.it\/udine-in-prima-fila-contro-le-fake-news\/"},"modified":"2023-10-30T00:00:00","modified_gmt":"2023-10-29T23:00:00","slug":"udine-in-prima-fila-contro-le-fake-news","status":"publish","type":"post","link":"https:\/\/imagazine.it\/home_desk\/udine-in-prima-fila-contro-le-fake-news\/","title":{"rendered":"Udine in prima fila contro le fake news"},"content":{"rendered":"<p> \tUDINE \u2013 Presentata la seconda edizione del <strong><em>Fake News Festival<\/em><\/strong>, il <strong>primo e unico festival in Italia interamente dedicato alle fake news<\/strong>, in programma a <strong>Udine dal 14 al 19 novembre<\/strong>. Alla presentazione sono intervenuti <strong>Alessandro Venanzi<\/strong>,\u00a0vicesindaco del Comune di Udine, <strong>Giuseppe Morandini<\/strong>, presidente della Fondazione Friuli,\u00a0<strong>Piero Petrucco<\/strong>, in rappresentanza della Fondazione Petrucco, e il vicepresidente della giunta regionale, <strong>Mario Anzil<\/strong>.<\/p>\n<p> \tDopo il successo della prima edizione, organizzata dall\u2019associazione Elsa Udine nel 2018, e superata la sospensione forzata causa Covid, il Fake News Festival \u00e8 ripartito con il tutto esaurito delle anteprime di Campoformido e Gorizia, in attesa dell\u2019ultimo assaggio a Pordenone il 6 novembre con <strong>Gabriele Cruciata<\/strong> e <strong>Antonio Bacci<\/strong>.<\/p>\n<p> \tOra il festival si prepara a entrare nel vivo e a invadere la citt\u00e0 di Udine.<\/p>\n<p> \tOrganizzato da un gruppo di giovani professionisti friulani dell\u2019associazione Prisma APS, la manifestazione \u00e8 realizzata grazie al sostegno di Regione Fvg, Fondazione Friuli, Fondazione Paolo Petrucco e Camera di Commercio Pordenone-Udine, con il patrocinio e la collaborazione del Comune di Udine e con il patrocinio dell\u2019Universit\u00e0 degli studi di Udine e dell\u2019Ordine dei Giornalisti Fvg.<\/p>\n<p> \t<strong>Sedici in tutto gli appuntamenti <\/strong>con il pubblico, tra cui <strong>due incontri per le scuole<\/strong>,<strong> un evento rivolto a universitari e imprese e cinque accreditati per la formazione continua dei professionisti<\/strong>, oltre a un momento sul ruolo dell\u2019educazione permanente nella lotta alla fake news. Otto diverse location, con tre serate a teatro e una al cinema.<\/p>\n<p> \t<strong>Pi\u00f9 di cinquanta gli ospiti coinvolti<\/strong>, tra giornalisti, attiviste, divulgatori scientifici, avvocati, medici, docenti e formatori, ma anche scrittori, influencer e celebri gruppi comici.<\/p>\n<p> \tNumerose saranno le bufale da smascherare, con l\u2019obiettivo di stimolare lo sviluppo del pensiero critico e diffondere competenze e strumenti per informarsi al meglio in ogni ambito. Si parler\u00e0 ad esempio di <strong>giornalismo<\/strong>, <strong>cronache dal mondo<\/strong>, <strong>scienza<\/strong> e <strong>infodemia<\/strong>, <strong>alimentazione<\/strong>, <strong>social network<\/strong>. Due temi in particolare saranno al centro di incontri di grande interesse e coinvolgimento, nei quali al pubblico sar\u00e0 offerta un\u2019importante occasione di riflessione a pi\u00f9 voci: <strong>femminismo e intelligenza artificiale<\/strong>. Non mancheranno i momenti di intrattenimento, conditi con la satira o con la degustazione di prodotti del territorio o con la proiezione di docufilm, senza dimenticare le due serate con <strong>comici irresistibili<\/strong>, che aiuteranno a non perdere la bussola e a sorridere di un mondo che richiede strumenti sempre pi\u00f9 aggiornati per essere letto e compreso.<\/p>\n<p> \tDiversi gli appuntamenti in cartellone per imparare a orientarsi nel presente, con un occhio alle sfide di domani. <strong>Sabato 18 novembre alle 11, nella Sala dell\u2019Economia della Camera di Commercio Pordenone-Udine<\/strong>,<strong> Matteo Macuglia<\/strong> (giornalista inviato di Quarto Grado e autore nel 2023 del libro \u201cIl male dentro\u201d per Rizzoli), <strong>Luana de Francisco<\/strong> (giornalista del Messaggero Veneto che da anni si occupa di cronaca giudiziaria) e <strong>Raffaele Conte<\/strong> (avvocato del Foro di Udine e presidente della Camera Penale Friulana), intervistati da Gabriele Franco, si confronteranno nell\u2019incontro \u201c<strong><em>Nient\u2019altro che la verit\u00e0<\/em><\/strong>\u201d, per provare a spiegare cosa accade quando gli interessi delle aule di tribunale non coincidono con quelli del pubblico.<\/p>\n<p> \t<strong>Alle 16 la Torre di Santa Maria <\/strong>ospiter\u00e0 l\u2019evento \u201c<strong><em>Fare news<\/em><\/strong>\u201d, un gioco di parole per presentare uno <em>speed talk<\/em> sul futuro dell\u2019informazione, nel quale il microfono passer\u00e0 fra le mani di alcuni professionisti dei media, ognuno con la propria prospettiva e le storie dei propri lettori: <strong>Marianna Bruschi<\/strong> (head of digital a SkyTg24 e docente al master in giornalismo della Luiss), <strong>David Puente<\/strong> (vicedirettore con delega al fact-checking di Open e famoso debunker), <strong>Livia Vigan\u00f2<\/strong> (co-fondatrice di Factanza, media company nata per rivoluzionare il mondo dell\u2019informazione e renderlo accessibile alle nuove generazioni). A orchestrare i lavori <strong>Paolo Mosanghini<\/strong> (giornalista e autore). In occasione di questo evento, per i pi\u00f9 piccoli ci sar\u00e0 il laboratorio \u201c<em>Come nasce la farina<\/em>\u201d, realizzato in collaborazione con Molino Moras.<\/p>\n<p> \t<strong>Sempre alla Torre di via Zanon, ma alle 18, nell\u2019evento <\/strong>\u201c<strong><em>Senza filtri<\/em><\/strong>\u201d, gli ospiti<strong> Michele Zizza<\/strong> (professore di culture digitali all\u2019Universit\u00e0 degli Studi della Tuscia e autore di diversi saggi), <strong>Gabriele Gobbo<\/strong> (consulente e docente in digital marketing e digital strategist), <strong>Andrea Mian<\/strong> (psicologo e psicoterapeuta che si occupa di promozione della salute, prevenzione e cura delle dipendenze) e <strong>Francesca Mittoni<\/strong> (autrice per Fabbri del libro \u201cNon sono un peso\u201d e che usa Instagram per scardinare le logiche estetiche dei social network) dialogheranno con Gabriele Franco su come i filtri social cambiano la percezione di noi stessi e di come le tecnologie di deep fake sono in grado di creare con allucinante facilit\u00e0 notizie, fatti e perfino persone in cui credere.<\/p>\n<p> \t<strong>Alle 21 appuntamento invece al teatro Palamostre<\/strong> con \u201c<strong><em>Se l\u2019\u00e8 cercata<\/em><\/strong>\u201d.<strong> Giulia Blasi<\/strong> (attivista per la condizione femminile, autrice di diversi romanzi e saggi, tra cui \u201cManuale per ragazze rivoluzionarie\u201d, con all\u2019attivo diverse campagne di sensibilizzazione su questioni relative ai diritti civili e di autodeterminazione, fra le quali #quellavoltache) e <strong>Pegah Moshir Pour<\/strong> (iraniana, consulente e attivista per i diritti umani e digitali, nel febbraio 2023 ha emozionato tutta Italia con il suo monologo sulle donne iraniane dal palco di Sanremo con Drusilla Foer, insignita a Palazzo Montecitorio del premio Internazionale Standout Woman Award, inserita nella lista dei 100 innovatori e innovatrici che hanno fatto la differenza nel 2022 e testimonial dello spot del Ministero delle Pari Opportunit\u00e0 dell\u20198 Marzo 2023) saranno ospiti d\u2019eccezione. <strong>Marinella Chirico<\/strong> (giornalista e conduttrice per il TGR Rai del Friuli Venezia Giulia) inviter\u00e0 queste eroine moderne a trattare un tema tristemente attuale, quello della violenza sulle donne, che si intreccia spesso con bugie e pregiudizi. La platea \u00e8 aperta a tutti, donne e uomini: si parler\u00e0 di <em>victim blaming<\/em> e della responsabilit\u00e0 delle parole di chi guarda e di chi giudica.<\/p>\n<p> \tUn altro tema protagonista di questi mesi e del futuro attender\u00e0 il pubblico <strong>domenica 19 novembre alla Torre di Santa Maria alle 11<\/strong>. Un incontro multidisciplinare che riunir\u00e0 attorno allo stesso tavolo esperti di diritto, etica, tecnologia, giornalismo e politica, per rispondere ad una domanda per nulla banale: \u201c<strong><em>Chi ha paura dell\u2019intelligenza artificiale?<\/em><\/strong>\u201d. La parola andr\u00e0 a <strong>Rocco Panetta<\/strong> (avvocato riconosciuto a livello internazionale tra i massimi esperti di diritto applicato alle nuove tecnologie, di diritto alla privacy e alla protezione dei dati personali e di diritto dell\u2019intelligenza artificiale), <strong>don Andrea Ciucci <\/strong>(coordinatore di Segreteria della Pontificia Accademia per la Vita, segretario generale della Fondazione vaticana RenAIssance per l\u2019etica dell\u2019IA, autore nel 2022 del libro \u201cScusi, ma perch\u00e9 lei \u00e8 qui? Storie di intelligenze umane e artificiali\u201d), <strong>Barbara Carfagna<\/strong> (giornalista Rai, autrice e conduttrice su Rai1 del programma \u201cCodice: la vita \u00e8 digitale\u201d, ex conduttrice del Tg1, realizza reportage per TV7 e Speciale Tg1), <strong>Angelo Montanari<\/strong> (professore ordinario di informatica all\u2019Universit\u00e0 di Udine, nel 2023 \u00e8 stato inserito fra i 2000 pi\u00f9 influenti studiosi al mondo in diversi campi dell\u2019intelligenza artificiale) e <strong>Gabriele Giacomini<\/strong> (insegna Teoria politica e digitale all\u2019Universit\u00e0 di Udine, autore di molti libri su internet e il potere digitale). Moderer\u00e0 Gabriele Franco.<\/p>\n<p> \t<strong>M<\/strong><strong>ercoled\u00ec 15 novembre al teatro Palamostre<\/strong>,<strong> alle 21<\/strong>, <strong>I Papu<\/strong> (celebre coppia di attori comici che da oltre trent\u2019anni racconta le bellezze e le contraddizioni di questo mondo) e <strong>i Mataran<\/strong> (la seguitissima rivista di satira, umorismo e fumetti prodotta in Fvg e coordinata da David Benvenuto e Marco Tonus), due tra le pi\u00f9 amate formazioni comiche friulane, terranno il pubblico in esilarante bilico tra verit\u00e0 e stereotipi, dandosi battaglia a colpi di improvvisazione in un quiz-game da prima serata condotto da<strong> Gian Paolo Polesini<\/strong> (giornalista, autore, critico cinematografico e televisivo per trentaquattro anni al Messaggero Veneto). Il titolo dell\u2019evento, \u201c<strong><em>Il friulano \u00e8 un dialetto<\/em><\/strong>\u201d, \u00e8 gi\u00e0 il primo atto della sfida: chi vincer\u00e0 la battaglia a colpi di risate sulle fake news legate al nostro territorio?<\/p>\n<p> \t<strong>Gioved\u00ec 16 novembre, sempre alle 21 al Palamostre<\/strong>, andr\u00e0 in scena la \u201cvera\u201d <strong>serata inaugurale<\/strong> del festival con lo show di <strong>Lercio<\/strong>, il sito satirico italiano per eccellenza. Le loro dissacranti notizie sono a tutti note. \u00abRegistra \u201cSa Sa Sa Prova\u201d alla SIAE e diventa milionario\u00bb. \u00abLa nonna stacca la spina della Playstation al nipote, lui la stacca al nonno\u00bb. \u00abDonna cambia sesso per parcheggiare meglio\u00bb. Per altri bollettini spregiudicati direttamente dai maghi della satira da milioni di follower, appuntamento a teatro per la tappa udinese del tour del decennale dello sporco che fa notizia.<\/p>\n<p> \t<strong>Venerd\u00ec 17 novembre al cinema Visionario, a partire dalle 20.30<\/strong>,<strong> n<\/strong>ella prima parte <strong>Nicola Angeli<\/strong> (direttore di UdineToday.it, TriestePrima.it e PordenoneToday.it e conduttore di trasmissioni televisive) dialogher\u00e0 con <strong>Adrian Fartade <\/strong>(celebre divulgatore scientifico che sul suo canale YouTube da oltre 400.000 follower si occupa di astronomia per appassionare alla conoscenza anche i pi\u00f9 restii) in un viaggio nel tempo. \u201c<strong><em>Non siamo mai andati sulla Luna<\/em><\/strong>\u201d il titolo, provocatorio, dell\u2019incontro, per analizzare una delle pi\u00f9 famose bufale della storia. Cinquant\u2019anni dopo, la nuova sfida \u00e8 confrontarsi con l\u2019infodemia, argomento a cui \u00e8 dedicato il docufilm \u201c<strong><em>Infodemic &#8211; Il virus siamo noi<\/em><\/strong>\u201d, che verr\u00e0 proiettato nella seconda parte del venerd\u00ec sera.<\/p>\n<p> \t<strong>Domenica 19 novembre al Centro Commerciale Citt\u00e0 Fiera <\/strong>presentazione di un libro, ma anche uno show cooking, un dibattito partecipato e una piccola fiera con le eccellenze del territorio. Per parlare di \u201c<strong><em>Diete e bugie<\/em><\/strong>\u201d e di fake news legate all\u2019alimentazione saliranno in cattedra e ai fornelli <strong>Massimiliano Andreetta <\/strong>(giornalista inviato di PiazzaPulita, gi\u00e0 autore de Le Iene, e autore nel 2023 del libro \u201cDiete e bugie\u201d), <strong>Sara Fabris<\/strong> (nutrizionista e dietista che ha collaborato in questa veste con la prima squadra dell\u2019Udinese Calcio e dello Spartak Mosca) e <strong>Federico Mariutti<\/strong> (chef e titolare dell\u2019Osteria Turlonia e volto televisivo de \u201cLa Prova del Cuoco\u201d su Rai1 e di \u201cCuochi d\u2019Italia\u201d e \u201cOgni Mattina\u201d su Tv8). Appuntamento per \u201csedersi a tavola\u201d alle <strong>15.30<\/strong>: l\u2019antipasto \u00e8 il<strong> Data Caf\u00e8<\/strong> organizzato in collaborazione con ReGeneration Hub Friuli.<\/p>\n<p> \tLa settimana del festival partir\u00e0 gi\u00e0 <strong>marted\u00ec 14 novembre alla Torre di Santa Maria alle 18 <\/strong>con la tavola rotonda \u201c<strong><em>Big data: rischi e opportunit\u00e0<\/em><\/strong>\u201d, organizzata in collaborazione con ALIg &#8211; Associazione dei Laureati in Ingegneria gestionale e Universit\u00e0 degli Studi di Udine. Introdotti dal prof. <strong>Marco Sartor <\/strong>(professore associato, delegato del Rettore per il placement e i rapporti con le imprese e Direttore dell\u2019Executive MBA dell\u2019Universit\u00e0 di Udine) e con la moderazione della prof.ssa <strong>Giovanna Culot<\/strong> (ricercatrice nell\u2019area dell\u2019Ingegneria economico-gestionale presso il Dipartimento Politecnico di Ingegneria e Architettura dell\u2019Universit\u00e0 di Udine), saliranno in cattedra i rappresentanti di tre importanti aziende del territorio: <strong>Daniela Castiglione<\/strong> (Responsabile Operations e IT &#8211; Sistemi Informativi di Bluenergy Group),<strong> Paolo Sacco<\/strong> (Chief Operating Officer di Cassa Centrale Banca) e <strong>Matteo Zanirati<\/strong> (Data Engineering CRM Coop Alleanza 3.0).<\/p>\n<p> \t<strong>Gioved\u00ec 16 novembre, all\u2019auditorium dell\u2019Istituto Malignani, a partire dalle 9.30<\/strong>, andr\u00e0 invece in scena l\u2019incontro \u201c<strong><em>Una, nessuna, centomila verit\u00e0<\/em><\/strong>\u201d. Un dialogo con gli studenti delle scuole superiori per migliorare il modo di comunicare ed evitare di cadere in fake news e altri tranelli mediatici. Protagonisti dell\u2019evento, organizzato in collaborazione con l\u2019Associazione Media Educazione Comunit\u00e0 e l\u2019I.S.I.S. Arturo Malignani, saranno<strong> Eugenio Radin <\/strong>(lavora da diversi anni nel mondo della comunicazione e del digital marketing e cura il progetto \u201cWhite Whale Caf\u00e8\u201d), <strong>Davide Sciacchitano<\/strong> (giornalista e media educator che collabora con l\u2019associazione Mec) e ovviamente gli studenti.<\/p>\n<p> \t<strong>Gioved\u00ec 23 novembre <\/strong>sar\u00e0 invece il turno delle ragazze e dei ragazzi delle scuole elementari e medie. All\u2019<strong>Istituto Salesiano G. Bearzi, a partire dalle 9.30, Andrea Maggi <\/strong>(diventato l\u2019insegnante pi\u00f9 famoso d\u2019Italia nella veste di professore di italiano, latino ed educazione civica nel docu-reality di Rai2 \u201cIl Collegio\u201d) accompagner\u00e0 i giovani naviganti in un viaggio nella storia delle bufale. Con due laboratori tenuti da <strong>Irene Greco<\/strong> (ideatrice del progetto Leggimiprima e autrice) e <strong>Davide Sciacchitano <\/strong>si passer\u00e0 poi dalla teoria alla pratica, per imparare a navigare nel caos dell\u2019informazione digitale con saggezza. L\u2019evento \u00e8 organizzato in collaborazione con l\u2019Associazione Mec e Leggimiprima.\u00a0\u00a0\u00a0<\/p>\n<p> \tSpazio, infine, al <strong>ruolo dell\u2019educazione permanente nel contrasto alle fake news. Venerd\u00ec 17 novembre alle 16 all\u2019Hotel Astoria <\/strong>ci saranno<strong> Francesco Florenzano<\/strong> (presidente Unieda e portavoce Italia Educativa), <strong>Luca Bizzarri<\/strong> (Dirigente Settore Educazione Permanente, biblioteche e audiovisivi della Provincia Aut<br \/>\nnoma di Bolzano), <strong>Flavia Virgilio<\/strong> (Dirigente del CPIA della Provincia di Udine) e <strong>referenti del mondo delle Universit\u00e0 Popolari del Fvg<\/strong> a confrontarsi sulle sfide che gli adulti devono affrontare per rimanere al passo con gli sviluppo dell\u2019informazione e del digitale, in un evento organizzato in collaborazione con Unieda &#8211; Unione Italiana di educazione degli adulti.<\/p>\n<p> \t\u00a0<\/p>\n","protected":false},"excerpt":{"rendered":"<p>Oltre 50 ospiti, 16 appuntamenti, 3 serate a teatro e 1 al cinema: dal 14 novembre eventi e approfondimenti per diffondere pensiero critico e cultura informativa<\/p>\n","protected":false},"author":28,"featured_media":50288,"comment_status":"closed","ping_status":"closed","sticky":false,"template":"","format":"standard","meta":{"dwc-title":[],"dwc-content":[],"footnotes":""},"categories":[37],"tags":[],"class_list":["post-50287","post","type-post","status-publish","format-standard","has-post-thumbnail","hentry","category-cultura-e-spettacolo"],"rttpg_featured_image_url":{"full":["https:\/\/imagazine.it\/wp-content\/uploads\/2024\/02\/54921-1.webp",1000,667,false],"landscape":["https:\/\/imagazine.it\/wp-content\/uploads\/2024\/02\/54921-1.webp",1000,667,false],"portraits":["https:\/\/imagazine.it\/wp-content\/uploads\/2024\/02\/54921-1.webp",1000,667,false],"thumbnail":["https:\/\/imagazine.it\/wp-content\/uploads\/2024\/02\/54921-1-150x150.webp",150,150,true],"medium":["https:\/\/imagazine.it\/wp-content\/uploads\/2024\/02\/54921-1-300x200.webp",300,200,true],"large":["https:\/\/imagazine.it\/wp-content\/uploads\/2024\/02\/54921-1.webp",640,427,false],"thumblist":["https:\/\/imagazine.it\/wp-content\/uploads\/2024\/02\/54921-1-300x300.webp",300,300,true],"thumbrelated":["https:\/\/imagazine.it\/wp-content\/uploads\/2024\/02\/54921-1-500x500.webp",500,500,true],"meccarouselthumb":["https:\/\/imagazine.it\/wp-content\/uploads\/2024\/02\/54921-1-474x324.webp",474,324,true],"gridsquare":["https:\/\/imagazine.it\/wp-content\/uploads\/2024\/02\/54921-1-391x260.webp",391,260,true],"tileview":["https:\/\/imagazine.it\/wp-content\/uploads\/2024\/02\/54921-1-300x400.webp",300,400,true],"1536x1536":["https:\/\/imagazine.it\/wp-content\/uploads\/2024\/02\/54921-1.webp",1000,667,false],"2048x2048":["https:\/\/imagazine.it\/wp-content\/uploads\/2024\/02\/54921-1.webp",1000,667,false],"newsup-slider-full":["https:\/\/imagazine.it\/wp-content\/uploads\/2024\/02\/54921-1.webp",1000,667,false],"newsup-featured":["https:\/\/imagazine.it\/wp-content\/uploads\/2024\/02\/54921-1.webp",1000,667,false],"newsup-medium":["https:\/\/imagazine.it\/wp-content\/uploads\/2024\/02\/54921-1-720x380.webp",720,380,true],"tptn_thumbnail":["https:\/\/imagazine.it\/wp-content\/uploads\/2024\/02\/54921-1.webp",250,167,false],"sow-carousel-default":["https:\/\/imagazine.it\/wp-content\/uploads\/2024\/02\/54921-1.webp",272,182,false]},"rttpg_author":{"display_name":"redazione","author_link":"https:\/\/imagazine.it\/home_desk\/author\/redazione\/"},"rttpg_comment":0,"rttpg_category":"<a href=\"https:\/\/imagazine.it\/home_desk\/category\/cultura-e-spettacolo\/\" rel=\"category tag\">CULTURA&amp;SPETTACOLO<\/a>","rttpg_excerpt":"Oltre 50 ospiti, 16 appuntamenti, 3 serate a teatro e 1 al cinema: dal 14 novembre eventi e approfondimenti per diffondere pensiero critico e cultura informativa","_links":{"self":[{"href":"https:\/\/imagazine.it\/home_desk\/wp-json\/wp\/v2\/posts\/50287","targetHints":{"allow":["GET"]}}],"collection":[{"href":"https:\/\/imagazine.it\/home_desk\/wp-json\/wp\/v2\/posts"}],"about":[{"href":"https:\/\/imagazine.it\/home_desk\/wp-json\/wp\/v2\/types\/post"}],"author":[{"embeddable":true,"href":"https:\/\/imagazine.it\/home_desk\/wp-json\/wp\/v2\/users\/28"}],"replies":[{"embeddable":true,"href":"https:\/\/imagazine.it\/home_desk\/wp-json\/wp\/v2\/comments?post=50287"}],"version-history":[{"count":0,"href":"https:\/\/imagazine.it\/home_desk\/wp-json\/wp\/v2\/posts\/50287\/revisions"}],"wp:featuredmedia":[{"embeddable":true,"href":"https:\/\/imagazine.it\/home_desk\/wp-json\/wp\/v2\/media\/50288"}],"wp:attachment":[{"href":"https:\/\/imagazine.it\/home_desk\/wp-json\/wp\/v2\/media?parent=50287"}],"wp:term":[{"taxonomy":"category","embeddable":true,"href":"https:\/\/imagazine.it\/home_desk\/wp-json\/wp\/v2\/categories?post=50287"},{"taxonomy":"post_tag","embeddable":true,"href":"https:\/\/imagazine.it\/home_desk\/wp-json\/wp\/v2\/tags?post=50287"}],"curies":[{"name":"wp","href":"https:\/\/api.w.org\/{rel}","templated":true}]}}