{"id":50239,"date":"2023-10-24T00:00:00","date_gmt":"2023-10-23T22:00:00","guid":{"rendered":"https:\/\/imagazine.it\/codroipo-nuova-citta-del-vino-in-fvg\/"},"modified":"2023-10-24T00:00:00","modified_gmt":"2023-10-23T22:00:00","slug":"codroipo-nuova-citta-del-vino-in-fvg","status":"publish","type":"post","link":"https:\/\/imagazine.it\/home_desk\/codroipo-nuova-citta-del-vino-in-fvg\/","title":{"rendered":"Codroipo nuova Citt\u00e0 del Vino in FVG"},"content":{"rendered":"<p> \tCODROIPO \u2013 Salgono a quota 37 le <strong>Citt\u00e0 del Vino in Friuli Venezia Giulia<\/strong>: infatti il Comune di <strong>Codroipo<\/strong> ha deciso di aderire all\u2019Associazione nazionale che a livello territoriale ha la sua diramazione nel Coordinamento regionale.<\/p>\n<p> \tLa consegna ufficiale della bandiera al sindaco <strong>Guido Nardini<\/strong> avverr\u00e0 sabato 28 ottobre nel contesto del convegno \u201c<em>Sistema agroalimentare &#8211; Una risorsa per lo sviluppo del territorio<\/em>\u201d, alle 18 nella sala consiliare durante la <strong>Fiera di San Simone<\/strong>.<\/p>\n<p> \tA seguire in questi mesi il procedimento di adesione \u00e8 stato l\u2019assessore alle Attivit\u00e0 economiche <strong>Giorgio Turcati<\/strong> insieme al consigliere comunale <strong>Giuseppe Damiani<\/strong>.\u00a0<\/p>\n<p> \t\u201cL\u2019adesione di Codroipo \u2013 commenta il coordinatore regionale delle Citt\u00e0 del Vino, <strong>Tiziano Venturini<\/strong> \u2013rappresenta un importante passaggio nella storia della nostra associazione: si tratta del Comune pi\u00f9 popoloso della provincia di Udine. A questo punto in regione pi\u00f9 di un cittadino su dieci risiede nel territorio di una Citt\u00e0 del Vino. Siamo come una grande famiglia, in cui gli amministratori collaborano nell\u2019organizzare eventi di grande richiamo per appassionati di vino e non solo, in stretta collaborazione con le cantine: anche Codroipo porter\u00e0 il suo prezioso contributo\u201d.\u00a0<\/p>\n<p> \tAl convegno interverranno i professori dell\u2019Universit\u00e0 degli Studi di Udine <strong>Francesco Marangon<\/strong> e <strong>Alberto Sillani<\/strong>, <strong>Eleonora Serpelloni<\/strong> di PromoTurismoFVG e <strong>Giovanni Litt<\/strong> di Sinloc Padova.<\/p>\n<p> \t\u201cLo sviluppo locale \u2013 spiegano dall\u2019amministrazione comunale codroipese \u2013 non \u00e8 solo il processo di crescita di un soggetto o di un settore produttivo singolo, ma un processo complesso basato sulla valorizzazione sostenibile delle risorse materiali e immateriali presenti in un territorio vasto\u201d.\u00a0<\/p>\n<p> \tL\u2019Associazione Citt\u00e0 del Vino, istituita a Siena il 21 marzo 1987, \u00e8 una rete di Comuni a vocazione vitivinicola e di enti territoriali, depositari di almeno una DOP e IGP; opera per la loro valorizzazione e rappresenta un ideale itinerario tra paesi e citt\u00e0 che custodiscono tradizioni, storia e cultura del vino. Collabora a progetti di sviluppo sostenibile, con particolare attenzione alla tutela del paesaggio e dell\u2019assetto del territorio, e alla valorizzazione delle produzioni enologiche e dei vitigni autoctoni. Interloquisce con le istituzioni regionali e nazionali per favorire atti e norme a sostegno del vino italiano e dell\u2019enoturismo.<\/p>\n<p> \tIn totale i Comuni aderenti alle Citt\u00e0 del Vino in regione sono quindi ora 37: Aquileia, Bertiolo, Buttrio, Camino al Tagliamento, Capriva del Friuli, Casarsa della Delizia, Cividale del Friuli, Codroipo, Corm\u00f2ns, Corno di Rosazzo, Dolegna del Collio, Duino Aurisina \u2013 Devin Nabre\u017eina, Gorizia, Gradisca d\u2019Isonzo, Latisana, Manzano, Mariano del Friuli, Moraro, Nimis, Monrupino &#8211; Repentabor, Muggia, Palazzolo dello Stella, Povoletto, Pocenia, Premariacco, Prepotto, San Dorligo della Valle-Dolina, San Floriano del Collio &#8211; \u0160teverjan, San Giorgio della Richinvelda, San Giovanni al Natisone, San Quirino, San Vito al Tagliamento, Sequals, Sesto al Reghena, Sgonico \u2013 Zgonik, Trivignano Udinese, Torreano. Aderiscono anche 6 Pro Loco attive in altrettanti Comuni gi\u00e0 Citt\u00e0 del Vino: Casarsa della Delizia, Buri Buttrio, Mitreo Duino Aurisina, Risorgive Medio Friuli Bertiolo, Manzano e Latisana.<\/p>\n<p> \t\u00a0<\/p>\n","protected":false},"excerpt":{"rendered":"<p>Il comune pi\u00f9 popoloso della provincia di Udine sar\u00e0 la trentasettesima realt\u00e0 regionale a entrare nell&#8217;associazione<\/p>\n","protected":false},"author":28,"featured_media":50240,"comment_status":"closed","ping_status":"closed","sticky":false,"template":"","format":"standard","meta":{"dwc-title":[],"dwc-content":[],"footnotes":""},"categories":[8],"tags":[],"class_list":["post-50239","post","type-post","status-publish","format-standard","has-post-thumbnail","hentry","category-turismo"],"rttpg_featured_image_url":{"full":["https:\/\/imagazine.it\/wp-content\/uploads\/2024\/02\/54848-1.webp",1000,750,false],"landscape":["https:\/\/imagazine.it\/wp-content\/uploads\/2024\/02\/54848-1.webp",1000,750,false],"portraits":["https:\/\/imagazine.it\/wp-content\/uploads\/2024\/02\/54848-1.webp",1000,750,false],"thumbnail":["https:\/\/imagazine.it\/wp-content\/uploads\/2024\/02\/54848-1-150x150.webp",150,150,true],"medium":["https:\/\/imagazine.it\/wp-content\/uploads\/2024\/02\/54848-1-300x225.webp",300,225,true],"large":["https:\/\/imagazine.it\/wp-content\/uploads\/2024\/02\/54848-1.webp",640,480,false],"thumblist":["https:\/\/imagazine.it\/wp-content\/uploads\/2024\/02\/54848-1-300x300.webp",300,300,true],"thumbrelated":["https:\/\/imagazine.it\/wp-content\/uploads\/2024\/02\/54848-1-500x500.webp",500,500,true],"meccarouselthumb":["https:\/\/imagazine.it\/wp-content\/uploads\/2024\/02\/54848-1-474x324.webp",474,324,true],"gridsquare":["https:\/\/imagazine.it\/wp-content\/uploads\/2024\/02\/54848-1-391x260.webp",391,260,true],"tileview":["https:\/\/imagazine.it\/wp-content\/uploads\/2024\/02\/54848-1-300x400.webp",300,400,true],"1536x1536":["https:\/\/imagazine.it\/wp-content\/uploads\/2024\/02\/54848-1.webp",1000,750,false],"2048x2048":["https:\/\/imagazine.it\/wp-content\/uploads\/2024\/02\/54848-1.webp",1000,750,false],"newsup-slider-full":["https:\/\/imagazine.it\/wp-content\/uploads\/2024\/02\/54848-1-1000x720.webp",1000,720,true],"newsup-featured":["https:\/\/imagazine.it\/wp-content\/uploads\/2024\/02\/54848-1.webp",1000,750,false],"newsup-medium":["https:\/\/imagazine.it\/wp-content\/uploads\/2024\/02\/54848-1-720x380.webp",720,380,true],"tptn_thumbnail":["https:\/\/imagazine.it\/wp-content\/uploads\/2024\/02\/54848-1.webp",250,188,false],"sow-carousel-default":["https:\/\/imagazine.it\/wp-content\/uploads\/2024\/02\/54848-1.webp",243,182,false]},"rttpg_author":{"display_name":"redazione","author_link":"https:\/\/imagazine.it\/home_desk\/author\/redazione\/"},"rttpg_comment":0,"rttpg_category":"<a href=\"https:\/\/imagazine.it\/home_desk\/category\/turismo\/\" rel=\"category tag\">TURISMO<\/a>","rttpg_excerpt":"Il comune pi\u00f9 popoloso della provincia di Udine sar\u00e0 la trentasettesima realt\u00e0 regionale a entrare nell'associazione","_links":{"self":[{"href":"https:\/\/imagazine.it\/home_desk\/wp-json\/wp\/v2\/posts\/50239","targetHints":{"allow":["GET"]}}],"collection":[{"href":"https:\/\/imagazine.it\/home_desk\/wp-json\/wp\/v2\/posts"}],"about":[{"href":"https:\/\/imagazine.it\/home_desk\/wp-json\/wp\/v2\/types\/post"}],"author":[{"embeddable":true,"href":"https:\/\/imagazine.it\/home_desk\/wp-json\/wp\/v2\/users\/28"}],"replies":[{"embeddable":true,"href":"https:\/\/imagazine.it\/home_desk\/wp-json\/wp\/v2\/comments?post=50239"}],"version-history":[{"count":0,"href":"https:\/\/imagazine.it\/home_desk\/wp-json\/wp\/v2\/posts\/50239\/revisions"}],"wp:featuredmedia":[{"embeddable":true,"href":"https:\/\/imagazine.it\/home_desk\/wp-json\/wp\/v2\/media\/50240"}],"wp:attachment":[{"href":"https:\/\/imagazine.it\/home_desk\/wp-json\/wp\/v2\/media?parent=50239"}],"wp:term":[{"taxonomy":"category","embeddable":true,"href":"https:\/\/imagazine.it\/home_desk\/wp-json\/wp\/v2\/categories?post=50239"},{"taxonomy":"post_tag","embeddable":true,"href":"https:\/\/imagazine.it\/home_desk\/wp-json\/wp\/v2\/tags?post=50239"}],"curies":[{"name":"wp","href":"https:\/\/api.w.org\/{rel}","templated":true}]}}