{"id":50221,"date":"2023-10-15T00:00:00","date_gmt":"2023-10-14T22:00:00","guid":{"rendered":"https:\/\/imagazine.it\/ruda-rimpatriata-tra-amicizia-e-solidarieta\/"},"modified":"2023-10-15T00:00:00","modified_gmt":"2023-10-14T22:00:00","slug":"ruda-rimpatriata-tra-amicizia-e-solidarieta","status":"publish","type":"post","link":"https:\/\/imagazine.it\/home_desk\/ruda-rimpatriata-tra-amicizia-e-solidarieta\/","title":{"rendered":"Ruda, rimpatriata tra amicizia e solidariet\u00e0"},"content":{"rendered":"<p> \tRUDA \u2013 Come consuetudine nei piccoli paesi si festeggia \u201cla Classe\u201d, un incontro tra i coetanei nati nello stesso anno.<\/p>\n<p> \tA Ruda \u00e8 stato festeggiato l\u2019incontro dei nati del 1963, ragazzi e ragazze che quest\u2019anno spengono le 60 candeline.<\/p>\n<p> \tMa oltre alla parte ludica della giornata, \u00e8 nato anche un momento di consapevole solidariet\u00e0 e di spirito di gruppo, in quanto \u00e8 stata raccolta una somma di denaro, 280 euro, che sabato 14 ottobre \u00e8 stata <u><a href=\"https:\/\/www.imagazine.it\/notizie-trieste-gorizia-udine-friuli\/14100\" target=\"_blank\" rel=\"noopener\"><span style=\"color:#0000cd;\">consegnata agli organizzatori della <strong>Lucciolata<\/strong><\/span><\/a><\/u>.<\/p>\n<p> \tPer festeggiare questo traguardo il gruppo di rudesi si \u00e8 recato a Strugnano, in Slovenia. Qui la comitiva ha raggiunto il <strong>Santuario della Madonna di Strugnano<\/strong>, il pi\u00f9 importante santuario Mariano dell\u2019Istria, per poi proseguire in direzione del parco naturale ritrovandosi di fronte alla \u201cCroce\u201d con pietra bianca del 1660, a strapiombo sul mare, simbolo sacro che avverte i navigatori della vicinanza della terraferma.<\/p>\n<p> \tDa questo punto spettacolare i neo sessantenni rudesi hanno potuto godere una vista stupenda, sotto la falesia, il Golfo di Trieste, il Monte Tricorno (Triglav).<\/p>\n<p> \tDopo il pasto e una bella camminata sul lungomare di Pirano hanno fatto rientro a Ruda dove erano attesi da altri coetanei che per motivi vari non hanno potuto partecipare alla giornata ludica, e con loro si sono diretti in pizzeria per terminare insieme la giornata.<\/p>\n<p> \t\u00a0<\/p>\n","protected":false},"excerpt":{"rendered":"<p>I sessantenni del paese hanno voluto fornire il proprio contributo alla Via di Natale<\/p>\n","protected":false},"author":22,"featured_media":50222,"comment_status":"closed","ping_status":"closed","sticky":false,"template":"","format":"standard","meta":{"dwc-title":[],"dwc-content":[],"footnotes":""},"categories":[5],"tags":[],"class_list":["post-50221","post","type-post","status-publish","format-standard","has-post-thumbnail","hentry","category-attualita"],"rttpg_featured_image_url":{"full":["https:\/\/imagazine.it\/wp-content\/uploads\/2024\/02\/54815-1.webp",1000,513,false],"landscape":["https:\/\/imagazine.it\/wp-content\/uploads\/2024\/02\/54815-1.webp",1000,513,false],"portraits":["https:\/\/imagazine.it\/wp-content\/uploads\/2024\/02\/54815-1.webp",1000,513,false],"thumbnail":["https:\/\/imagazine.it\/wp-content\/uploads\/2024\/02\/54815-1-150x150.webp",150,150,true],"medium":["https:\/\/imagazine.it\/wp-content\/uploads\/2024\/02\/54815-1-300x154.webp",300,154,true],"large":["https:\/\/imagazine.it\/wp-content\/uploads\/2024\/02\/54815-1.webp",640,328,false],"thumblist":["https:\/\/imagazine.it\/wp-content\/uploads\/2024\/02\/54815-1-300x300.webp",300,300,true],"thumbrelated":["https:\/\/imagazine.it\/wp-content\/uploads\/2024\/02\/54815-1-500x500.webp",500,500,true],"meccarouselthumb":["https:\/\/imagazine.it\/wp-content\/uploads\/2024\/02\/54815-1-474x324.webp",474,324,true],"gridsquare":["https:\/\/imagazine.it\/wp-content\/uploads\/2024\/02\/54815-1-391x260.webp",391,260,true],"tileview":["https:\/\/imagazine.it\/wp-content\/uploads\/2024\/02\/54815-1-300x400.webp",300,400,true],"1536x1536":["https:\/\/imagazine.it\/wp-content\/uploads\/2024\/02\/54815-1.webp",1000,513,false],"2048x2048":["https:\/\/imagazine.it\/wp-content\/uploads\/2024\/02\/54815-1.webp",1000,513,false],"newsup-slider-full":["https:\/\/imagazine.it\/wp-content\/uploads\/2024\/02\/54815-1.webp",1000,513,false],"newsup-featured":["https:\/\/imagazine.it\/wp-content\/uploads\/2024\/02\/54815-1.webp",1000,513,false],"newsup-medium":["https:\/\/imagazine.it\/wp-content\/uploads\/2024\/02\/54815-1-720x380.webp",720,380,true],"tptn_thumbnail":["https:\/\/imagazine.it\/wp-content\/uploads\/2024\/02\/54815-1.webp",250,128,false],"sow-carousel-default":["https:\/\/imagazine.it\/wp-content\/uploads\/2024\/02\/54815-1.webp",272,140,false]},"rttpg_author":{"display_name":"Livio Nonis","author_link":"https:\/\/imagazine.it\/home_desk\/author\/nonis\/"},"rttpg_comment":0,"rttpg_category":"<a href=\"https:\/\/imagazine.it\/home_desk\/category\/attualita\/\" rel=\"category tag\">ATTUALIT\u00c0<\/a>","rttpg_excerpt":"I sessantenni del paese hanno voluto fornire il proprio contributo alla Via di Natale","_links":{"self":[{"href":"https:\/\/imagazine.it\/home_desk\/wp-json\/wp\/v2\/posts\/50221","targetHints":{"allow":["GET"]}}],"collection":[{"href":"https:\/\/imagazine.it\/home_desk\/wp-json\/wp\/v2\/posts"}],"about":[{"href":"https:\/\/imagazine.it\/home_desk\/wp-json\/wp\/v2\/types\/post"}],"author":[{"embeddable":true,"href":"https:\/\/imagazine.it\/home_desk\/wp-json\/wp\/v2\/users\/22"}],"replies":[{"embeddable":true,"href":"https:\/\/imagazine.it\/home_desk\/wp-json\/wp\/v2\/comments?post=50221"}],"version-history":[{"count":0,"href":"https:\/\/imagazine.it\/home_desk\/wp-json\/wp\/v2\/posts\/50221\/revisions"}],"wp:featuredmedia":[{"embeddable":true,"href":"https:\/\/imagazine.it\/home_desk\/wp-json\/wp\/v2\/media\/50222"}],"wp:attachment":[{"href":"https:\/\/imagazine.it\/home_desk\/wp-json\/wp\/v2\/media?parent=50221"}],"wp:term":[{"taxonomy":"category","embeddable":true,"href":"https:\/\/imagazine.it\/home_desk\/wp-json\/wp\/v2\/categories?post=50221"},{"taxonomy":"post_tag","embeddable":true,"href":"https:\/\/imagazine.it\/home_desk\/wp-json\/wp\/v2\/tags?post=50221"}],"curies":[{"name":"wp","href":"https:\/\/api.w.org\/{rel}","templated":true}]}}