{"id":50217,"date":"2023-10-20T00:00:00","date_gmt":"2023-10-19T22:00:00","guid":{"rendered":"https:\/\/imagazine.it\/trieste-airport-parcheggi-a-1-euro-per-favorire-il-trasporto-pubblico\/"},"modified":"2023-10-20T00:00:00","modified_gmt":"2023-10-19T22:00:00","slug":"trieste-airport-parcheggi-a-1-euro-per-favorire-il-trasporto-pubblico","status":"publish","type":"post","link":"https:\/\/imagazine.it\/home_desk\/trieste-airport-parcheggi-a-1-euro-per-favorire-il-trasporto-pubblico\/","title":{"rendered":"Trieste Airport, parcheggi a 1 euro per favorire il trasporto pubblico"},"content":{"rendered":"<p> \tRONCHI DEI LEGIONARI \u2013 Regione FVG e Aeroporto comunicano novit\u00e0 per il sistema parcheggi a supporto dei servizi di trasporto pubblico via treno e bus.<\/p>\n<p> \t<strong>Dal 23 ottobre <\/strong>sar\u00e0 possibile utilizzare i <strong>1.000 stalli dei parcheggi P8 e P9 a titolo gratuito<\/strong> <strong>per 30 minuti<\/strong> di sosta e al costo di <strong>un euro entro le 12 ore di sosta nel P8<\/strong>.<\/p>\n<p> \tQuesta drastica riduzione del costo dei parcheggi ha l\u2019obiettivo di stimolare l\u2019uso dei servizi di trasporto pubblico presenti nel polo intermodale dell\u2019aeroporto ed \u00e8 rivolto a diverse tipologie di utenti, dai pendolari agli accompagnatori, ai turisti che utilizzano l\u2019auto ma vogliono raggiungere i centri urbani regionali con i mezzi pubblici.<\/p>\n<p> \tCon questa nuova politica tariffaria gli utenti del trasporto pubblico regionale avranno la possibilit\u00e0 di utilizzare un\u2019area di parcheggio con un elevato numero di stalli e adeguati standard di sicurezza per le persone e per le autovetture.<\/p>\n<p> \tRegione e Aeroporto stanno ricercando le migliori soluzioni di sviluppo del polo intermodale dello scalo attraverso azioni mirate e integrate in un unico sistema di mobilit\u00e0 regionale per garantire alle diverse tipologie di utenti soluzioni diversificate ed economicamente vantaggiose.<\/p>\n<p> \tIl progetto di sviluppo dell\u2019inter-modalit\u00e0 del Trieste Airport avr\u00e0 una <strong>fase di sperimentazione in cui potranno essere definite modifiche e aggiornamenti<\/strong>, nell\u2019ottica di un costante miglioramento del funzionamento del Centro Intermodale di Mobilit\u00e0 Regionale e in direzione di proporre, alle diverse tipologie di utenti, le pi\u00f9 efficaci soluzioni di trasporto.<\/p>\n<p> \t\u201c<em>P<\/em><em>er la nostra Regione \u2013 <\/em>afferma l\u2019assessore alle infrastrutture e territorio di Regione FVG l\u2019ingegnere <strong>Cristina Amirante<\/strong><em> \u2013 tenuto conto della posizione baricentrica dell&#8217;aeroporto, \u00e8 strategico proporre una soluzione di intermodalit\u00e0 spinta a servizio non solo dei turisti ma soprattutto per gli spostamenti sistematici riducendo l&#8217;uso dell&#8217;auto privata. Un impegno che grazie alla sinergia con Trieste Airport e degli uffici della Direzione infrastrutture e territorio, che ringrazio, la Regione ha potuto portare avanti e realizzare. Valuteremo dopo un primo periodo i risultati per integrare e migliorare ulteriormente l&#8217;offerta\u201d.<\/em><\/p>\n<p> \t\u201c<em>L<\/em><em>o sviluppo dell\u2019aeroporto in termini di numero di collegamenti e frequenze dei voli \u2013 <\/em>evidenzia l\u2019amministratore delegato dell\u2019aeroporto regionale, <strong>Marco Consalvo<\/strong> <em>\u2013 generer\u00e0 sempre pi\u00f9 domanda di mobilit\u00e0 pubblica e dovremo diversificare l\u2019offerta in considerazione delle esigenze delle diverse categorie di utenti. Oltre all\u2019utenza del trasporto aereo, al polo intermodale saranno, quindi, offerti servizi vantaggiosi anche all\u2019utenza che si sposta in auto per prendere il treno o accedere ai sevizi bus<\/em>\u201d.<\/p>\n<p> \t\u00a0<\/p>\n","protected":false},"excerpt":{"rendered":"<p>Drastica riduzione dei costi per promuovere l&#8217;uso di mezzi in partenza dal polo intermodale per pendolari e turisti. La sosta di 30 minuti sar\u00e0 gratuita<\/p>\n","protected":false},"author":28,"featured_media":50218,"comment_status":"closed","ping_status":"closed","sticky":false,"template":"","format":"standard","meta":{"dwc-title":[],"dwc-content":[],"footnotes":""},"categories":[5],"tags":[],"class_list":["post-50217","post","type-post","status-publish","format-standard","has-post-thumbnail","hentry","category-attualita"],"rttpg_featured_image_url":{"full":["https:\/\/imagazine.it\/wp-content\/uploads\/2024\/02\/54807-1.webp",1000,654,false],"landscape":["https:\/\/imagazine.it\/wp-content\/uploads\/2024\/02\/54807-1.webp",1000,654,false],"portraits":["https:\/\/imagazine.it\/wp-content\/uploads\/2024\/02\/54807-1.webp",1000,654,false],"thumbnail":["https:\/\/imagazine.it\/wp-content\/uploads\/2024\/02\/54807-1-150x150.webp",150,150,true],"medium":["https:\/\/imagazine.it\/wp-content\/uploads\/2024\/02\/54807-1-300x196.webp",300,196,true],"large":["https:\/\/imagazine.it\/wp-content\/uploads\/2024\/02\/54807-1.webp",640,419,false],"thumblist":["https:\/\/imagazine.it\/wp-content\/uploads\/2024\/02\/54807-1-300x300.webp",300,300,true],"thumbrelated":["https:\/\/imagazine.it\/wp-content\/uploads\/2024\/02\/54807-1-500x500.webp",500,500,true],"meccarouselthumb":["https:\/\/imagazine.it\/wp-content\/uploads\/2024\/02\/54807-1-474x324.webp",474,324,true],"gridsquare":["https:\/\/imagazine.it\/wp-content\/uploads\/2024\/02\/54807-1-391x260.webp",391,260,true],"tileview":["https:\/\/imagazine.it\/wp-content\/uploads\/2024\/02\/54807-1-300x400.webp",300,400,true],"1536x1536":["https:\/\/imagazine.it\/wp-content\/uploads\/2024\/02\/54807-1.webp",1000,654,false],"2048x2048":["https:\/\/imagazine.it\/wp-content\/uploads\/2024\/02\/54807-1.webp",1000,654,false],"newsup-slider-full":["https:\/\/imagazine.it\/wp-content\/uploads\/2024\/02\/54807-1.webp",1000,654,false],"newsup-featured":["https:\/\/imagazine.it\/wp-content\/uploads\/2024\/02\/54807-1.webp",1000,654,false],"newsup-medium":["https:\/\/imagazine.it\/wp-content\/uploads\/2024\/02\/54807-1-720x380.webp",720,380,true],"tptn_thumbnail":["https:\/\/imagazine.it\/wp-content\/uploads\/2024\/02\/54807-1.webp",250,164,false],"sow-carousel-default":["https:\/\/imagazine.it\/wp-content\/uploads\/2024\/02\/54807-1.webp",272,178,false]},"rttpg_author":{"display_name":"redazione","author_link":"https:\/\/imagazine.it\/home_desk\/author\/redazione\/"},"rttpg_comment":0,"rttpg_category":"<a href=\"https:\/\/imagazine.it\/home_desk\/category\/attualita\/\" rel=\"category tag\">ATTUALIT\u00c0<\/a>","rttpg_excerpt":"Drastica riduzione dei costi per promuovere l'uso di mezzi in partenza dal polo intermodale per pendolari e turisti. La sosta di 30 minuti sar\u00e0 gratuita","_links":{"self":[{"href":"https:\/\/imagazine.it\/home_desk\/wp-json\/wp\/v2\/posts\/50217","targetHints":{"allow":["GET"]}}],"collection":[{"href":"https:\/\/imagazine.it\/home_desk\/wp-json\/wp\/v2\/posts"}],"about":[{"href":"https:\/\/imagazine.it\/home_desk\/wp-json\/wp\/v2\/types\/post"}],"author":[{"embeddable":true,"href":"https:\/\/imagazine.it\/home_desk\/wp-json\/wp\/v2\/users\/28"}],"replies":[{"embeddable":true,"href":"https:\/\/imagazine.it\/home_desk\/wp-json\/wp\/v2\/comments?post=50217"}],"version-history":[{"count":0,"href":"https:\/\/imagazine.it\/home_desk\/wp-json\/wp\/v2\/posts\/50217\/revisions"}],"wp:featuredmedia":[{"embeddable":true,"href":"https:\/\/imagazine.it\/home_desk\/wp-json\/wp\/v2\/media\/50218"}],"wp:attachment":[{"href":"https:\/\/imagazine.it\/home_desk\/wp-json\/wp\/v2\/media?parent=50217"}],"wp:term":[{"taxonomy":"category","embeddable":true,"href":"https:\/\/imagazine.it\/home_desk\/wp-json\/wp\/v2\/categories?post=50217"},{"taxonomy":"post_tag","embeddable":true,"href":"https:\/\/imagazine.it\/home_desk\/wp-json\/wp\/v2\/tags?post=50217"}],"curies":[{"name":"wp","href":"https:\/\/api.w.org\/{rel}","templated":true}]}}