{"id":50211,"date":"2023-10-13T00:00:00","date_gmt":"2023-10-12T22:00:00","guid":{"rendered":"https:\/\/imagazine.it\/ruda-scuola-e-campp-spiegano-la-forza-del-dialogo\/"},"modified":"2023-10-13T00:00:00","modified_gmt":"2023-10-12T22:00:00","slug":"ruda-scuola-e-campp-spiegano-la-forza-del-dialogo","status":"publish","type":"post","link":"https:\/\/imagazine.it\/home_desk\/ruda-scuola-e-campp-spiegano-la-forza-del-dialogo\/","title":{"rendered":"Ruda, scuola e CAMPP spiegano la forza del dialogo"},"content":{"rendered":"<p> \tRUDA \u2013 Una mattinata all&#8217;insegna di storia, leggende, giochi, sport, divertimento e concordia.<\/p>\n<p> \tI ragazzi con disabilit\u00e0 del C.A.M.P.P.\u00a0 (Consorzio per l\u2019Assistenza Medico Psico Pedagogica) \u2013 U.E.T. (Unit\u00e0 Educativa Territoriale) &#8220;Buon Vento&#8221; anche quest&#8217;anno hanno invitato i bambini della scuola primaria \u201cPadre Davide Maria Turoldo\u201d di Ruda e la comunit\u00e0 di San Nicol\u00f2 a partecipare, presso l&#8217;area sportiva di via Cavalieri di Malta, a una storia animata.<\/p>\n<p> \tSi \u00e8 voluto rappresentare &#8220;<em>Attila e il tesoro di San Nicol\u00f2<\/em>&#8220;, nella quale si narra che dopo aver distrutto Aquileia, gli Unni portarono con s\u00e8 una cassa con un tesoro&#8230; maledetto. Spaventati dalla maledizione, i barbari nascosero fuori dalle mura il \u201ctesoraccio\u201d.<\/p>\n<p> \tTrascorsi secoli, Aquileia venne ricostruita e arriv\u00f2 il patriarca Popone. I suoi successori diedero il compito ai Cavalieri di Malta di cercare il tesoro, e cos\u00ec nella ricerca venne fondata San Nicol\u00f2 di Ruda, ma non trovarono nulla dell&#8217;antico scrigno. Alla fine del &#8216;700 anche Napoleone venne a sapere del tesoro, sequestr\u00f2 palazzo (Commenda) e terreni dei Cavalieri di Malta ma anche i suoi uomini fallirono.<\/p>\n<p> \tA ogni passaggio storico due squadre di alunni si sono fronteggiate in giochi di altri tempi con spade e scudi di cartone fra scenografie costruite anch&#8217;esse dai ragazzi con disabilit\u00e0 frequentanti il CAMPP.<\/p>\n<p> \tAlla fine della gara gli alunni hanno compreso che, senza usare le armi, ma solo cercando assieme e in concordia hanno trovato lo scrigno con il premio.<\/p>\n<p> \t\u00a0<\/p>\n","protected":false},"excerpt":{"rendered":"<p>Allievi della primaria e giovani con disabilit\u00e0 protagonisti di una mattinata tra storia, leggende, giochi, sport, divertimento e concordia<\/p>\n","protected":false},"author":22,"featured_media":50212,"comment_status":"closed","ping_status":"closed","sticky":false,"template":"","format":"standard","meta":{"dwc-title":[],"dwc-content":[],"footnotes":""},"categories":[5],"tags":[],"class_list":["post-50211","post","type-post","status-publish","format-standard","has-post-thumbnail","hentry","category-attualita"],"rttpg_featured_image_url":{"full":["https:\/\/imagazine.it\/wp-content\/uploads\/2024\/02\/54798-1.webp",1000,750,false],"landscape":["https:\/\/imagazine.it\/wp-content\/uploads\/2024\/02\/54798-1.webp",1000,750,false],"portraits":["https:\/\/imagazine.it\/wp-content\/uploads\/2024\/02\/54798-1.webp",1000,750,false],"thumbnail":["https:\/\/imagazine.it\/wp-content\/uploads\/2024\/02\/54798-1-150x150.webp",150,150,true],"medium":["https:\/\/imagazine.it\/wp-content\/uploads\/2024\/02\/54798-1-300x225.webp",300,225,true],"large":["https:\/\/imagazine.it\/wp-content\/uploads\/2024\/02\/54798-1.webp",640,480,false],"thumblist":["https:\/\/imagazine.it\/wp-content\/uploads\/2024\/02\/54798-1-300x300.webp",300,300,true],"thumbrelated":["https:\/\/imagazine.it\/wp-content\/uploads\/2024\/02\/54798-1-500x500.webp",500,500,true],"meccarouselthumb":["https:\/\/imagazine.it\/wp-content\/uploads\/2024\/02\/54798-1-474x324.webp",474,324,true],"gridsquare":["https:\/\/imagazine.it\/wp-content\/uploads\/2024\/02\/54798-1-391x260.webp",391,260,true],"tileview":["https:\/\/imagazine.it\/wp-content\/uploads\/2024\/02\/54798-1-300x400.webp",300,400,true],"1536x1536":["https:\/\/imagazine.it\/wp-content\/uploads\/2024\/02\/54798-1.webp",1000,750,false],"2048x2048":["https:\/\/imagazine.it\/wp-content\/uploads\/2024\/02\/54798-1.webp",1000,750,false],"newsup-slider-full":["https:\/\/imagazine.it\/wp-content\/uploads\/2024\/02\/54798-1-1000x720.webp",1000,720,true],"newsup-featured":["https:\/\/imagazine.it\/wp-content\/uploads\/2024\/02\/54798-1.webp",1000,750,false],"newsup-medium":["https:\/\/imagazine.it\/wp-content\/uploads\/2024\/02\/54798-1-720x380.webp",720,380,true],"tptn_thumbnail":["https:\/\/imagazine.it\/wp-content\/uploads\/2024\/02\/54798-1.webp",250,188,false],"sow-carousel-default":["https:\/\/imagazine.it\/wp-content\/uploads\/2024\/02\/54798-1.webp",243,182,false]},"rttpg_author":{"display_name":"Livio Nonis","author_link":"https:\/\/imagazine.it\/home_desk\/author\/nonis\/"},"rttpg_comment":0,"rttpg_category":"<a href=\"https:\/\/imagazine.it\/home_desk\/category\/attualita\/\" rel=\"category tag\">ATTUALIT\u00c0<\/a>","rttpg_excerpt":"Allievi della primaria e giovani con disabilit\u00e0 protagonisti di una mattinata tra storia, leggende, giochi, sport, divertimento e concordia","_links":{"self":[{"href":"https:\/\/imagazine.it\/home_desk\/wp-json\/wp\/v2\/posts\/50211","targetHints":{"allow":["GET"]}}],"collection":[{"href":"https:\/\/imagazine.it\/home_desk\/wp-json\/wp\/v2\/posts"}],"about":[{"href":"https:\/\/imagazine.it\/home_desk\/wp-json\/wp\/v2\/types\/post"}],"author":[{"embeddable":true,"href":"https:\/\/imagazine.it\/home_desk\/wp-json\/wp\/v2\/users\/22"}],"replies":[{"embeddable":true,"href":"https:\/\/imagazine.it\/home_desk\/wp-json\/wp\/v2\/comments?post=50211"}],"version-history":[{"count":0,"href":"https:\/\/imagazine.it\/home_desk\/wp-json\/wp\/v2\/posts\/50211\/revisions"}],"wp:featuredmedia":[{"embeddable":true,"href":"https:\/\/imagazine.it\/home_desk\/wp-json\/wp\/v2\/media\/50212"}],"wp:attachment":[{"href":"https:\/\/imagazine.it\/home_desk\/wp-json\/wp\/v2\/media?parent=50211"}],"wp:term":[{"taxonomy":"category","embeddable":true,"href":"https:\/\/imagazine.it\/home_desk\/wp-json\/wp\/v2\/categories?post=50211"},{"taxonomy":"post_tag","embeddable":true,"href":"https:\/\/imagazine.it\/home_desk\/wp-json\/wp\/v2\/tags?post=50211"}],"curies":[{"name":"wp","href":"https:\/\/api.w.org\/{rel}","templated":true}]}}