{"id":50205,"date":"2023-10-19T00:00:00","date_gmt":"2023-10-18T22:00:00","guid":{"rendered":"https:\/\/imagazine.it\/nuova-vita-per-villa-diana-di-opicina\/"},"modified":"2023-10-19T00:00:00","modified_gmt":"2023-10-18T22:00:00","slug":"nuova-vita-per-villa-diana-di-opicina","status":"publish","type":"post","link":"https:\/\/imagazine.it\/home_desk\/nuova-vita-per-villa-diana-di-opicina\/","title":{"rendered":"Nuova vita per Villa Diana di Opicina"},"content":{"rendered":"<p> \tTRIESTE \u2013 Sul sedime dello storico ristorante <em>Diana<\/em> di <strong>Opicina<\/strong>, che per oltre sessant\u2019anni ha accolto famiglie triestine e turisti, grazie a un complesso intervento di riqualificazione dell\u2019area che riporter\u00e0 a nuova vita anche gli ampi spazi verdi, nasceranno cinque unit\u00e0 abitative realizzate dalla <strong>Rosso Costruzioni<\/strong>, impresa del Gruppo RTE.<\/p>\n<p> \t\u201cQuesto luogo cos\u00ec caro ai triestini \u2013 afferma il titolare <strong>Paolo Rosso<\/strong>, ricordando che l\u2019impresa, forte di decenni di storia, investe nel progresso e nella dinamicit\u00e0 dei suoi progetti \u2013 si presentava in condizioni di totale abbandono e il Gruppo ha creduto fin da subito in questo investimento. Spazio Verde Villa Diana (questo il nome del progetto) s\u2019inserisce in un contesto urbano unico, in una zona intrisa di un\u2019atmosfera prevalentemente residenziale e la sua posizione strategica, di fronte al quadrivio di Opicina e a pochi passi dalla partenza del famoso Tram, lo rende un perfetto compromesso tra la vivibilit\u00e0 cittadina, il verde e il clima dell\u2019Altopiano carsico\u201d.<\/p>\n<p> \t\u201cIl nostro intento \u2013 continua Rosso \u2013 \u00e8 quello di valorizzare al meglio il territorio. Il progetto \u00e8 ambizioso, ma lavorando quotidianamente con seriet\u00e0 vogliamo restituire a Opicina un\u2019area che negli anni ha rappresentato un epicentro importante. Il nostro compito \u00e8 quello di stare al passo con i tempi e offrire a chi vuole abitare a Opicina degli alloggi di ottimo livello qualitativo, con tecnologia sostenibile, attenzione alla sicurezza, cura dei materiali interni con finiture di pregio. Spazio Verde cerca di coniugare nel miglior modo possibile la tecnologia dell\u2019abitare attuale con la storia di Villa Diana: \u00e8 la missione di RTE Group e del nostro partner Die Bau Real Estate che apre ancora maggiormente Opicina verso un pubblico internazionale, che guarda Trieste come un&#8217;oasi riservata ma strategica\u201d.<\/p>\n<p> \tIl progetto prevede un complesso di altezza contenuta e quindi in equilibrio con gli immobili circostanti, inserito in una zona verde e con solo cinque soluzioni abitative, sfruttando le pi\u00f9 innovative tecnologie costruttive.<\/p>\n<p> \tIl benessere interno sar\u00e0 garantito da una traspirabilit\u00e0 delle pareti, dal controllo dell\u2019aria grazie a serramenti con profili super sottili e dal riscaldamento radiante, che regola armoniosamente temperatura e qualit\u00e0 dell\u2019aria.<\/p>\n<p> \tInfine, grande attenzione al verde e alla privacy, tanto nei terrazzi dotati di ampie fioriere e nei giardini al pian terreno. La consegna completa dei lavori \u00e8 prevista in estate 2024.<\/p>\n<p> \t\u00a0<\/p>\n","protected":false},"excerpt":{"rendered":"<p>Da storico ristorante a unit\u00e0 abitative di qualit\u00e0 con nuovi spazi verdi<\/p>\n","protected":false},"author":28,"featured_media":50206,"comment_status":"closed","ping_status":"closed","sticky":false,"template":"","format":"standard","meta":{"dwc-title":[],"dwc-content":[],"footnotes":""},"categories":[5],"tags":[],"class_list":["post-50205","post","type-post","status-publish","format-standard","has-post-thumbnail","hentry","category-attualita"],"rttpg_featured_image_url":{"full":["https:\/\/imagazine.it\/wp-content\/uploads\/2024\/02\/54791-1.webp",1000,563,false],"landscape":["https:\/\/imagazine.it\/wp-content\/uploads\/2024\/02\/54791-1.webp",1000,563,false],"portraits":["https:\/\/imagazine.it\/wp-content\/uploads\/2024\/02\/54791-1.webp",1000,563,false],"thumbnail":["https:\/\/imagazine.it\/wp-content\/uploads\/2024\/02\/54791-1-150x150.webp",150,150,true],"medium":["https:\/\/imagazine.it\/wp-content\/uploads\/2024\/02\/54791-1-300x169.webp",300,169,true],"large":["https:\/\/imagazine.it\/wp-content\/uploads\/2024\/02\/54791-1.webp",640,360,false],"thumblist":["https:\/\/imagazine.it\/wp-content\/uploads\/2024\/02\/54791-1-300x300.webp",300,300,true],"thumbrelated":["https:\/\/imagazine.it\/wp-content\/uploads\/2024\/02\/54791-1-500x500.webp",500,500,true],"meccarouselthumb":["https:\/\/imagazine.it\/wp-content\/uploads\/2024\/02\/54791-1-474x324.webp",474,324,true],"gridsquare":["https:\/\/imagazine.it\/wp-content\/uploads\/2024\/02\/54791-1-391x260.webp",391,260,true],"tileview":["https:\/\/imagazine.it\/wp-content\/uploads\/2024\/02\/54791-1-300x400.webp",300,400,true],"1536x1536":["https:\/\/imagazine.it\/wp-content\/uploads\/2024\/02\/54791-1.webp",1000,563,false],"2048x2048":["https:\/\/imagazine.it\/wp-content\/uploads\/2024\/02\/54791-1.webp",1000,563,false],"newsup-slider-full":["https:\/\/imagazine.it\/wp-content\/uploads\/2024\/02\/54791-1.webp",1000,563,false],"newsup-featured":["https:\/\/imagazine.it\/wp-content\/uploads\/2024\/02\/54791-1.webp",1000,563,false],"newsup-medium":["https:\/\/imagazine.it\/wp-content\/uploads\/2024\/02\/54791-1-720x380.webp",720,380,true],"tptn_thumbnail":["https:\/\/imagazine.it\/wp-content\/uploads\/2024\/02\/54791-1.webp",250,141,false],"sow-carousel-default":["https:\/\/imagazine.it\/wp-content\/uploads\/2024\/02\/54791-1.webp",272,153,false]},"rttpg_author":{"display_name":"redazione","author_link":"https:\/\/imagazine.it\/home_desk\/author\/redazione\/"},"rttpg_comment":0,"rttpg_category":"<a href=\"https:\/\/imagazine.it\/home_desk\/category\/attualita\/\" rel=\"category tag\">ATTUALIT\u00c0<\/a>","rttpg_excerpt":"Da storico ristorante a unit\u00e0 abitative di qualit\u00e0 con nuovi spazi verdi","_links":{"self":[{"href":"https:\/\/imagazine.it\/home_desk\/wp-json\/wp\/v2\/posts\/50205","targetHints":{"allow":["GET"]}}],"collection":[{"href":"https:\/\/imagazine.it\/home_desk\/wp-json\/wp\/v2\/posts"}],"about":[{"href":"https:\/\/imagazine.it\/home_desk\/wp-json\/wp\/v2\/types\/post"}],"author":[{"embeddable":true,"href":"https:\/\/imagazine.it\/home_desk\/wp-json\/wp\/v2\/users\/28"}],"replies":[{"embeddable":true,"href":"https:\/\/imagazine.it\/home_desk\/wp-json\/wp\/v2\/comments?post=50205"}],"version-history":[{"count":0,"href":"https:\/\/imagazine.it\/home_desk\/wp-json\/wp\/v2\/posts\/50205\/revisions"}],"wp:featuredmedia":[{"embeddable":true,"href":"https:\/\/imagazine.it\/home_desk\/wp-json\/wp\/v2\/media\/50206"}],"wp:attachment":[{"href":"https:\/\/imagazine.it\/home_desk\/wp-json\/wp\/v2\/media?parent=50205"}],"wp:term":[{"taxonomy":"category","embeddable":true,"href":"https:\/\/imagazine.it\/home_desk\/wp-json\/wp\/v2\/categories?post=50205"},{"taxonomy":"post_tag","embeddable":true,"href":"https:\/\/imagazine.it\/home_desk\/wp-json\/wp\/v2\/tags?post=50205"}],"curies":[{"name":"wp","href":"https:\/\/api.w.org\/{rel}","templated":true}]}}