{"id":50195,"date":"2023-10-18T00:00:00","date_gmt":"2023-10-17T22:00:00","guid":{"rendered":"https:\/\/imagazine.it\/mezza-maratona-medaglia-tricolore-per-fragiacomo\/"},"modified":"2023-10-18T00:00:00","modified_gmt":"2023-10-17T22:00:00","slug":"mezza-maratona-medaglia-tricolore-per-fragiacomo","status":"publish","type":"post","link":"https:\/\/imagazine.it\/home_desk\/mezza-maratona-medaglia-tricolore-per-fragiacomo\/","title":{"rendered":"Mezza maratona, medaglia tricolore per Fragiacomo"},"content":{"rendered":"<p> \tTRIESTE \u2013 Domenica scorsa ai <strong>Campionati Italiani di mezza maratona<\/strong>, svoltisi sulle strade di Telese Terme (Benevento), il portacolori di Trieste Atletica, <strong>Federico Fragiacomo<\/strong>, \u00e8 salito sul gradino pi\u00f9 alto del podio nella categoria under 23 chiudendo la sua fatica dopo 1h07:48 e precedendo di 8\u201d il lombardo Stefano Cecere (1h07:56).<\/p>\n<p> \tIl ventiduenne triestino, all\u2019esordio sui 21,097 km, non ha nascosto la grande soddisfazione per questa prima maglia tricolore della sua carriera: \u201c\u00c8 stata una prima volta nella mezza maratona un po&#8217; a occhi chiusi dato che non avevo riferimenti derivanti da esperienze precedenti. La condizione era sicuramente buona cos\u00ec io e il mio allenatore abbiamo deciso di provarci. Mancando alcuni dei nomi pi\u00f9 altisonanti del panorama italiano under 23 le possibilit\u00e0, accompagnate comunque da molti interrogativi, per raggiungere un piazzamento di prestigio c\u2019erano\u201d.<\/p>\n<p> \tE Federico, trasferitosi a Perugia nel 2021 dove studia Economia Aziendale ed \u00e8 seguito dall\u2019allenatore <strong>Francesco Fracassini<\/strong>, nella gara campana ci ha creduto fin dalle prime fasi, correndo accorto ma sempre attento a non perdere la scia degli avversari pi\u00f9 accreditati per la lotta al titolo under 23: \u201cAl 5\u00b0 km ho dovuto fare uno strappo per rientrare su un gruppetto con cui poi ho corso spalla a spalla fino al 15\u00b0 km. Da quel momento la gara \u00e8 entrata nel vivo ed \u00e8 iniziato il duello con Cecere. Gli sono rimasto incollato, reagendo alle sue accelerazioni e staccandolo a 500 m dall\u2019arrivo sul rettilineo finale per poi tagliare il traguardo a braccia alzate\u201d.<\/p>\n<p> \tA Telese la Trieste Atletica ha potuto festeggiare anche per <strong>Neka Crippa<\/strong>, vecchia conoscenza della societ\u00e0 giallobl\u00f9 con cui ha corso dal 2015 al 2021, che ha vinto il titolo assoluto con il crono di 1h02:40.<\/p>\n<p> \t\u00a0<\/p>\n","protected":false},"excerpt":{"rendered":"<p>Il ventiduenne triestino si impone ai Campionati italiani nella categoria under 23<\/p>\n","protected":false},"author":28,"featured_media":50196,"comment_status":"closed","ping_status":"closed","sticky":false,"template":"","format":"standard","meta":{"dwc-title":[],"dwc-content":[],"footnotes":""},"categories":[38],"tags":[],"class_list":["post-50195","post","type-post","status-publish","format-standard","has-post-thumbnail","hentry","category-sport"],"rttpg_featured_image_url":{"full":["https:\/\/imagazine.it\/wp-content\/uploads\/2024\/02\/54759-1.webp",1000,667,false],"landscape":["https:\/\/imagazine.it\/wp-content\/uploads\/2024\/02\/54759-1.webp",1000,667,false],"portraits":["https:\/\/imagazine.it\/wp-content\/uploads\/2024\/02\/54759-1.webp",1000,667,false],"thumbnail":["https:\/\/imagazine.it\/wp-content\/uploads\/2024\/02\/54759-1-150x150.webp",150,150,true],"medium":["https:\/\/imagazine.it\/wp-content\/uploads\/2024\/02\/54759-1-300x200.webp",300,200,true],"large":["https:\/\/imagazine.it\/wp-content\/uploads\/2024\/02\/54759-1.webp",640,427,false],"thumblist":["https:\/\/imagazine.it\/wp-content\/uploads\/2024\/02\/54759-1-300x300.webp",300,300,true],"thumbrelated":["https:\/\/imagazine.it\/wp-content\/uploads\/2024\/02\/54759-1-500x500.webp",500,500,true],"meccarouselthumb":["https:\/\/imagazine.it\/wp-content\/uploads\/2024\/02\/54759-1-474x324.webp",474,324,true],"gridsquare":["https:\/\/imagazine.it\/wp-content\/uploads\/2024\/02\/54759-1-391x260.webp",391,260,true],"tileview":["https:\/\/imagazine.it\/wp-content\/uploads\/2024\/02\/54759-1-300x400.webp",300,400,true],"1536x1536":["https:\/\/imagazine.it\/wp-content\/uploads\/2024\/02\/54759-1.webp",1000,667,false],"2048x2048":["https:\/\/imagazine.it\/wp-content\/uploads\/2024\/02\/54759-1.webp",1000,667,false],"newsup-slider-full":["https:\/\/imagazine.it\/wp-content\/uploads\/2024\/02\/54759-1.webp",1000,667,false],"newsup-featured":["https:\/\/imagazine.it\/wp-content\/uploads\/2024\/02\/54759-1.webp",1000,667,false],"newsup-medium":["https:\/\/imagazine.it\/wp-content\/uploads\/2024\/02\/54759-1-720x380.webp",720,380,true],"tptn_thumbnail":["https:\/\/imagazine.it\/wp-content\/uploads\/2024\/02\/54759-1.webp",250,167,false],"sow-carousel-default":["https:\/\/imagazine.it\/wp-content\/uploads\/2024\/02\/54759-1.webp",272,182,false]},"rttpg_author":{"display_name":"redazione","author_link":"https:\/\/imagazine.it\/home_desk\/author\/redazione\/"},"rttpg_comment":0,"rttpg_category":"<a href=\"https:\/\/imagazine.it\/home_desk\/category\/sport\/\" rel=\"category tag\">SPORT<\/a>","rttpg_excerpt":"Il ventiduenne triestino si impone ai Campionati italiani nella categoria under 23","_links":{"self":[{"href":"https:\/\/imagazine.it\/home_desk\/wp-json\/wp\/v2\/posts\/50195","targetHints":{"allow":["GET"]}}],"collection":[{"href":"https:\/\/imagazine.it\/home_desk\/wp-json\/wp\/v2\/posts"}],"about":[{"href":"https:\/\/imagazine.it\/home_desk\/wp-json\/wp\/v2\/types\/post"}],"author":[{"embeddable":true,"href":"https:\/\/imagazine.it\/home_desk\/wp-json\/wp\/v2\/users\/28"}],"replies":[{"embeddable":true,"href":"https:\/\/imagazine.it\/home_desk\/wp-json\/wp\/v2\/comments?post=50195"}],"version-history":[{"count":0,"href":"https:\/\/imagazine.it\/home_desk\/wp-json\/wp\/v2\/posts\/50195\/revisions"}],"wp:featuredmedia":[{"embeddable":true,"href":"https:\/\/imagazine.it\/home_desk\/wp-json\/wp\/v2\/media\/50196"}],"wp:attachment":[{"href":"https:\/\/imagazine.it\/home_desk\/wp-json\/wp\/v2\/media?parent=50195"}],"wp:term":[{"taxonomy":"category","embeddable":true,"href":"https:\/\/imagazine.it\/home_desk\/wp-json\/wp\/v2\/categories?post=50195"},{"taxonomy":"post_tag","embeddable":true,"href":"https:\/\/imagazine.it\/home_desk\/wp-json\/wp\/v2\/tags?post=50195"}],"curies":[{"name":"wp","href":"https:\/\/api.w.org\/{rel}","templated":true}]}}