{"id":50191,"date":"2023-10-18T00:00:00","date_gmt":"2023-10-17T22:00:00","guid":{"rendered":"https:\/\/imagazine.it\/trieste-assegnato-a-stefano-curti-ladm-award\/"},"modified":"2023-10-18T00:00:00","modified_gmt":"2023-10-17T22:00:00","slug":"trieste-assegnato-a-stefano-curti-ladm-award","status":"publish","type":"post","link":"https:\/\/imagazine.it\/home_desk\/trieste-assegnato-a-stefano-curti-ladm-award\/","title":{"rendered":"Trieste, assegnato a Stefano Curti l&#8217;AdM Award"},"content":{"rendered":"<p> \tTRIESTE \u2013 Un premio a<strong> Stefano Curti<\/strong>, direttore organizzativo del Teatro Stabile del Friuli Venezia Giulia: si tratta dell\u2019<strong>AdM Award<\/strong>, nato in occasione del venticinquennale di Amici del Musical, il network di cultura e informazione sul teatro musicale.<\/p>\n<p> \tIl riconoscimento gli verr\u00e0 consegnato sabato 21 ottobre alle ore 21 a Bologna, del corso dell<span dir=\"RTL\">\u2019<\/span>evento <span dir=\"RTL\">\u201c<\/span><em>Live \u00e8 pi\u00f9 musical<\/em>\u201d che ripercorrer\u00e0 gli ultimi 25 anni del musical italiano e internazionale, tra esibizioni, ricordi, ospiti e sorprese. Con protagonisti alcuni professionisti del teatro musicale italiano come Francesca Taverni, Barbara Logaglio, Fabiola Ricci.<\/p>\n<p> \tDi prestigio anche gli altri due premiati che divideranno il palcoscenico con Stefano Curti: si tratta infatti di <strong>Saverio Marconi<\/strong> \u2013 regista che con la Compagnia della Rancia ha portato in scena in Italia con grande successo molti titoli del repertorio di musical, da \u201cGrease\u201d a \u201cTutti insieme appassionatamente\u201d \u2013 e di <strong>Christian Ginepro<\/strong>, artista del musical italiano che ha fatto della versatilit\u00e0 e dell<span dir=\"RTL\">\u2019<\/span>unicit\u00e0 le sue cifre stilistiche.<\/p>\n<p> \tStefano Curti viene premiato per il suo impegno nel promuovere il genere musical in Italia, programmando a Trieste con continuit\u00e0 nell\u2019ambito della Stagione del Teatro Stabile del Friuli Venezia Giulia quei grandi titoli un tempo riservati al pubblico inglese e americano: \u00e8 cos\u00ec che Trieste ha ormai da anni un posto fra i punti di riferimento per il musical internazionale. Grazie al lavoro di Curti infatti al Politeama Rossetti sono approdate produzioni originali importanti, fra cui &#8211; solo per citare le pi\u00f9 memorabili \u201cCats\u201d, \u201cChess\u201d, \u201cMamma Mia!\u201d, \u201cEvita\u201d, Chicago\u201d, \u201cSpamalot\u201d. Fino a giungere nel luglio scorso all\u2019evento di \u201cThe Phantom of the Opera\u201d presentato per la prima volta in Italia, con la regia di Federico Bellone e con protagonista una star come Ramin Karimloo (l\u2019allestimento \u00e8 in questi giorni in scena al Teatro degli Arcimboldi di Milano).<\/p>\n<p> \t\u00abRingrazio Franco Travaglio e la redazione di \u201cAmici del Musical\u201d per questo prestigioso riconoscimento e per aver scelto una figura come la mia che di solito non \u00e8 illuminata dai riflettori della scena ma rimane dietro le quinte (se non addirittura davanti allo schermo del computer in ufficio)\u00bb ha commentato Stefano Curti, che \u00e8 gi\u00e0 impegnato a costruire nuovi appuntamenti internazionali al Politeama Rossetti.<\/p>\n<p> \t\u00abQuesto prestigioso riconoscimento, che voglio condividere con tutta la squadra del Rossetti, dal presidente Granbassi, al consiglio di amministrazione e a tutto il personale amministrativo e tecnico, deve essere una spinta a considerare tutto quello che \u00e8 stato finora la base sulla quale costruire progetti ancora pi\u00f9 ambiziosi negli anni a venire: qualcosa \u00e8 gi\u00e0 in cantiere ed \u00e8 stato annunciato nelle settimane scorse (il debutto italiano di \u201cSix\u201d ad aprile e il world tour di \u201cLes Mis\u00e8rables\u201d a novembre 2024), ma sono molti altri i progetti italiani e internazionali che potranno arrivare a Trieste nei prossimi anni\u00bb, ha concluso Curti.<\/p>\n<p> \t\u00a0<\/p>\n","protected":false},"excerpt":{"rendered":"<p>Il direttore organizzativo del Teatro Stabile del Friuli Venezia Giulia sar\u00e0 premiato domenica a Bologna. Riconoscimento ai grandi titoli portati in scena al Rossetti<\/p>\n","protected":false},"author":28,"featured_media":50192,"comment_status":"closed","ping_status":"closed","sticky":false,"template":"","format":"standard","meta":{"dwc-title":[],"dwc-content":[],"footnotes":""},"categories":[37],"tags":[],"class_list":["post-50191","post","type-post","status-publish","format-standard","has-post-thumbnail","hentry","category-cultura-e-spettacolo"],"rttpg_featured_image_url":{"full":["https:\/\/imagazine.it\/wp-content\/uploads\/2024\/02\/54755-1.webp",900,712,false],"landscape":["https:\/\/imagazine.it\/wp-content\/uploads\/2024\/02\/54755-1.webp",900,712,false],"portraits":["https:\/\/imagazine.it\/wp-content\/uploads\/2024\/02\/54755-1.webp",900,712,false],"thumbnail":["https:\/\/imagazine.it\/wp-content\/uploads\/2024\/02\/54755-1-150x150.webp",150,150,true],"medium":["https:\/\/imagazine.it\/wp-content\/uploads\/2024\/02\/54755-1-300x237.webp",300,237,true],"large":["https:\/\/imagazine.it\/wp-content\/uploads\/2024\/02\/54755-1.webp",640,506,false],"thumblist":["https:\/\/imagazine.it\/wp-content\/uploads\/2024\/02\/54755-1-300x300.webp",300,300,true],"thumbrelated":["https:\/\/imagazine.it\/wp-content\/uploads\/2024\/02\/54755-1-500x500.webp",500,500,true],"meccarouselthumb":["https:\/\/imagazine.it\/wp-content\/uploads\/2024\/02\/54755-1-474x324.webp",474,324,true],"gridsquare":["https:\/\/imagazine.it\/wp-content\/uploads\/2024\/02\/54755-1-391x260.webp",391,260,true],"tileview":["https:\/\/imagazine.it\/wp-content\/uploads\/2024\/02\/54755-1-300x400.webp",300,400,true],"1536x1536":["https:\/\/imagazine.it\/wp-content\/uploads\/2024\/02\/54755-1.webp",900,712,false],"2048x2048":["https:\/\/imagazine.it\/wp-content\/uploads\/2024\/02\/54755-1.webp",900,712,false],"newsup-slider-full":["https:\/\/imagazine.it\/wp-content\/uploads\/2024\/02\/54755-1.webp",900,712,false],"newsup-featured":["https:\/\/imagazine.it\/wp-content\/uploads\/2024\/02\/54755-1.webp",900,712,false],"newsup-medium":["https:\/\/imagazine.it\/wp-content\/uploads\/2024\/02\/54755-1-720x380.webp",720,380,true],"tptn_thumbnail":["https:\/\/imagazine.it\/wp-content\/uploads\/2024\/02\/54755-1.webp",250,198,false],"sow-carousel-default":["https:\/\/imagazine.it\/wp-content\/uploads\/2024\/02\/54755-1.webp",230,182,false]},"rttpg_author":{"display_name":"redazione","author_link":"https:\/\/imagazine.it\/home_desk\/author\/redazione\/"},"rttpg_comment":0,"rttpg_category":"<a href=\"https:\/\/imagazine.it\/home_desk\/category\/cultura-e-spettacolo\/\" rel=\"category tag\">CULTURA&amp;SPETTACOLO<\/a>","rttpg_excerpt":"Il direttore organizzativo del Teatro Stabile del Friuli Venezia Giulia sar\u00e0 premiato domenica a Bologna. Riconoscimento ai grandi titoli portati in scena al Rossetti","_links":{"self":[{"href":"https:\/\/imagazine.it\/home_desk\/wp-json\/wp\/v2\/posts\/50191","targetHints":{"allow":["GET"]}}],"collection":[{"href":"https:\/\/imagazine.it\/home_desk\/wp-json\/wp\/v2\/posts"}],"about":[{"href":"https:\/\/imagazine.it\/home_desk\/wp-json\/wp\/v2\/types\/post"}],"author":[{"embeddable":true,"href":"https:\/\/imagazine.it\/home_desk\/wp-json\/wp\/v2\/users\/28"}],"replies":[{"embeddable":true,"href":"https:\/\/imagazine.it\/home_desk\/wp-json\/wp\/v2\/comments?post=50191"}],"version-history":[{"count":0,"href":"https:\/\/imagazine.it\/home_desk\/wp-json\/wp\/v2\/posts\/50191\/revisions"}],"wp:featuredmedia":[{"embeddable":true,"href":"https:\/\/imagazine.it\/home_desk\/wp-json\/wp\/v2\/media\/50192"}],"wp:attachment":[{"href":"https:\/\/imagazine.it\/home_desk\/wp-json\/wp\/v2\/media?parent=50191"}],"wp:term":[{"taxonomy":"category","embeddable":true,"href":"https:\/\/imagazine.it\/home_desk\/wp-json\/wp\/v2\/categories?post=50191"},{"taxonomy":"post_tag","embeddable":true,"href":"https:\/\/imagazine.it\/home_desk\/wp-json\/wp\/v2\/tags?post=50191"}],"curies":[{"name":"wp","href":"https:\/\/api.w.org\/{rel}","templated":true}]}}