{"id":50189,"date":"2023-10-18T00:00:00","date_gmt":"2023-10-17T22:00:00","guid":{"rendered":"https:\/\/imagazine.it\/ruda-esempio-di-solidarieta\/"},"modified":"2023-10-18T00:00:00","modified_gmt":"2023-10-17T22:00:00","slug":"ruda-esempio-di-solidarieta","status":"publish","type":"post","link":"https:\/\/imagazine.it\/home_desk\/ruda-esempio-di-solidarieta\/","title":{"rendered":"Ruda esempio di solidariet\u00e0"},"content":{"rendered":"<p> \tRUDA \u2013 \u00c8 una vera e propria mobilitazione di associazioni e semplici cittadini quando a <strong>Ruda<\/strong> si organizza la <strong>Lucciolata<\/strong>, quest\u2019anno arrivata alla 31<sup>a<\/sup> edizione.\u00a0<\/p>\n<p> \tSi parte dalla prima mattina quando vengono allestite in tutte e sette le frazioni le bancarelle per le offerte per ciclamini, mele e candele.<\/p>\n<p> \tNel capoluogo il <strong>Coro Multifariam<\/strong> ha gestito il chiosco di dolci mentre a San Nicol\u00f2 i ragazzi del <strong>CAMPP-U.E.T. &#8220;Buon Vento&#8221;<\/strong> hanno presentato oggettistica di loro produzione. Alle ore 20 da Ruda \u00e8 partita la marcia, organizzata dall\u2019<strong>Amministrazione<\/strong> <strong>comunale<\/strong>, dal <strong>Gruppo Alpini<\/strong>, dalla locale <strong>Protezione Civile<\/strong>, all\u2019associazione della <strong>Raccolta Tappi<\/strong>, alla quale vi hanno partecipato duecento persone.<\/p>\n<p> \tAll\u2019arrivo a Perteole presso l&#8217;area sportiva di via Volontari della Libert\u00e0 sono stati accolti dalle autorit\u00e0, in testa il sindaco <strong>Franco Lenarduzzi<\/strong>, la <u><a href=\"https:\/\/www.imagazine.it\/notizie-trieste-gorizia-udine-friuli\/13900\" target=\"_blank\" rel=\"noopener\"><span style=\"color:#0000cd;\">presidente dell&#8217;<strong>Associazion<\/strong>e <strong>\u201cVia di Natale\u201d<\/strong>,<strong> Carmen Gallini<\/strong><\/span><\/a><\/u> (moglie del fondatore Franco) e il responsabile dell\u2019organizzazione dell\u2019evento, <strong>Marcellino Sgubin<\/strong>.<\/p>\n<p> \tC\u2019\u00e8 stato anche un piacevole fuori programma in quanto il rappresentante della \u201cClasse 1963\u201d, <strong>Marco Cestaro<\/strong>, ha consegnato alla signora Gallini una busta con il ricavato di una raccolta di denaro tenuta in occasione della \u201cfesta di classe\u201d.<\/p>\n<p> \tIl tutto si \u00e8 concluso con la pastasciutta preparata dal Gruppo degli Alpini di Ruda, presente anche <strong>Stefano Padovan<\/strong>, attuale presidente dell\u2019A.N.A. sezione di Palmanova. Gli organizzatori hanno voluto ringraziare il Coro Multifariam, A.D.O, CAMPP-U.E.T. &#8220;Buon Vento&#8221;, l\u2019A.F.D.S. e tutte le associazioni e i cittadini che hanno collaborato per la riuscita dell&#8217;iniziativa.<\/p>\n<p> \tIl ricavato sar\u00e0 devoluto all&#8217;associazione &#8220;Via di Natale \u2013 Franco Gallini&#8221; che ha lo scopo di aiutare tanti ammalati a curarsi, a guarire e anche a morire con dignit\u00e0. L&#8217;ospitalit\u00e0 e l&#8217;assistenza sono gratuite e sono a carico della &#8220;Via di Natale&#8221;, la casa \u00e8 composta da 46 mini appartamenti (92 posti letto): 12, nell&#8217;<em>hospice<\/em>, per i malati terminali oncologici provenienti da qualsiasi struttura sanitaria o dalla propria abitazione; 34, nei 2 Piani di Ospitalit\u00e0, riservati ai familiari dei malati ricoverati al Centro Regionale Oncologico di Aviano e ai pazienti oncologici in terapia ambulatoriale.<\/p>\n<p> \t\u00a0<\/p>\n","protected":false},"excerpt":{"rendered":"<p>Associazioni e cittadini coinvolti in prima persona nella raccolta fondi in favore dalla &#8220;Via di Natale&#8221;<\/p>\n","protected":false},"author":22,"featured_media":50190,"comment_status":"closed","ping_status":"closed","sticky":false,"template":"","format":"standard","meta":{"dwc-title":[],"dwc-content":[],"footnotes":""},"categories":[5],"tags":[],"class_list":["post-50189","post","type-post","status-publish","format-standard","has-post-thumbnail","hentry","category-attualita"],"rttpg_featured_image_url":{"full":["https:\/\/imagazine.it\/wp-content\/uploads\/2024\/02\/54754-1.webp",1000,667,false],"landscape":["https:\/\/imagazine.it\/wp-content\/uploads\/2024\/02\/54754-1.webp",1000,667,false],"portraits":["https:\/\/imagazine.it\/wp-content\/uploads\/2024\/02\/54754-1.webp",1000,667,false],"thumbnail":["https:\/\/imagazine.it\/wp-content\/uploads\/2024\/02\/54754-1-150x150.webp",150,150,true],"medium":["https:\/\/imagazine.it\/wp-content\/uploads\/2024\/02\/54754-1-300x200.webp",300,200,true],"large":["https:\/\/imagazine.it\/wp-content\/uploads\/2024\/02\/54754-1.webp",640,427,false],"thumblist":["https:\/\/imagazine.it\/wp-content\/uploads\/2024\/02\/54754-1-300x300.webp",300,300,true],"thumbrelated":["https:\/\/imagazine.it\/wp-content\/uploads\/2024\/02\/54754-1-500x500.webp",500,500,true],"meccarouselthumb":["https:\/\/imagazine.it\/wp-content\/uploads\/2024\/02\/54754-1-474x324.webp",474,324,true],"gridsquare":["https:\/\/imagazine.it\/wp-content\/uploads\/2024\/02\/54754-1-391x260.webp",391,260,true],"tileview":["https:\/\/imagazine.it\/wp-content\/uploads\/2024\/02\/54754-1-300x400.webp",300,400,true],"1536x1536":["https:\/\/imagazine.it\/wp-content\/uploads\/2024\/02\/54754-1.webp",1000,667,false],"2048x2048":["https:\/\/imagazine.it\/wp-content\/uploads\/2024\/02\/54754-1.webp",1000,667,false],"newsup-slider-full":["https:\/\/imagazine.it\/wp-content\/uploads\/2024\/02\/54754-1.webp",1000,667,false],"newsup-featured":["https:\/\/imagazine.it\/wp-content\/uploads\/2024\/02\/54754-1.webp",1000,667,false],"newsup-medium":["https:\/\/imagazine.it\/wp-content\/uploads\/2024\/02\/54754-1-720x380.webp",720,380,true],"tptn_thumbnail":["https:\/\/imagazine.it\/wp-content\/uploads\/2024\/02\/54754-1.webp",250,167,false],"sow-carousel-default":["https:\/\/imagazine.it\/wp-content\/uploads\/2024\/02\/54754-1.webp",272,182,false]},"rttpg_author":{"display_name":"Livio Nonis","author_link":"https:\/\/imagazine.it\/home_desk\/author\/nonis\/"},"rttpg_comment":0,"rttpg_category":"<a href=\"https:\/\/imagazine.it\/home_desk\/category\/attualita\/\" rel=\"category tag\">ATTUALIT\u00c0<\/a>","rttpg_excerpt":"Associazioni e cittadini coinvolti in prima persona nella raccolta fondi in favore dalla \"Via di Natale\"","_links":{"self":[{"href":"https:\/\/imagazine.it\/home_desk\/wp-json\/wp\/v2\/posts\/50189","targetHints":{"allow":["GET"]}}],"collection":[{"href":"https:\/\/imagazine.it\/home_desk\/wp-json\/wp\/v2\/posts"}],"about":[{"href":"https:\/\/imagazine.it\/home_desk\/wp-json\/wp\/v2\/types\/post"}],"author":[{"embeddable":true,"href":"https:\/\/imagazine.it\/home_desk\/wp-json\/wp\/v2\/users\/22"}],"replies":[{"embeddable":true,"href":"https:\/\/imagazine.it\/home_desk\/wp-json\/wp\/v2\/comments?post=50189"}],"version-history":[{"count":0,"href":"https:\/\/imagazine.it\/home_desk\/wp-json\/wp\/v2\/posts\/50189\/revisions"}],"wp:featuredmedia":[{"embeddable":true,"href":"https:\/\/imagazine.it\/home_desk\/wp-json\/wp\/v2\/media\/50190"}],"wp:attachment":[{"href":"https:\/\/imagazine.it\/home_desk\/wp-json\/wp\/v2\/media?parent=50189"}],"wp:term":[{"taxonomy":"category","embeddable":true,"href":"https:\/\/imagazine.it\/home_desk\/wp-json\/wp\/v2\/categories?post=50189"},{"taxonomy":"post_tag","embeddable":true,"href":"https:\/\/imagazine.it\/home_desk\/wp-json\/wp\/v2\/tags?post=50189"}],"curies":[{"name":"wp","href":"https:\/\/api.w.org\/{rel}","templated":true}]}}