{"id":50187,"date":"2023-10-18T00:00:00","date_gmt":"2023-10-17T22:00:00","guid":{"rendered":"https:\/\/imagazine.it\/sci-la-fis-promuove-a-pieni-voti-la-di-prampero\/"},"modified":"2023-10-18T00:00:00","modified_gmt":"2023-10-17T22:00:00","slug":"sci-la-fis-promuove-a-pieni-voti-la-di-prampero","status":"publish","type":"post","link":"https:\/\/imagazine.it\/home_desk\/sci-la-fis-promuove-a-pieni-voti-la-di-prampero\/","title":{"rendered":"Sci, la FIS promuove a pieni voti la Di Prampero"},"content":{"rendered":"<p> \tTARVISIO \u2013 Promozione a pieni voti per la pista <strong>Di Prampero<\/strong>. L&#8217;ispezione dei giorni scorsi effettuata dai <strong>tecnici della Federazione Internazionale dello Sci (FIS)<\/strong>\u00a0ha dato esiti positivi per la pista che dal <strong>22 al 25 gennaio 2024<\/strong> ospiter\u00e0 <strong>due gare di discesa libera maschile<\/strong> valevoli per la <strong>Coppa Europa<\/strong>.\u00a0<\/p>\n<p> \tPresenti al sopralluogo\u00a0tutti i vertici del circuito cadetto dello sci, a cominciare da <strong>Wim Rossel<\/strong>, responsabile della Coppa Europa maschile, che nell&#8217;ispezione \u00e8 stato coadiuvato da <strong>Jordi Pojol<\/strong>,\u00a0responsabile della Coppa Europa femminile, e da <strong>Janez Flere<\/strong>, coordinatore tecnico e amministrativo del settore sci alpino.<\/p>\n<p> \tI tecnici accompagnati sulla Di Prampero da <strong>Damiano Matiz<\/strong>, presidente dell&#8217;US Camporosso, societ\u00e0 organizzatrice della manifestazione, dal direttore operativo del Polo di Tarvisio, <strong>Alessandro Spaliviero<\/strong>, dal direttore di pista <strong>Luca Berti<\/strong> e da <strong>Peter Gerdol<\/strong>, Chief Race Director della Coppa del Mondo femminile, hanno\u00a0percorso tutto lo sviluppo della pista di discesa, apprezzandone <strong>tecnicit\u00e0<\/strong> e <strong>sicurezza<\/strong>.<\/p>\n<p> \t<em>&#8220;Tarvisio \u00e8 una delle tappe pi\u00f9 importanti del nostro calendario <\/em>\u2013 ha dichiarato <strong>Wim Rossel<\/strong> al termine della ricognizione \u2013: <em>per gli atleti giovani che partecipano al circuito di Coppa Europa \u00e8 importante avere la possibilit\u00e0 di poter gareggiare su piste lunghe, tecniche e soprattutto sicure, e la Di Prampero ha tutte queste caratteristiche&#8221;.<\/em>\u00a0<\/p>\n<p> \tLa <strong>FIS<\/strong> ha inoltre apprezzato l&#8217;impegno profuso dall&#8217;<strong>US Camporosso<\/strong>\u00a0che col supporto da parte del personale di <strong>PromoTurismoFVG<\/strong> ha creato una sinergia vincente che ha permesso nel corso degli anni di organizzare gare di alto livello garantendo degli standard qualitativi di eccellenza.<\/p>\n<p> \tIn particolare lo scorso inverno gli uomini di <strong>PromoTurismoFVG<\/strong> affiancati dai volontari del club di <strong>Camporosso<\/strong> sono riusciti in pochissimo tempo a spostare l&#8217;organizzazione delle due discese programmate sulla <strong>Di Prampero<\/strong> nella vicina <strong>Sella Nevea<\/strong>, dimostrando ai vertici della Federazione Internazionale una <strong>grandissima tenacia<\/strong>.\u00a0<\/p>\n<p> \t<em>&#8220;Ci fa grande piacere continuare a lavorare in simbiosi con l&#8217;US Camporosso e PromoTurismoFVG<\/em> \u2013 ha concluso <strong>Rossel<\/strong> \u2013; <em>la flessibilit\u00e0 di questo club \u00e8 davvero straordinaria. Sono poche le realt\u00e0 che in mancanza di neve sono pronte a preparare subito un piano b. Lo scorso anno anche se non si \u00e8 corso a Tarvisio, le gare sono state ugualmente di altissimo livello&#8221;.<\/em><\/p>\n<p> \t<em>&#8220;Siamo davvero lusingati \u2013 <\/em>ha replicato Matiz<em> \u2013 nel ricevere cos\u00ec tanti complimenti da parte della Federazione Internazionale.<\/em> G<em>ran parte del merito \u00e8 frutto dell&#8217;importante sinergia che si \u00e8 instaurata nel corso degli anni con gli uomini di PromoTurismoFVG. In questo momento stiamo iniziando a tracciare un nuovo cammino che spero nei prossimi anni possa riportare a Tarvisio la Coppa del Mondo di sci&#8221;.<\/em><\/p>\n<p> \tIl programma della tappa di Coppa Europa \u00e8 articolato su quattro giornate. Si comincer\u00e0 luned\u00ec 22 e marted\u00ec 23 con le prove cronometrate, seguite dalle due discese libere previste per mercoled\u00ec 24 e gioved\u00ec 25 gennaio.<\/p>\n<p> \t\u00a0<\/p>\n","protected":false},"excerpt":{"rendered":"<p>Positivo sopralluogo dei tecnici della Federazione Internazionale in vista delle discese libere che si terranno a Tarvisio<\/p>\n","protected":false},"author":28,"featured_media":50188,"comment_status":"closed","ping_status":"closed","sticky":false,"template":"","format":"standard","meta":{"dwc-title":[],"dwc-content":[],"footnotes":""},"categories":[38],"tags":[],"class_list":["post-50187","post","type-post","status-publish","format-standard","has-post-thumbnail","hentry","category-sport"],"rttpg_featured_image_url":{"full":["https:\/\/imagazine.it\/wp-content\/uploads\/2024\/02\/54743-1.webp",1600,1200,false],"landscape":["https:\/\/imagazine.it\/wp-content\/uploads\/2024\/02\/54743-1.webp",1600,1200,false],"portraits":["https:\/\/imagazine.it\/wp-content\/uploads\/2024\/02\/54743-1.webp",1600,1200,false],"thumbnail":["https:\/\/imagazine.it\/wp-content\/uploads\/2024\/02\/54743-1-150x150.webp",150,150,true],"medium":["https:\/\/imagazine.it\/wp-content\/uploads\/2024\/02\/54743-1-300x225.webp",300,225,true],"large":["https:\/\/imagazine.it\/wp-content\/uploads\/2024\/02\/54743-1-1024x768.webp",640,480,true],"thumblist":["https:\/\/imagazine.it\/wp-content\/uploads\/2024\/02\/54743-1-300x300.webp",300,300,true],"thumbrelated":["https:\/\/imagazine.it\/wp-content\/uploads\/2024\/02\/54743-1-500x500.webp",500,500,true],"meccarouselthumb":["https:\/\/imagazine.it\/wp-content\/uploads\/2024\/02\/54743-1-474x324.webp",474,324,true],"gridsquare":["https:\/\/imagazine.it\/wp-content\/uploads\/2024\/02\/54743-1-391x260.webp",391,260,true],"tileview":["https:\/\/imagazine.it\/wp-content\/uploads\/2024\/02\/54743-1-300x400.webp",300,400,true],"1536x1536":["https:\/\/imagazine.it\/wp-content\/uploads\/2024\/02\/54743-1-1536x1152.webp",1536,1152,true],"2048x2048":["https:\/\/imagazine.it\/wp-content\/uploads\/2024\/02\/54743-1.webp",1600,1200,false],"newsup-slider-full":["https:\/\/imagazine.it\/wp-content\/uploads\/2024\/02\/54743-1-1280x720.webp",1280,720,true],"newsup-featured":["https:\/\/imagazine.it\/wp-content\/uploads\/2024\/02\/54743-1-1024x768.webp",1024,768,true],"newsup-medium":["https:\/\/imagazine.it\/wp-content\/uploads\/2024\/02\/54743-1-720x380.webp",720,380,true],"tptn_thumbnail":["https:\/\/imagazine.it\/wp-content\/uploads\/2024\/02\/54743-1.webp",250,188,false],"sow-carousel-default":["https:\/\/imagazine.it\/wp-content\/uploads\/2024\/02\/54743-1.webp",243,182,false]},"rttpg_author":{"display_name":"redazione","author_link":"https:\/\/imagazine.it\/home_desk\/author\/redazione\/"},"rttpg_comment":0,"rttpg_category":"<a href=\"https:\/\/imagazine.it\/home_desk\/category\/sport\/\" rel=\"category tag\">SPORT<\/a>","rttpg_excerpt":"Positivo sopralluogo dei tecnici della Federazione Internazionale in vista delle discese libere che si terranno a Tarvisio","_links":{"self":[{"href":"https:\/\/imagazine.it\/home_desk\/wp-json\/wp\/v2\/posts\/50187","targetHints":{"allow":["GET"]}}],"collection":[{"href":"https:\/\/imagazine.it\/home_desk\/wp-json\/wp\/v2\/posts"}],"about":[{"href":"https:\/\/imagazine.it\/home_desk\/wp-json\/wp\/v2\/types\/post"}],"author":[{"embeddable":true,"href":"https:\/\/imagazine.it\/home_desk\/wp-json\/wp\/v2\/users\/28"}],"replies":[{"embeddable":true,"href":"https:\/\/imagazine.it\/home_desk\/wp-json\/wp\/v2\/comments?post=50187"}],"version-history":[{"count":0,"href":"https:\/\/imagazine.it\/home_desk\/wp-json\/wp\/v2\/posts\/50187\/revisions"}],"wp:featuredmedia":[{"embeddable":true,"href":"https:\/\/imagazine.it\/home_desk\/wp-json\/wp\/v2\/media\/50188"}],"wp:attachment":[{"href":"https:\/\/imagazine.it\/home_desk\/wp-json\/wp\/v2\/media?parent=50187"}],"wp:term":[{"taxonomy":"category","embeddable":true,"href":"https:\/\/imagazine.it\/home_desk\/wp-json\/wp\/v2\/categories?post=50187"},{"taxonomy":"post_tag","embeddable":true,"href":"https:\/\/imagazine.it\/home_desk\/wp-json\/wp\/v2\/tags?post=50187"}],"curies":[{"name":"wp","href":"https:\/\/api.w.org\/{rel}","templated":true}]}}