{"id":50185,"date":"2023-10-17T00:00:00","date_gmt":"2023-10-16T22:00:00","guid":{"rendered":"https:\/\/imagazine.it\/promuovere-il-friulano-tra-i-giovani-larlef-si-affida-a-catine\/"},"modified":"2023-10-17T00:00:00","modified_gmt":"2023-10-16T22:00:00","slug":"promuovere-il-friulano-tra-i-giovani-larlef-si-affida-a-catine","status":"publish","type":"post","link":"https:\/\/imagazine.it\/home_desk\/promuovere-il-friulano-tra-i-giovani-larlef-si-affida-a-catine\/","title":{"rendered":"Promuovere il friulano tra i giovani, l&#8217;ARLeF si affida a Catine"},"content":{"rendered":"<p> \tUDINE \u2013 Prende il via il 18 ottobre una nuova campagna di promozione realizzata dall\u2019<strong>ARLeF<\/strong> <strong>&#8211; Agenzia regionale per la lingua friulana<\/strong>.<\/p>\n<p> \t&#8220;<em>Cui che al sa il furlan, al sa di plui<\/em>&#8221; \u00e8 il messaggio affidato alla <u><a href=\"https:\/\/www.imagazine.it\/notizie-trieste-gorizia-udine-friuli\/5118\" target=\"_blank\" rel=\"noopener\"><span style=\"color:#0000cd;\">simpatia e forza comunicativa di <strong>Catine<\/strong><\/span><\/a><\/u> e declinato in spot tv, spot radiofonico, pagine su stampa cartacea e comunicazione web e social.<\/p>\n<p> \tL\u2019iniziativa \u00e8 stata presentata dall\u2019ARLeF nel corso di una conferenza stampa ospitata presso la sede udinese della Regione Friuli Venezia Giulia, alla quale sono intervenuti l\u2019assessore regionale alle Autonomie locali, <strong>Pierpaolo Roberti<\/strong>, il direttore dell\u2019Agenzia, <strong>William Cisilino<\/strong>, e la testimonial della campagna, <strong>Caterina Tomasulo<\/strong> (in arte, Catine).<\/p>\n<p> \tFar crescere la consapevolezza che parlare friulano in casa rappresenta una risorsa \u00e8 il messaggio attorno al quale \u00e8 costruito, in particolare, il racconto dello spot video \u201c<em>Cudumars<\/em>\u201d, che sar\u00e0 veicolato su tv, web e social.<\/p>\n<p> \tA tavola, mamma e pap\u00e0 parlano tra di loro in friulano ma coi figli passano sempre all\u2019italiano, anche per cercare di convincere il piccolo Fabio a mangiare i cetrioli che ha nel piatto. \u00c8 qui che entra in scena una Catine in miniatura\u2026 e mamma e pap\u00e0 non esiteranno pi\u00f9 a rivolgersi anche ai figli in friulano.<\/p>\n<p> \t\u00ab<em>Tramandare la lingua friulana, diffonderne l\u2019uso, \u00e8 un dovere etico, morale e istituzionale. Campagne come quella odierna, aiutano a supportare l\u2019uso della lingua e rafforzano il Friuli Venezia Giulia come Regione a Statuto speciale. Il nostro territorio racchiude molteplici diversit\u00e0, ambientali, culturali, linguistiche; maggiormente le valorizziamo e pi\u00f9 ci rafforziamo<\/em>\u00bb, ha dichiarato Roberti.<\/p>\n<p> \t\u00ab<em>L\u2019ARLeF <\/em>\u2013 ha spiegato il direttore Cisilino \u2013 <em>periodicamente fa delle campagne di promozione della lingua<\/em>. <em>La finalit\u00e0 di quella che presentiamo oggi \u00e8 di sensibilizzare i genitori e i nonni a parlare il friulano con i propri figli e nipoti. Lo diciamo spesso, ma mai abbastanza: i vantaggi di un\u2019educazione plurilingue sono molteplici e a darcene conto c\u2019\u00e8 anche la ricerca scientifica.\u00a0Chi cresce parlando pi\u00f9 lingue ha maggiore facilit\u00e0 a impararne altre, in primis l\u2019inglese. Ma \u00e8 pure dotato di maggiori capacit\u00e0 logico-matematiche, maggiore creativit\u00e0 e apertura al mondo. Attraverso questa azione di comunicazione multicanale cercheremo di far capire che il cardine portante di ogni azione di politica linguistica \u00e8 la famiglia. Parlare friulano \u201ca casa\u201d \u00e8 una fortuna, non solo per il patrimonio culturale unico che viene trasmesso, ma soprattutto perch\u00e9, come detto, offre innumerevoli vantaggi. A tutto questo abbiamo voluto dare un tono leggero e divertente e per farlo ci siamo fatti aiutare da Caterina Tomasulo, meglio conosciuta come \u201cCatine\u201d, che ci \u00e8 riuscita alla perfezione<\/em>\u00bb.<\/p>\n<p> \t\u00ab<em>\u00c8 stato molto interessante, per me, partecipare a questa iniziativa dell\u2019ARLeF. Soprattutto vedere quanto lavoro c&#8217;\u00e8 dietro un filmato di mezzo minuto. Ho aderito volentieri, anche perch\u00e9, seppur &#8220;diversamente friulana&#8221;, sono innamorata di questa lingua. Nei miei spettacoli lo dico sempre: il friulano aiuta il multilinguismo, perch\u00e9 contiene in s\u00e9 tutte le lingue del mondo, e i bambini sono molto pi\u00f9 ricettivi, per questo \u00e8 importante rivolgersi a loro utilizzandolo. Inoltre, parlando la propria lingua, si conservano le radici e l&#8217;identit\u00e0<\/em>\u00bb, ha commentato Catine.<\/p>\n<p> \t\u00a0<\/p>\n","protected":false},"excerpt":{"rendered":"<p>L&#8217;obiettivo \u00e8 convincere nonni e genitori che tra loro parlano in &#8220;marilenghe&#8221; a utilizzarla regolarmente anche con i propri figli<\/p>\n","protected":false},"author":28,"featured_media":50186,"comment_status":"closed","ping_status":"closed","sticky":false,"template":"","format":"standard","meta":{"dwc-title":[],"dwc-content":[],"footnotes":""},"categories":[37],"tags":[],"class_list":["post-50185","post","type-post","status-publish","format-standard","has-post-thumbnail","hentry","category-cultura-e-spettacolo"],"rttpg_featured_image_url":{"full":["https:\/\/imagazine.it\/wp-content\/uploads\/2024\/02\/54741-1.webp",1000,667,false],"landscape":["https:\/\/imagazine.it\/wp-content\/uploads\/2024\/02\/54741-1.webp",1000,667,false],"portraits":["https:\/\/imagazine.it\/wp-content\/uploads\/2024\/02\/54741-1.webp",1000,667,false],"thumbnail":["https:\/\/imagazine.it\/wp-content\/uploads\/2024\/02\/54741-1-150x150.webp",150,150,true],"medium":["https:\/\/imagazine.it\/wp-content\/uploads\/2024\/02\/54741-1-300x200.webp",300,200,true],"large":["https:\/\/imagazine.it\/wp-content\/uploads\/2024\/02\/54741-1.webp",640,427,false],"thumblist":["https:\/\/imagazine.it\/wp-content\/uploads\/2024\/02\/54741-1-300x300.webp",300,300,true],"thumbrelated":["https:\/\/imagazine.it\/wp-content\/uploads\/2024\/02\/54741-1-500x500.webp",500,500,true],"meccarouselthumb":["https:\/\/imagazine.it\/wp-content\/uploads\/2024\/02\/54741-1-474x324.webp",474,324,true],"gridsquare":["https:\/\/imagazine.it\/wp-content\/uploads\/2024\/02\/54741-1-391x260.webp",391,260,true],"tileview":["https:\/\/imagazine.it\/wp-content\/uploads\/2024\/02\/54741-1-300x400.webp",300,400,true],"1536x1536":["https:\/\/imagazine.it\/wp-content\/uploads\/2024\/02\/54741-1.webp",1000,667,false],"2048x2048":["https:\/\/imagazine.it\/wp-content\/uploads\/2024\/02\/54741-1.webp",1000,667,false],"newsup-slider-full":["https:\/\/imagazine.it\/wp-content\/uploads\/2024\/02\/54741-1.webp",1000,667,false],"newsup-featured":["https:\/\/imagazine.it\/wp-content\/uploads\/2024\/02\/54741-1.webp",1000,667,false],"newsup-medium":["https:\/\/imagazine.it\/wp-content\/uploads\/2024\/02\/54741-1-720x380.webp",720,380,true],"tptn_thumbnail":["https:\/\/imagazine.it\/wp-content\/uploads\/2024\/02\/54741-1.webp",250,167,false],"sow-carousel-default":["https:\/\/imagazine.it\/wp-content\/uploads\/2024\/02\/54741-1.webp",272,182,false]},"rttpg_author":{"display_name":"redazione","author_link":"https:\/\/imagazine.it\/home_desk\/author\/redazione\/"},"rttpg_comment":0,"rttpg_category":"<a href=\"https:\/\/imagazine.it\/home_desk\/category\/cultura-e-spettacolo\/\" rel=\"category tag\">CULTURA&amp;SPETTACOLO<\/a>","rttpg_excerpt":"L'obiettivo \u00e8 convincere nonni e genitori che tra loro parlano in \"marilenghe\" a utilizzarla regolarmente anche con i propri figli","_links":{"self":[{"href":"https:\/\/imagazine.it\/home_desk\/wp-json\/wp\/v2\/posts\/50185","targetHints":{"allow":["GET"]}}],"collection":[{"href":"https:\/\/imagazine.it\/home_desk\/wp-json\/wp\/v2\/posts"}],"about":[{"href":"https:\/\/imagazine.it\/home_desk\/wp-json\/wp\/v2\/types\/post"}],"author":[{"embeddable":true,"href":"https:\/\/imagazine.it\/home_desk\/wp-json\/wp\/v2\/users\/28"}],"replies":[{"embeddable":true,"href":"https:\/\/imagazine.it\/home_desk\/wp-json\/wp\/v2\/comments?post=50185"}],"version-history":[{"count":0,"href":"https:\/\/imagazine.it\/home_desk\/wp-json\/wp\/v2\/posts\/50185\/revisions"}],"wp:featuredmedia":[{"embeddable":true,"href":"https:\/\/imagazine.it\/home_desk\/wp-json\/wp\/v2\/media\/50186"}],"wp:attachment":[{"href":"https:\/\/imagazine.it\/home_desk\/wp-json\/wp\/v2\/media?parent=50185"}],"wp:term":[{"taxonomy":"category","embeddable":true,"href":"https:\/\/imagazine.it\/home_desk\/wp-json\/wp\/v2\/categories?post=50185"},{"taxonomy":"post_tag","embeddable":true,"href":"https:\/\/imagazine.it\/home_desk\/wp-json\/wp\/v2\/tags?post=50185"}],"curies":[{"name":"wp","href":"https:\/\/api.w.org\/{rel}","templated":true}]}}