{"id":50179,"date":"2023-10-16T00:00:00","date_gmt":"2023-10-15T22:00:00","guid":{"rendered":"https:\/\/imagazine.it\/tara-dragas-e-isabel-rocco-dominano-laura-cup-di-zagabria\/"},"modified":"2023-10-16T00:00:00","modified_gmt":"2023-10-15T22:00:00","slug":"tara-dragas-e-isabel-rocco-dominano-laura-cup-di-zagabria","status":"publish","type":"post","link":"https:\/\/imagazine.it\/home_desk\/tara-dragas-e-isabel-rocco-dominano-laura-cup-di-zagabria\/","title":{"rendered":"Tara Dragas e Isabel Rocco dominano l\u2019Aura Cup di Zagabria"},"content":{"rendered":"<p> \t<strong>UDINE<\/strong> \u2013 <strong>Tara Dragas<\/strong> e <strong>Isabel Rocco<\/strong>, dell\u2019Associazione Sportiva Udinese, hanno dominato l\u2019<strong><em>Aura<\/em><\/strong> <strong><em>Cup<\/em><\/strong> di Zagabria, in Croazia.<\/p>\n<p> \tDragas ha vinto (tutte) cinque medaglie d\u2019oro e ottenuto pure il suo miglior punteggio al cerchio con 34.517. Al Kc Drazen Petrovic la ginnasta bianconera, nella categoria senior, ha vinto tutto ci\u00f2 che poteva, raggiungendo, nel concorso generale 131.500 punti. A termine della tre giorni \u00e8 stata <strong>incoronata regina dell\u2019AURA CUP 2023<\/strong>.<\/p>\n<p> \tMa sono stati significativi anche i risultati di un\u2019altra ginnasta dell\u2019ASU, <strong>Isabelle Tavano<\/strong>,\u00a0che con 114.500 punti ha conquistato l\u2019argento. Sui podi di specialit\u00e0 ha inoltre vinto l\u2019argento alla palla e il bronzo nelle clavette.<\/p>\n<p> \tSul fronte della categoria junior c\u2019\u00e8 un\u2019altra friulana sul gradino pi\u00f9 alto del podio: <strong>Isabel Rocco<\/strong>\u00a0(incoronata principessa dell\u2019AURA CUP 2023) che si \u00e8 guadagnata l\u2019oro nell\u2019all-around con 108.517. Nelle gare di specialit\u00e0, invece, ha vinto il bronzo al cerchio, l\u2019argento alla palla e l\u2019oro al nastro.<\/p>\n<p> \tNon finisce qui, perch\u00e9 da segnalare c\u2019\u00e8 anche <strong>Gaia Mancini<\/strong>, tesserata Fabriano che si allena a Udine. Per lei il bronzo all\u2019all-around con 107.333 punti; oltre a un oro al cerchio e uno alle clavette. Fra le atlete dell\u2019Accademia Internazionale dell\u2019ASU 5\u00b0 posto per l\u2019australiana <strong>Asya Seker<\/strong> e 14\u00b0 posto un\u2019altra australiana, <strong>Alexandra Eedle<\/strong>.<\/p>\n<p> \t\u00ab<em>Ci sono stati notevoli progressi tecnici nelle nostre ragazze e a testimoniarlo abbiamo risultati come quelli maturati in Croazia. Credo che la nostra squadra sia sempre\u00a0pi\u00f9 matura e cosciente delle proprie potenzialit\u00e0. Questo andr\u00e0 senz&#8217;altro a loro vantaggio anche quando inizier\u00e0 il campionato di serie A. Detto questo, per loro si tratta solo dell&#8217;inizio di una nuova stagione agonistica. Pertanto ci sono ancora ampi margini di miglioramento, ma la strada intrapresa \u00e8 quella giusta.\u00a0Complimenti a tutte. Alle ragazze e allo staff tecnico che le segue. Oltre alle tecniche <strong>Spela Dragas<\/strong> e <strong>Magda Pigano<\/strong>, alla coreografa <strong>Laura Miotti<\/strong>, lo staff \u00e8 stato implementato dalla presenza della tecnica spagnola\u00a0<strong>Noelia Fernandez<\/strong> e da <strong>Valerij Sosnin<\/strong>, in qualit\u00e0 di preparatore atletico<\/em>\u00bb, ha dichiarato <strong>Nicola Di Benedetto<\/strong>, direttore generale dell\u2019ASU presente in campo gara con le atlete.<\/p>\n<p> \t\u00a0<\/p>\n","protected":false},"excerpt":{"rendered":"<p>Le atlete dell&#8217;ASU Udine protagoniste nella kermesse internazionale di ginnastica ritmica. Da segnalare anche i piazzamenti di Isabelle Tavano, Gaia Mancini<\/p>\n","protected":false},"author":28,"featured_media":50180,"comment_status":"closed","ping_status":"closed","sticky":false,"template":"","format":"standard","meta":{"dwc-title":[],"dwc-content":[],"footnotes":""},"categories":[38],"tags":[],"class_list":["post-50179","post","type-post","status-publish","format-standard","has-post-thumbnail","hentry","category-sport"],"rttpg_featured_image_url":{"full":["https:\/\/imagazine.it\/wp-content\/uploads\/2024\/02\/54737-1.webp",1000,852,false],"landscape":["https:\/\/imagazine.it\/wp-content\/uploads\/2024\/02\/54737-1.webp",1000,852,false],"portraits":["https:\/\/imagazine.it\/wp-content\/uploads\/2024\/02\/54737-1.webp",1000,852,false],"thumbnail":["https:\/\/imagazine.it\/wp-content\/uploads\/2024\/02\/54737-1-150x150.webp",150,150,true],"medium":["https:\/\/imagazine.it\/wp-content\/uploads\/2024\/02\/54737-1-300x256.webp",300,256,true],"large":["https:\/\/imagazine.it\/wp-content\/uploads\/2024\/02\/54737-1.webp",640,545,false],"thumblist":["https:\/\/imagazine.it\/wp-content\/uploads\/2024\/02\/54737-1-300x300.webp",300,300,true],"thumbrelated":["https:\/\/imagazine.it\/wp-content\/uploads\/2024\/02\/54737-1-500x500.webp",500,500,true],"meccarouselthumb":["https:\/\/imagazine.it\/wp-content\/uploads\/2024\/02\/54737-1-474x324.webp",474,324,true],"gridsquare":["https:\/\/imagazine.it\/wp-content\/uploads\/2024\/02\/54737-1-391x260.webp",391,260,true],"tileview":["https:\/\/imagazine.it\/wp-content\/uploads\/2024\/02\/54737-1-300x400.webp",300,400,true],"1536x1536":["https:\/\/imagazine.it\/wp-content\/uploads\/2024\/02\/54737-1.webp",1000,852,false],"2048x2048":["https:\/\/imagazine.it\/wp-content\/uploads\/2024\/02\/54737-1.webp",1000,852,false],"newsup-slider-full":["https:\/\/imagazine.it\/wp-content\/uploads\/2024\/02\/54737-1-1000x720.webp",1000,720,true],"newsup-featured":["https:\/\/imagazine.it\/wp-content\/uploads\/2024\/02\/54737-1.webp",1000,852,false],"newsup-medium":["https:\/\/imagazine.it\/wp-content\/uploads\/2024\/02\/54737-1-720x380.webp",720,380,true],"tptn_thumbnail":["https:\/\/imagazine.it\/wp-content\/uploads\/2024\/02\/54737-1.webp",246,210,false],"sow-carousel-default":["https:\/\/imagazine.it\/wp-content\/uploads\/2024\/02\/54737-1.webp",214,182,false]},"rttpg_author":{"display_name":"redazione","author_link":"https:\/\/imagazine.it\/home_desk\/author\/redazione\/"},"rttpg_comment":0,"rttpg_category":"<a href=\"https:\/\/imagazine.it\/home_desk\/category\/sport\/\" rel=\"category tag\">SPORT<\/a>","rttpg_excerpt":"Le atlete dell'ASU Udine protagoniste nella kermesse internazionale di ginnastica ritmica. Da segnalare anche i piazzamenti di Isabelle Tavano, Gaia Mancini","_links":{"self":[{"href":"https:\/\/imagazine.it\/home_desk\/wp-json\/wp\/v2\/posts\/50179","targetHints":{"allow":["GET"]}}],"collection":[{"href":"https:\/\/imagazine.it\/home_desk\/wp-json\/wp\/v2\/posts"}],"about":[{"href":"https:\/\/imagazine.it\/home_desk\/wp-json\/wp\/v2\/types\/post"}],"author":[{"embeddable":true,"href":"https:\/\/imagazine.it\/home_desk\/wp-json\/wp\/v2\/users\/28"}],"replies":[{"embeddable":true,"href":"https:\/\/imagazine.it\/home_desk\/wp-json\/wp\/v2\/comments?post=50179"}],"version-history":[{"count":0,"href":"https:\/\/imagazine.it\/home_desk\/wp-json\/wp\/v2\/posts\/50179\/revisions"}],"wp:featuredmedia":[{"embeddable":true,"href":"https:\/\/imagazine.it\/home_desk\/wp-json\/wp\/v2\/media\/50180"}],"wp:attachment":[{"href":"https:\/\/imagazine.it\/home_desk\/wp-json\/wp\/v2\/media?parent=50179"}],"wp:term":[{"taxonomy":"category","embeddable":true,"href":"https:\/\/imagazine.it\/home_desk\/wp-json\/wp\/v2\/categories?post=50179"},{"taxonomy":"post_tag","embeddable":true,"href":"https:\/\/imagazine.it\/home_desk\/wp-json\/wp\/v2\/tags?post=50179"}],"curies":[{"name":"wp","href":"https:\/\/api.w.org\/{rel}","templated":true}]}}