{"id":50171,"date":"2023-10-16T00:00:00","date_gmt":"2023-10-15T22:00:00","guid":{"rendered":"https:\/\/imagazine.it\/rosaria-broccoletti-nuovo-vicario-del-questore-di-gorizia\/"},"modified":"2023-10-16T00:00:00","modified_gmt":"2023-10-15T22:00:00","slug":"rosaria-broccoletti-nuovo-vicario-del-questore-di-gorizia","status":"publish","type":"post","link":"https:\/\/imagazine.it\/home_desk\/rosaria-broccoletti-nuovo-vicario-del-questore-di-gorizia\/","title":{"rendered":"Rosaria Broccoletti nuovo vicario del questore di Gorizia"},"content":{"rendered":"<p> \tGORIZIA \u2013 Da oggi il primo dirigente della Polizia di Stato <strong>Rosaria Broccoletti<\/strong> \u00e8 il <strong>nuovo vicario del questore di Gorizia<\/strong>.<\/p>\n<p> \tOriginaria de L\u2019Aquila, laureata in giurisprudenza, dopo la frequenza del corso di formazione per Commissari della Polizia di Stato, nel 1995 \u00e8 stata assegnata alla Questura di Reggio Calabria dove ha ricoperto l\u2019incarico di funzionario addetto alla Squadra di P.G. compartimentale.<\/p>\n<p> \tNel 2001 \u00e8 stata trasferita a Bologna presso il Gabinetto Regionale di Polizia Scientifica per l\u2019Emilia Romagna, dove ha ricoperto l\u2019incarico di vice dirigente.<\/p>\n<p> \tNel 2010 \u00e8 assegnata a Citt\u00e0 di Castello (PG), dove ha diretto il Commissariato Distaccato di Pubblica Sicurezza; tre anni pi\u00f9 tardi \u00e8 chiamata a dirigere la D.I.G.O.S. della Questura di Ferrara e successivamente quella della Questura di Bolzano.<\/p>\n<p> \tPromossa a primo dirigente della Polizia di Stato, nel 2018 le viene affidato l\u2019incarico di dirigere la Divisione Anticrimine della Questura di Vicenza e, dal gennaio 2022, presso la Segreteria del Dipartimento della P.S., quello di direttore della 2\u00b0 Divisione dell\u2019Ufficio Relazioni Esterne, Cerimoniale e Studi Storici.<\/p>\n<p> \tAnche il Commissariato Distaccato di P. S. di <strong>Monfalcone<\/strong> vedr\u00e0, dal 23 ottobre prossimo, il ritorno del primo dirigente della Polizia di Stato <strong>Stefano Simonelli<\/strong> come coordinatore e direttore delle attivit\u00e0 di quell\u2019ufficio.<\/p>\n<p> \tLo scorso luglio, inoltre, al termine del corso di formazione per Commissari della Polizia di Stato, \u00e8 stato assegnato alla Questura isontina, in qualit\u00e0 di addetto all\u2019Ufficio Prevenzione Generale e Soccorso Pubblico, <strong>Luca Franz<\/strong>.<\/p>\n<p> \tNel recente periodo anche gli Uffici delle specialit\u00e0 della Polizia di Stato sono stati interessati dai movimenti ministeriali: il vice questore aggiunto <strong>Dario Russo<\/strong>, proveniente dal Compartimento di Polizia Stradale di Trieste, \u00e8 stato trasferito presso la Sezione di Polizia Stradale di Gorizia sostituendo il vice questore aggiunto <strong>Alessandro Rescio<\/strong>, chiamato a dirigere l\u2019Ufficio di Polizia di Frontiera Marittima e Aerea di Ronchi dei Legionari.<\/p>\n<p> \t\u00a0<\/p>\n","protected":false},"excerpt":{"rendered":"<p>Dal 23 ottobre Stefano Simonelli alla guida del Commissariato distaccato di Monfalcone<\/p>\n","protected":false},"author":28,"featured_media":50172,"comment_status":"closed","ping_status":"closed","sticky":false,"template":"","format":"standard","meta":{"dwc-title":[],"dwc-content":[],"footnotes":""},"categories":[5],"tags":[],"class_list":["post-50171","post","type-post","status-publish","format-standard","has-post-thumbnail","hentry","category-attualita"],"rttpg_featured_image_url":{"full":["https:\/\/imagazine.it\/wp-content\/uploads\/2024\/02\/54724-1.webp",1000,564,false],"landscape":["https:\/\/imagazine.it\/wp-content\/uploads\/2024\/02\/54724-1.webp",1000,564,false],"portraits":["https:\/\/imagazine.it\/wp-content\/uploads\/2024\/02\/54724-1.webp",1000,564,false],"thumbnail":["https:\/\/imagazine.it\/wp-content\/uploads\/2024\/02\/54724-1-150x150.webp",150,150,true],"medium":["https:\/\/imagazine.it\/wp-content\/uploads\/2024\/02\/54724-1-300x169.webp",300,169,true],"large":["https:\/\/imagazine.it\/wp-content\/uploads\/2024\/02\/54724-1.webp",640,361,false],"thumblist":["https:\/\/imagazine.it\/wp-content\/uploads\/2024\/02\/54724-1-300x300.webp",300,300,true],"thumbrelated":["https:\/\/imagazine.it\/wp-content\/uploads\/2024\/02\/54724-1-500x500.webp",500,500,true],"meccarouselthumb":["https:\/\/imagazine.it\/wp-content\/uploads\/2024\/02\/54724-1-474x324.webp",474,324,true],"gridsquare":["https:\/\/imagazine.it\/wp-content\/uploads\/2024\/02\/54724-1-391x260.webp",391,260,true],"tileview":["https:\/\/imagazine.it\/wp-content\/uploads\/2024\/02\/54724-1-300x400.webp",300,400,true],"1536x1536":["https:\/\/imagazine.it\/wp-content\/uploads\/2024\/02\/54724-1.webp",1000,564,false],"2048x2048":["https:\/\/imagazine.it\/wp-content\/uploads\/2024\/02\/54724-1.webp",1000,564,false],"newsup-slider-full":["https:\/\/imagazine.it\/wp-content\/uploads\/2024\/02\/54724-1.webp",1000,564,false],"newsup-featured":["https:\/\/imagazine.it\/wp-content\/uploads\/2024\/02\/54724-1.webp",1000,564,false],"newsup-medium":["https:\/\/imagazine.it\/wp-content\/uploads\/2024\/02\/54724-1-720x380.webp",720,380,true],"tptn_thumbnail":["https:\/\/imagazine.it\/wp-content\/uploads\/2024\/02\/54724-1.webp",250,141,false],"sow-carousel-default":["https:\/\/imagazine.it\/wp-content\/uploads\/2024\/02\/54724-1.webp",272,153,false]},"rttpg_author":{"display_name":"redazione","author_link":"https:\/\/imagazine.it\/home_desk\/author\/redazione\/"},"rttpg_comment":0,"rttpg_category":"<a href=\"https:\/\/imagazine.it\/home_desk\/category\/attualita\/\" rel=\"category tag\">ATTUALIT\u00c0<\/a>","rttpg_excerpt":"Dal 23 ottobre Stefano Simonelli alla guida del Commissariato distaccato di Monfalcone","_links":{"self":[{"href":"https:\/\/imagazine.it\/home_desk\/wp-json\/wp\/v2\/posts\/50171","targetHints":{"allow":["GET"]}}],"collection":[{"href":"https:\/\/imagazine.it\/home_desk\/wp-json\/wp\/v2\/posts"}],"about":[{"href":"https:\/\/imagazine.it\/home_desk\/wp-json\/wp\/v2\/types\/post"}],"author":[{"embeddable":true,"href":"https:\/\/imagazine.it\/home_desk\/wp-json\/wp\/v2\/users\/28"}],"replies":[{"embeddable":true,"href":"https:\/\/imagazine.it\/home_desk\/wp-json\/wp\/v2\/comments?post=50171"}],"version-history":[{"count":0,"href":"https:\/\/imagazine.it\/home_desk\/wp-json\/wp\/v2\/posts\/50171\/revisions"}],"wp:featuredmedia":[{"embeddable":true,"href":"https:\/\/imagazine.it\/home_desk\/wp-json\/wp\/v2\/media\/50172"}],"wp:attachment":[{"href":"https:\/\/imagazine.it\/home_desk\/wp-json\/wp\/v2\/media?parent=50171"}],"wp:term":[{"taxonomy":"category","embeddable":true,"href":"https:\/\/imagazine.it\/home_desk\/wp-json\/wp\/v2\/categories?post=50171"},{"taxonomy":"post_tag","embeddable":true,"href":"https:\/\/imagazine.it\/home_desk\/wp-json\/wp\/v2\/tags?post=50171"}],"curies":[{"name":"wp","href":"https:\/\/api.w.org\/{rel}","templated":true}]}}