{"id":50169,"date":"2023-10-16T00:00:00","date_gmt":"2023-10-15T22:00:00","guid":{"rendered":"https:\/\/imagazine.it\/il-teatro-a-leggio-riecheggia-a-trieste\/"},"modified":"2023-10-16T00:00:00","modified_gmt":"2023-10-15T22:00:00","slug":"il-teatro-a-leggio-riecheggia-a-trieste","status":"publish","type":"post","link":"https:\/\/imagazine.it\/home_desk\/il-teatro-a-leggio-riecheggia-a-trieste\/","title":{"rendered":"Il teatro a leggio riecheggia a Trieste"},"content":{"rendered":"<p> \tTRIESTE &#8211;\u00a0A partire dal 23 ottobre e fino all&#8217;8 aprile,\u00a0sempre di luned\u00ec alle ore 18, ritorna\u00a0il &#8220;<strong><em>Teatro a Leggio<\/em><\/strong>&#8220;, la rassegna\u00a0organizzata dall\u2019<strong>Associazione<\/strong> <strong>Amici della Contrada<\/strong>\u00a0che si tiene regolarmente da 25 anni, al Teatro Orazio Bobbio.\u00a0<\/p>\n<p> \tLa nuova stagione propone autori di chiara fama del Novecento, italiani e stranieri, nell\u2019intento di trovare il consueto connubio tra dramma e commedia, tra titoli noti e altri meno conosciuti.<\/p>\n<p> \tTra gli interpreti, molti attori della compagnia della Contrada ma anche giovani di talento e graditi ritorni,\u00a0in primis la beniamina di casa <strong>Ariella Reggio<\/strong>, ma anche le neo presidente degli Amici della Contrada <strong>Elke Burul<\/strong>, <strong>Daniela Gattorno<\/strong>, <strong>Valentino Pagliei<\/strong>, <strong>Adriano Giraldi<\/strong>,\u00a0<strong>Enza De Rose<\/strong>, <strong>Giacomo Segulia<\/strong>, <strong>Zoe Pernici<\/strong> e <strong>Giovanni Boni<\/strong>.<\/p>\n<p> \t\u00abPer prima cosa \u2013 afferma Elke Burul, neoeletta presidente dell&#8217;Associazione Amici della Contrada \u2013\u00a0desidero ringraziare per l\u2019immutato affetto che il nostro pubblico continua a dimostrarci e che ci spinge, di anno in anno, ad ampliare e migliorare le nostre proposte. Dopo tanti anni ho capito che il nostro \u00e8 un pubblico molto esigente, ma \u00e8 anche un pubblico attento e curioso. Per questo motivo quest\u2019anno abbiamo voluto inserire autori sia classici sia contemporanei, cercando per\u00f2 testi forse meno conosciuti, che spero risulteranno una gradita sorpresa per i nostri soci. Opere che indagano i delicati rapporti che si instaurano tra anime sfaccettate e complesse dando vita alle pi\u00f9 disparate vicende;\u00a0abbiamo cercato di proporre punti di vista e stili molto diversi tra loro, drammi e commedie, sguardi pi\u00f9 intimi e riflessioni su tematiche di pi\u00f9 ampio respiro che risultano estremamente\u00a0attuali\u00bb.<\/p>\n<p> \tLa stagione di Teatro a Leggio prender\u00e0 il via il\u00a0<strong>23 ottobre <\/strong>con un testo di Neil Simon, maestro della commedia di Broadway, \u201c<em>A piedi nudi nel parco<\/em>\u201d. Due giovani sposi dopo la luna di miele fanno i conti con le loro personalit\u00e0 agli antipodi, una suocera e un vicino di casa invadenti.<\/p>\n<p> \tIl\u00a0<strong>27 novembre\u00a0<\/strong>sar\u00e0 invece il momento di un testo teatrale di Italo Svevo\u00a0<em>\u201cInferiorit\u00e0\u201d.\u00a0<\/em>La commedia ha inizio con una burla architettata da due nobili ai danni di un borghese benestante: ma la farsa degenera, poich\u00e9 lo scherzo coinvolge in prima persona il servo del borghese.\u00a0<\/p>\n<p> \tIl\u00a0<strong>15 gennaio\u00a0<\/strong>sar\u00e0 la volta di \u201c<em>Cosa si sono perso!<\/em>\u201d di Aldo Nicolaj. Lea e Ivo si rivolgono all&#8217;ufficio Oggetti Smarriti perch\u00e9 hanno perso qualcosa di molto importante. Ma l&#8217;impiegata \u00e8 indaffarata: infatti \u00e8 stato perso qualcosa di interesse nazionale!\u00a0<\/p>\n<p> \tIl\u00a0<strong>19 febbraio<\/strong>\u00a0toccher\u00e0 a \u201c<em>Dall\u2019altra parte<\/em>\u201d di Ariel Dorfmann, per la regia di Elke Burul. Un testo potente e surreale in bilico tra realt\u00e0 e metafora.\u00a0Un marito e una moglie dopo una guerra estenuante si trovano separati nella loro stessa casa da un confine, controllati da una misteriosa guardia.\u00a0\u00a0<\/p>\n<p> \tIl\u00a0<strong>18 marzo<\/strong>\u00a0\u00e8 la volta di \u201c<em>La cosiddetta fidanzata<\/em>\u201d, un omaggio alla magnifica Franca Valeri. Fra Manlio, maturo ingegnere, e Derna, la sorella nubile, si inserisce la &#8220;cosiddetta fidanzata&#8221; di Manlio, fatto oltraggioso per la devota Derna. La donna si ribella, non potendo sopportare di vedersi soppiantata da un&#8217;estranea e ingaggia col fratello un duello verbale che forse la vedr\u00e0 vincitrice.<\/p>\n<p> \tA chiudere la stagione l\u2019<strong>8 aprile<\/strong>\u00a0\u201c<em>La signora Lowry e suo figlio<\/em>\u201d di Martyn Hesford con la straordinaria Ariella Reggio. In scena la relazione fra il pittore novecentesco L.S. Lowry e sua madre Elizabeth, donna autoritaria, depressa e costretta a letto. L\u2019uomo trascorre le proprie giornate lavorando come esattore degli affitti, passando invece le serate a studiare arte, ignorando le continue critiche materne.<\/p>\n<p> \tRinnovi e nuove adesioni al Teatro Bobbio possono essere effettuati da luned\u00ec a venerd\u00ec dalle 15.30 alle 18.30. \u00c8 possibile tesserarsi anche nelle giornate delle letture di \u201c<em>Teatro a Legg\u00eco<\/em>\u201d, dalle 16 alle 17 e on line sul sito\u00a0<u><a data-saferedirecturl=\"https:\/\/www.google.com\/url?q=http:\/\/www.contrada.it\/&#038;source=gmail&#038;ust=1697536669310000&#038;usg=AOvVaw11Ei7B3OJ9O6qCKcJTeLn0\" href=\"http:\/\/www.contrada.it\/\" target=\"_blank\" rel=\"noopener\"><span style=\"color:#0000cd;\">www.contrada.it<\/span><\/a><\/u><\/p>\n<p> \t\u00a0<\/p>\n","protected":false},"excerpt":{"rendered":"<p>Tra gli interpreti molti attori della compagnia della Contrada ma anche giovani di talento. Si parte il 23 ottobre con un testo di Neil Simon, maestro della commedia di Broadway<\/p>\n","protected":false},"author":28,"featured_media":50170,"comment_status":"closed","ping_status":"closed","sticky":false,"template":"","format":"standard","meta":{"dwc-title":[],"dwc-content":[],"footnotes":""},"categories":[37],"tags":[],"class_list":["post-50169","post","type-post","status-publish","format-standard","has-post-thumbnail","hentry","category-cultura-e-spettacolo"],"rttpg_featured_image_url":{"full":["https:\/\/imagazine.it\/wp-content\/uploads\/2024\/02\/54717-1.webp",750,612,false],"landscape":["https:\/\/imagazine.it\/wp-content\/uploads\/2024\/02\/54717-1.webp",750,612,false],"portraits":["https:\/\/imagazine.it\/wp-content\/uploads\/2024\/02\/54717-1.webp",750,612,false],"thumbnail":["https:\/\/imagazine.it\/wp-content\/uploads\/2024\/02\/54717-1-150x150.webp",150,150,true],"medium":["https:\/\/imagazine.it\/wp-content\/uploads\/2024\/02\/54717-1-300x245.webp",300,245,true],"large":["https:\/\/imagazine.it\/wp-content\/uploads\/2024\/02\/54717-1.webp",640,522,false],"thumblist":["https:\/\/imagazine.it\/wp-content\/uploads\/2024\/02\/54717-1-300x300.webp",300,300,true],"thumbrelated":["https:\/\/imagazine.it\/wp-content\/uploads\/2024\/02\/54717-1-500x500.webp",500,500,true],"meccarouselthumb":["https:\/\/imagazine.it\/wp-content\/uploads\/2024\/02\/54717-1-474x324.webp",474,324,true],"gridsquare":["https:\/\/imagazine.it\/wp-content\/uploads\/2024\/02\/54717-1-391x260.webp",391,260,true],"tileview":["https:\/\/imagazine.it\/wp-content\/uploads\/2024\/02\/54717-1-300x400.webp",300,400,true],"1536x1536":["https:\/\/imagazine.it\/wp-content\/uploads\/2024\/02\/54717-1.webp",750,612,false],"2048x2048":["https:\/\/imagazine.it\/wp-content\/uploads\/2024\/02\/54717-1.webp",750,612,false],"newsup-slider-full":["https:\/\/imagazine.it\/wp-content\/uploads\/2024\/02\/54717-1.webp",750,612,false],"newsup-featured":["https:\/\/imagazine.it\/wp-content\/uploads\/2024\/02\/54717-1.webp",750,612,false],"newsup-medium":["https:\/\/imagazine.it\/wp-content\/uploads\/2024\/02\/54717-1-720x380.webp",720,380,true],"tptn_thumbnail":["https:\/\/imagazine.it\/wp-content\/uploads\/2024\/02\/54717-1.webp",250,204,false],"sow-carousel-default":["https:\/\/imagazine.it\/wp-content\/uploads\/2024\/02\/54717-1.webp",223,182,false]},"rttpg_author":{"display_name":"redazione","author_link":"https:\/\/imagazine.it\/home_desk\/author\/redazione\/"},"rttpg_comment":0,"rttpg_category":"<a href=\"https:\/\/imagazine.it\/home_desk\/category\/cultura-e-spettacolo\/\" rel=\"category tag\">CULTURA&amp;SPETTACOLO<\/a>","rttpg_excerpt":"Tra gli interpreti molti attori della compagnia della Contrada ma anche giovani di talento. Si parte il 23 ottobre con un testo di Neil Simon, maestro della commedia di Broadway","_links":{"self":[{"href":"https:\/\/imagazine.it\/home_desk\/wp-json\/wp\/v2\/posts\/50169","targetHints":{"allow":["GET"]}}],"collection":[{"href":"https:\/\/imagazine.it\/home_desk\/wp-json\/wp\/v2\/posts"}],"about":[{"href":"https:\/\/imagazine.it\/home_desk\/wp-json\/wp\/v2\/types\/post"}],"author":[{"embeddable":true,"href":"https:\/\/imagazine.it\/home_desk\/wp-json\/wp\/v2\/users\/28"}],"replies":[{"embeddable":true,"href":"https:\/\/imagazine.it\/home_desk\/wp-json\/wp\/v2\/comments?post=50169"}],"version-history":[{"count":0,"href":"https:\/\/imagazine.it\/home_desk\/wp-json\/wp\/v2\/posts\/50169\/revisions"}],"wp:featuredmedia":[{"embeddable":true,"href":"https:\/\/imagazine.it\/home_desk\/wp-json\/wp\/v2\/media\/50170"}],"wp:attachment":[{"href":"https:\/\/imagazine.it\/home_desk\/wp-json\/wp\/v2\/media?parent=50169"}],"wp:term":[{"taxonomy":"category","embeddable":true,"href":"https:\/\/imagazine.it\/home_desk\/wp-json\/wp\/v2\/categories?post=50169"},{"taxonomy":"post_tag","embeddable":true,"href":"https:\/\/imagazine.it\/home_desk\/wp-json\/wp\/v2\/tags?post=50169"}],"curies":[{"name":"wp","href":"https:\/\/api.w.org\/{rel}","templated":true}]}}