{"id":50163,"date":"2023-10-14T00:00:00","date_gmt":"2023-10-13T22:00:00","guid":{"rendered":"https:\/\/imagazine.it\/colletta-alimentare-cervignano-risponde-presente-2\/"},"modified":"2023-10-14T00:00:00","modified_gmt":"2023-10-13T22:00:00","slug":"colletta-alimentare-cervignano-risponde-presente-2","status":"publish","type":"post","link":"https:\/\/imagazine.it\/home_desk\/colletta-alimentare-cervignano-risponde-presente-2\/","title":{"rendered":"Colletta alimentare, Cervignano risponde presente"},"content":{"rendered":"<p> \tCERVIGNANO DEL FRIULI \u2013 Si \u00e8 svolta presso il punto vendita Coop Alleanza 3.0, in via della Ferrovia Vecchia, l\u2019iniziativa \u201c<em>Dona la spesa<\/em>\u201d finalizzata alla raccolta di beni alimentari di prima necessit\u00e0.<\/p>\n<p> \tCome sempre i <strong>volontari della Caritas<\/strong> di Cervignano erano presenti in gran numero e per tutta la giornata, durante le quasi 12 ore di apertura del supermercato, sono stati riempiti <strong>oltre 30 scatoloni (1.133 prodotti) di generi di prima necessit\u00e0<\/strong> non deperibili come olio, tonno e legumi in scatola, farina e zucchero, biscotti e prodotti per la colazione, pasta e riso, alimenti a lunga conservazione, articoli per l\u2019igiene della persona e della casa e per l\u2019infanzia.<\/p>\n<p> \tLodevole l\u2019impegno dei volontari dell\u2019<strong>Emporio<\/strong> <strong>della Solidariet\u00e0<\/strong> che gestiscono la struttura di via Trieste: il numero delle famiglie che chiedono aiuto \u00e8 in aumento, raggiungendo i 100 nuclei, interessando di fatto dalle 350 alle 400 persone.<\/p>\n<p> \tSono numerose le realt\u00e0 che contribuiscono a rimpinguare gli scaffali dell\u2019emporio: supermercati, panifici, aziende agricole, oltre alla parrocchia di San Michele Arcangelo.<\/p>\n<p> \tL\u2019emporio, con i 12 volontari che settimanalmente sono presenti all\u2019interno della struttura, \u00e8 aperto il marted\u00ec e venerd\u00ec dalle 15.30 alle 18.30. Per poter usufruire del servizio \u00e8 necessario presentare il proprio ISEE.<\/p>\n<p> \t\u00a0<\/p>\n","protected":false},"excerpt":{"rendered":"<p>Raccolti in una giornata 1.133 prodotti di generi di prima necessit\u00e0 da destinare all&#8217;Emporio della Solidariet\u00e0<\/p>\n","protected":false},"author":22,"featured_media":50164,"comment_status":"closed","ping_status":"closed","sticky":false,"template":"","format":"standard","meta":{"dwc-title":[],"dwc-content":[],"footnotes":""},"categories":[5],"tags":[],"class_list":["post-50163","post","type-post","status-publish","format-standard","has-post-thumbnail","hentry","category-attualita"],"rttpg_featured_image_url":{"full":["https:\/\/imagazine.it\/wp-content\/uploads\/2024\/02\/54709-1.webp",1000,783,false],"landscape":["https:\/\/imagazine.it\/wp-content\/uploads\/2024\/02\/54709-1.webp",1000,783,false],"portraits":["https:\/\/imagazine.it\/wp-content\/uploads\/2024\/02\/54709-1.webp",1000,783,false],"thumbnail":["https:\/\/imagazine.it\/wp-content\/uploads\/2024\/02\/54709-1-150x150.webp",150,150,true],"medium":["https:\/\/imagazine.it\/wp-content\/uploads\/2024\/02\/54709-1-300x235.webp",300,235,true],"large":["https:\/\/imagazine.it\/wp-content\/uploads\/2024\/02\/54709-1.webp",640,501,false],"thumblist":["https:\/\/imagazine.it\/wp-content\/uploads\/2024\/02\/54709-1-300x300.webp",300,300,true],"thumbrelated":["https:\/\/imagazine.it\/wp-content\/uploads\/2024\/02\/54709-1-500x500.webp",500,500,true],"meccarouselthumb":["https:\/\/imagazine.it\/wp-content\/uploads\/2024\/02\/54709-1-474x324.webp",474,324,true],"gridsquare":["https:\/\/imagazine.it\/wp-content\/uploads\/2024\/02\/54709-1-391x260.webp",391,260,true],"tileview":["https:\/\/imagazine.it\/wp-content\/uploads\/2024\/02\/54709-1-300x400.webp",300,400,true],"1536x1536":["https:\/\/imagazine.it\/wp-content\/uploads\/2024\/02\/54709-1.webp",1000,783,false],"2048x2048":["https:\/\/imagazine.it\/wp-content\/uploads\/2024\/02\/54709-1.webp",1000,783,false],"newsup-slider-full":["https:\/\/imagazine.it\/wp-content\/uploads\/2024\/02\/54709-1-1000x720.webp",1000,720,true],"newsup-featured":["https:\/\/imagazine.it\/wp-content\/uploads\/2024\/02\/54709-1.webp",1000,783,false],"newsup-medium":["https:\/\/imagazine.it\/wp-content\/uploads\/2024\/02\/54709-1-720x380.webp",720,380,true],"tptn_thumbnail":["https:\/\/imagazine.it\/wp-content\/uploads\/2024\/02\/54709-1.webp",250,196,false],"sow-carousel-default":["https:\/\/imagazine.it\/wp-content\/uploads\/2024\/02\/54709-1.webp",232,182,false]},"rttpg_author":{"display_name":"Livio Nonis","author_link":"https:\/\/imagazine.it\/home_desk\/author\/nonis\/"},"rttpg_comment":0,"rttpg_category":"<a href=\"https:\/\/imagazine.it\/home_desk\/category\/attualita\/\" rel=\"category tag\">ATTUALIT\u00c0<\/a>","rttpg_excerpt":"Raccolti in una giornata 1.133 prodotti di generi di prima necessit\u00e0 da destinare all'Emporio della Solidariet\u00e0","_links":{"self":[{"href":"https:\/\/imagazine.it\/home_desk\/wp-json\/wp\/v2\/posts\/50163","targetHints":{"allow":["GET"]}}],"collection":[{"href":"https:\/\/imagazine.it\/home_desk\/wp-json\/wp\/v2\/posts"}],"about":[{"href":"https:\/\/imagazine.it\/home_desk\/wp-json\/wp\/v2\/types\/post"}],"author":[{"embeddable":true,"href":"https:\/\/imagazine.it\/home_desk\/wp-json\/wp\/v2\/users\/22"}],"replies":[{"embeddable":true,"href":"https:\/\/imagazine.it\/home_desk\/wp-json\/wp\/v2\/comments?post=50163"}],"version-history":[{"count":0,"href":"https:\/\/imagazine.it\/home_desk\/wp-json\/wp\/v2\/posts\/50163\/revisions"}],"wp:featuredmedia":[{"embeddable":true,"href":"https:\/\/imagazine.it\/home_desk\/wp-json\/wp\/v2\/media\/50164"}],"wp:attachment":[{"href":"https:\/\/imagazine.it\/home_desk\/wp-json\/wp\/v2\/media?parent=50163"}],"wp:term":[{"taxonomy":"category","embeddable":true,"href":"https:\/\/imagazine.it\/home_desk\/wp-json\/wp\/v2\/categories?post=50163"},{"taxonomy":"post_tag","embeddable":true,"href":"https:\/\/imagazine.it\/home_desk\/wp-json\/wp\/v2\/tags?post=50163"}],"curies":[{"name":"wp","href":"https:\/\/api.w.org\/{rel}","templated":true}]}}