{"id":50147,"date":"2023-10-08T00:00:00","date_gmt":"2023-10-07T22:00:00","guid":{"rendered":"https:\/\/imagazine.it\/scodovacca-in-festa-per-la-madonna-del-rosario\/"},"modified":"2023-10-08T00:00:00","modified_gmt":"2023-10-07T22:00:00","slug":"scodovacca-in-festa-per-la-madonna-del-rosario","status":"publish","type":"post","link":"https:\/\/imagazine.it\/home_desk\/scodovacca-in-festa-per-la-madonna-del-rosario\/","title":{"rendered":"Scodovacca in festa per la Madonna del Rosario"},"content":{"rendered":"<p> \tCERVIGNANO DEL FRIULI \u2013 A <strong>Scodovacca<\/strong> si \u00e8 ricordata la Madonna del Rosario.<\/p>\n<p> \tNella chiesa dedicata a San Marco \u00e8 stata celebrata la messa presieduta da <strong>don Modeste Muragijimana<\/strong>, concelebranti il parroco <strong>don Sinuhe Marotta<\/strong> e <strong>don Gioacchino Raugna<\/strong>, con l\u2019accompagnamento del coro parrocchiale diretto da <strong>Elisa Biancotto<\/strong> alla chitarra.<\/p>\n<p> \tAncora oggi la popolazione di Scodovacca \u00e8 particolarmente devota alla Madonna del Rosario, infatti, da tempo immemorabile, la statua della Vergine viene portata in processione lungo le vie del paese durante la prima domenica di ottobre.<\/p>\n<p> \tSi deve precisare che inizialmente veniva rispettata la ricorrenza tradizionale, ma poich\u00e9 altri paesi limitrofi celebravano tale festivit\u00e0 nella stessa data, durante la prima met\u00e0 del Novecento la celebrazione e la relativa festa venne spostata nella seconda domenica di ottobre, per evitare sovrapposizioni.<\/p>\n<p> \tLa statua della Madonna durante l\u2019anno \u00e8 posta sull&#8217;altare del Rosario, attribuibile alla seconda met\u00e0 del Settecento. La mensa \u00e8 riccamente decorata da intarsi marmorei policromi, che formano motivi geometrici e floreali, e da essa si innalzano due colonne di marmo nero con capitelli compositi, che reggono un frontone spezzato culminante con un coronamento di angeli. Al centro la nicchia con la statua lignea della Madonna del Rosario, che tiene sul palmo un fiero Ges\u00f9 Bambino in posizione eretta.<\/p>\n<p> \tQuesta statua fu realizzata dallo scultore Francesco Ellero di Latisana nel 1937. La festa della Madonna del Rosario \u00e8 stata istituita da papa Gregorio nel 1573 per ricordare la vittoria riportata a Lepanto il 7 ottobre 1571 dalla flotta cristiana capitanata da Andrea Doria contro quella turca. Il successo della battaglia infatti si attribu\u00ec all&#8217;intervento della Madonna, invocata attraverso la preghiera del Rosario. Tale festivit\u00e0 venne stabilita da papa Gregorio per la prima domenica di ottobre.<\/p>\n<p> \t\u00a0<\/p>\n","protected":false},"excerpt":{"rendered":"<p>Numerosi fedeli alla processione per le vie del paese assieme alla statua realizzata da Francesco Ellero<\/p>\n","protected":false},"author":22,"featured_media":50148,"comment_status":"closed","ping_status":"closed","sticky":false,"template":"","format":"standard","meta":{"dwc-title":[],"dwc-content":[],"footnotes":""},"categories":[5],"tags":[],"class_list":["post-50147","post","type-post","status-publish","format-standard","has-post-thumbnail","hentry","category-attualita"],"rttpg_featured_image_url":{"full":["https:\/\/imagazine.it\/wp-content\/uploads\/2024\/02\/54681-1.webp",1000,750,false],"landscape":["https:\/\/imagazine.it\/wp-content\/uploads\/2024\/02\/54681-1.webp",1000,750,false],"portraits":["https:\/\/imagazine.it\/wp-content\/uploads\/2024\/02\/54681-1.webp",1000,750,false],"thumbnail":["https:\/\/imagazine.it\/wp-content\/uploads\/2024\/02\/54681-1-150x150.webp",150,150,true],"medium":["https:\/\/imagazine.it\/wp-content\/uploads\/2024\/02\/54681-1-300x225.webp",300,225,true],"large":["https:\/\/imagazine.it\/wp-content\/uploads\/2024\/02\/54681-1.webp",640,480,false],"thumblist":["https:\/\/imagazine.it\/wp-content\/uploads\/2024\/02\/54681-1-300x300.webp",300,300,true],"thumbrelated":["https:\/\/imagazine.it\/wp-content\/uploads\/2024\/02\/54681-1-500x500.webp",500,500,true],"meccarouselthumb":["https:\/\/imagazine.it\/wp-content\/uploads\/2024\/02\/54681-1-474x324.webp",474,324,true],"gridsquare":["https:\/\/imagazine.it\/wp-content\/uploads\/2024\/02\/54681-1-391x260.webp",391,260,true],"tileview":["https:\/\/imagazine.it\/wp-content\/uploads\/2024\/02\/54681-1-300x400.webp",300,400,true],"1536x1536":["https:\/\/imagazine.it\/wp-content\/uploads\/2024\/02\/54681-1.webp",1000,750,false],"2048x2048":["https:\/\/imagazine.it\/wp-content\/uploads\/2024\/02\/54681-1.webp",1000,750,false],"newsup-slider-full":["https:\/\/imagazine.it\/wp-content\/uploads\/2024\/02\/54681-1-1000x720.webp",1000,720,true],"newsup-featured":["https:\/\/imagazine.it\/wp-content\/uploads\/2024\/02\/54681-1.webp",1000,750,false],"newsup-medium":["https:\/\/imagazine.it\/wp-content\/uploads\/2024\/02\/54681-1-720x380.webp",720,380,true],"tptn_thumbnail":["https:\/\/imagazine.it\/wp-content\/uploads\/2024\/02\/54681-1.webp",250,188,false],"sow-carousel-default":["https:\/\/imagazine.it\/wp-content\/uploads\/2024\/02\/54681-1.webp",243,182,false]},"rttpg_author":{"display_name":"Livio Nonis","author_link":"https:\/\/imagazine.it\/home_desk\/author\/nonis\/"},"rttpg_comment":0,"rttpg_category":"<a href=\"https:\/\/imagazine.it\/home_desk\/category\/attualita\/\" rel=\"category tag\">ATTUALIT\u00c0<\/a>","rttpg_excerpt":"Numerosi fedeli alla processione per le vie del paese assieme alla statua realizzata da Francesco Ellero","_links":{"self":[{"href":"https:\/\/imagazine.it\/home_desk\/wp-json\/wp\/v2\/posts\/50147","targetHints":{"allow":["GET"]}}],"collection":[{"href":"https:\/\/imagazine.it\/home_desk\/wp-json\/wp\/v2\/posts"}],"about":[{"href":"https:\/\/imagazine.it\/home_desk\/wp-json\/wp\/v2\/types\/post"}],"author":[{"embeddable":true,"href":"https:\/\/imagazine.it\/home_desk\/wp-json\/wp\/v2\/users\/22"}],"replies":[{"embeddable":true,"href":"https:\/\/imagazine.it\/home_desk\/wp-json\/wp\/v2\/comments?post=50147"}],"version-history":[{"count":0,"href":"https:\/\/imagazine.it\/home_desk\/wp-json\/wp\/v2\/posts\/50147\/revisions"}],"wp:featuredmedia":[{"embeddable":true,"href":"https:\/\/imagazine.it\/home_desk\/wp-json\/wp\/v2\/media\/50148"}],"wp:attachment":[{"href":"https:\/\/imagazine.it\/home_desk\/wp-json\/wp\/v2\/media?parent=50147"}],"wp:term":[{"taxonomy":"category","embeddable":true,"href":"https:\/\/imagazine.it\/home_desk\/wp-json\/wp\/v2\/categories?post=50147"},{"taxonomy":"post_tag","embeddable":true,"href":"https:\/\/imagazine.it\/home_desk\/wp-json\/wp\/v2\/tags?post=50147"}],"curies":[{"name":"wp","href":"https:\/\/api.w.org\/{rel}","templated":true}]}}