{"id":50143,"date":"2023-10-10T00:00:00","date_gmt":"2023-10-09T22:00:00","guid":{"rendered":"https:\/\/imagazine.it\/i-grandi-nomi-del-jazz-in-arrivo-nel-collio\/"},"modified":"2023-10-10T00:00:00","modified_gmt":"2023-10-09T22:00:00","slug":"i-grandi-nomi-del-jazz-in-arrivo-nel-collio","status":"publish","type":"post","link":"https:\/\/imagazine.it\/home_desk\/i-grandi-nomi-del-jazz-in-arrivo-nel-collio\/","title":{"rendered":"I grandi nomi del jazz in arrivo nel Collio"},"content":{"rendered":"<p> \tCORM\u00d2NS \u2013 I grandi nomi del jazz internazionale si daranno appuntamento dal <strong>26 al 29 ottobre <\/strong>al festival transfrontaliero <strong><em>Jazz &#038; Wine of Peace<\/em><\/strong>, fra Collio friulano e sloveno, che fra musica ed eccellenze enogastronomiche del territorio celebra la pace e l\u2019amicizia fra i popoli, anticipando e sposando lo spirito di Gorizia Nova Gorica Capitale della cultura 2025<\/p>\n<p> \tOrganizzato con la direzione artistica di <strong>Mauro Bardusco<\/strong> da <strong>Circolo Controtempo di Corm\u00f2ns,<\/strong> quartier generale da cui si dirama il programma diffuso, il festival ospiter\u00e0 18 concerti in 4 teatri e in 16 fra aziende vitivinicole e dimore storiche.<\/p>\n<p> \tIl festival \u00e8 stato presentato nella sala di rappresentanza del Comune di Corm\u00f2ns da <strong>Paola Martini<\/strong>, presidente di Circolo Controtempo, <strong>Pierluigi Pintar<\/strong>, vicepresidente, <strong>Diego Bernardis<\/strong>, consigliere regionale, e <strong>Anna Bortolotti<\/strong>, consigliera comunale di Corm\u00f2ns.<\/p>\n<p> \tSpicca la <em>premiere<\/em> italiana per il progetto che unisce la star mondiale della chitarra, il brasiliano <strong>Yamandu Costa<\/strong>, e il fuoriclasse della fisarmonica <strong>Vincent Peiran\u00ec<\/strong> (27 ottobre, alle 21) mentre Italia e Cuba si incontreranno nel progetto \u201c<em>Food<\/em>\u201d con <strong>Paolo Fresu<\/strong> e <strong>Omar Sosa<\/strong>, domenica 29 alle 21, un concerto abbinato a un incontro su etica e sostenibilit\u00e0 del cibo (domenica alle 16.30); sabato 28, alle 18, al Nuovo teatro comunale di Gradisca d\u2019Isonzo, il festival aprir\u00e0 una finestra sul <em>progressiv <\/em>anni\u201970 con \u00a0\u201c<strong>Patrizio Fariselli plays area<\/strong>\u201d nel 50\u00b0 anniversario del mitico album del gruppo di Demetrio Stratos \u201cArbeit macht frei\u201d e con il tributo ai Led Zeppelin di <strong>Francesco Bearzatti<\/strong> (domenica 29, alle 18). Si alterneranno il pianista americano <strong>Chris Jarrett<\/strong> (gioved\u00ec 26, alle 15), il contrabbassista francese <strong>Henri Texier<\/strong> in trio (venerd\u00ec 27 alle 18), un altro trio di grandi artisti come <strong>Andy Sheppard<\/strong>, <strong>Rita Marcotulli<\/strong> e <strong>Carlos Bica<\/strong> (il 28 alle 11), <strong>Enrico Rava<\/strong> con il nuovo progetto \u201c<em>The fearless five<\/em>\u201d, sabato 28 alle 21.30; venerd\u00ec 27 alle 11, il \u201cMiserere\u201d in Abbazia di Rosazzo con <strong>Rosario Giuliani &#038; Mac Saxophone Quartet<\/strong>, fra Rossini, Monteverdi, Donizetti e Vivaldi in jazz.<\/p>\n<p> \tGioved\u00ec sera, nel giorno di apertura, alle 21.30, nel teatro di Corm\u00f2ns, omaggio a De Andr\u00e9 in chiave jazz nel concerto racconto di <strong>Luigi Viva<\/strong> e <strong>Luigi Masciari<\/strong>.<\/p>\n<p> \tSpazio come sempre al jazz al femminile con progetti come \u201c<em>W<\/em><em>itch\u2019n\u2019monk<\/em>\u201d (gioved\u00ec 26, alle 21) della chitarrista e soprano inglese <strong>Heidi Heidelberg<\/strong> o la trombettista e compositrice canadese figura di spicco del jazz sperimentale <strong>Steph Richards<\/strong> (domenica 29 alle 13.30).<\/p>\n<p> \tE, ancora, tutta l\u2019avanguardia e la nuova scena jazz con \u201cHidden Rooms\u201d del <strong>Marco Centasso Quartet<\/strong> (gioved\u00ec 26 alle 18); gli austriaci <strong>Ahl6 <\/strong>(venerd\u00ec 27 alle 15); <strong>Joell Ross \u201cGood Vibes\u201d<\/strong> (sabato 28, alle 15); <strong>Marco Colonna<\/strong> e <strong>Alexander Hawkins<\/strong> con \u201cEric Dolphy Underlined\u201d (domenica 29, alle 11) e <strong>Jim &#038; The Schrimps<\/strong> (domenica 29 alle 15.30).<\/p>\n<p> \tAnteprima fra cinema e musica il 23 ottobre, alle 20.30, al Kulturni Dom di Gorizia con la <strong>Zerorchestra italiana<\/strong> e l\u2019<strong>Orchestra<\/strong> <strong>of the imaginary slovena<\/strong>.<\/p>\n<p> \t\u00a0<\/p>\n","protected":false},"excerpt":{"rendered":"<p>Da Yamandu Costa a Vincent Peiran\u00ec, passando per Paolo Fresu e Omar Sosa: presentato a Corm\u00f2ns il festival transfrontaliero<\/p>\n","protected":false},"author":28,"featured_media":50144,"comment_status":"closed","ping_status":"closed","sticky":false,"template":"","format":"standard","meta":{"dwc-title":[],"dwc-content":[],"footnotes":""},"categories":[37],"tags":[],"class_list":["post-50143","post","type-post","status-publish","format-standard","has-post-thumbnail","hentry","category-cultura-e-spettacolo"],"rttpg_featured_image_url":{"full":["https:\/\/imagazine.it\/wp-content\/uploads\/2024\/02\/54673-1.webp",1280,914,false],"landscape":["https:\/\/imagazine.it\/wp-content\/uploads\/2024\/02\/54673-1.webp",1280,914,false],"portraits":["https:\/\/imagazine.it\/wp-content\/uploads\/2024\/02\/54673-1.webp",1280,914,false],"thumbnail":["https:\/\/imagazine.it\/wp-content\/uploads\/2024\/02\/54673-1-150x150.webp",150,150,true],"medium":["https:\/\/imagazine.it\/wp-content\/uploads\/2024\/02\/54673-1-300x214.webp",300,214,true],"large":["https:\/\/imagazine.it\/wp-content\/uploads\/2024\/02\/54673-1-1024x731.webp",640,457,true],"thumblist":["https:\/\/imagazine.it\/wp-content\/uploads\/2024\/02\/54673-1-300x300.webp",300,300,true],"thumbrelated":["https:\/\/imagazine.it\/wp-content\/uploads\/2024\/02\/54673-1-500x500.webp",500,500,true],"meccarouselthumb":["https:\/\/imagazine.it\/wp-content\/uploads\/2024\/02\/54673-1-474x324.webp",474,324,true],"gridsquare":["https:\/\/imagazine.it\/wp-content\/uploads\/2024\/02\/54673-1-391x260.webp",391,260,true],"tileview":["https:\/\/imagazine.it\/wp-content\/uploads\/2024\/02\/54673-1-300x400.webp",300,400,true],"1536x1536":["https:\/\/imagazine.it\/wp-content\/uploads\/2024\/02\/54673-1.webp",1280,914,false],"2048x2048":["https:\/\/imagazine.it\/wp-content\/uploads\/2024\/02\/54673-1.webp",1280,914,false],"newsup-slider-full":["https:\/\/imagazine.it\/wp-content\/uploads\/2024\/02\/54673-1-1280x720.webp",1280,720,true],"newsup-featured":["https:\/\/imagazine.it\/wp-content\/uploads\/2024\/02\/54673-1-1024x731.webp",1024,731,true],"newsup-medium":["https:\/\/imagazine.it\/wp-content\/uploads\/2024\/02\/54673-1-720x380.webp",720,380,true],"tptn_thumbnail":["https:\/\/imagazine.it\/wp-content\/uploads\/2024\/02\/54673-1.webp",250,179,false],"sow-carousel-default":["https:\/\/imagazine.it\/wp-content\/uploads\/2024\/02\/54673-1.webp",255,182,false]},"rttpg_author":{"display_name":"redazione","author_link":"https:\/\/imagazine.it\/home_desk\/author\/redazione\/"},"rttpg_comment":0,"rttpg_category":"<a href=\"https:\/\/imagazine.it\/home_desk\/category\/cultura-e-spettacolo\/\" rel=\"category tag\">CULTURA&amp;SPETTACOLO<\/a>","rttpg_excerpt":"Da Yamandu Costa a Vincent Peiran\u00ec, passando per Paolo Fresu e Omar Sosa: presentato a Corm\u00f2ns il festival transfrontaliero","_links":{"self":[{"href":"https:\/\/imagazine.it\/home_desk\/wp-json\/wp\/v2\/posts\/50143","targetHints":{"allow":["GET"]}}],"collection":[{"href":"https:\/\/imagazine.it\/home_desk\/wp-json\/wp\/v2\/posts"}],"about":[{"href":"https:\/\/imagazine.it\/home_desk\/wp-json\/wp\/v2\/types\/post"}],"author":[{"embeddable":true,"href":"https:\/\/imagazine.it\/home_desk\/wp-json\/wp\/v2\/users\/28"}],"replies":[{"embeddable":true,"href":"https:\/\/imagazine.it\/home_desk\/wp-json\/wp\/v2\/comments?post=50143"}],"version-history":[{"count":0,"href":"https:\/\/imagazine.it\/home_desk\/wp-json\/wp\/v2\/posts\/50143\/revisions"}],"wp:featuredmedia":[{"embeddable":true,"href":"https:\/\/imagazine.it\/home_desk\/wp-json\/wp\/v2\/media\/50144"}],"wp:attachment":[{"href":"https:\/\/imagazine.it\/home_desk\/wp-json\/wp\/v2\/media?parent=50143"}],"wp:term":[{"taxonomy":"category","embeddable":true,"href":"https:\/\/imagazine.it\/home_desk\/wp-json\/wp\/v2\/categories?post=50143"},{"taxonomy":"post_tag","embeddable":true,"href":"https:\/\/imagazine.it\/home_desk\/wp-json\/wp\/v2\/tags?post=50143"}],"curies":[{"name":"wp","href":"https:\/\/api.w.org\/{rel}","templated":true}]}}