{"id":50137,"date":"2023-10-10T00:00:00","date_gmt":"2023-10-09T22:00:00","guid":{"rendered":"https:\/\/imagazine.it\/grado-rinnova-lo-spes-in-occasione-dei-30-anni\/"},"modified":"2023-10-10T00:00:00","modified_gmt":"2023-10-09T22:00:00","slug":"grado-rinnova-lo-spes-in-occasione-dei-30-anni","status":"publish","type":"post","link":"https:\/\/imagazine.it\/home_desk\/grado-rinnova-lo-spes-in-occasione-dei-30-anni\/","title":{"rendered":"Grado rinnova lo Spes in occasione dei 30 anni"},"content":{"rendered":"<p> \tGRADO \u2013 \u201cGuardare in alto\u201d secondo gli insegnamenti di Don Bosco e puntare a realizzare un progetto etico, che offra spazi, attrezzature e ambienti per un percorso di crescita morale e cristiana e di attivit\u00e0 oratoriale per bambini e ragazzi, ma che sar\u00e0 una struttura aperta ai gradesi, e non solo, diventando anche la casa delle tante associazioni di volontariato e sodalizi dell\u2019Isola.<\/p>\n<p> \tUn progetto ambizioso che ridar\u00e0 significato al <strong>Ricreatorio Spes<\/strong> \u00e8 stato presentato nella sua complessit\u00e0 di impegno di spesa di <strong>1.183.500 euro<\/strong>, iva inclusa, a fronte di <strong>opere da realizzare in 4 lotti entro i prossimi due anni<\/strong>, dal parroco <strong>monsignor Paolo Nutarelli<\/strong>, dall\u2019architetto-progettista dei lavori <strong>Michela Maricchio<\/strong> e dall\u2019economo parrocchiale <strong>Flavio Dovier<\/strong>.<\/p>\n<p> \tAll\u2019incontro era presente, per la prima uscita pubblica, il commissario straordinario <strong>Augusto Viola<\/strong>, incaricato dalla Regione di gestire il Comune dopo il decadimento degli organi eletti e del sindaco.<\/p>\n<p> \tL\u2019obiettivo del parroco, anima del progetto approvato dall\u2019<strong>Arcidiocesi di Gorizia<\/strong>, al quale il commissario Viola dar\u00e0 tutto il suo appoggio in particolare per reperire adeguati finanziamenti regionali in sede di Legge di Stabilit\u00e0 2024, \u00e8 di <strong>realizzare entro il 2024 tre dei quattro lotti previsti<\/strong> di interventi di manutenzione, efficientamento energetico, adeguamento degli impianti, riqualificazione e consolidamento degli edifici esistenti, ristrutturazione e ampliamento di aree esterne destinate a giochi e attivit\u00e0 sportive per ragazzi e adulti.<\/p>\n<p> \tDunque una nuova vita per il ricreatorio nato oltre 30 anni fa che torner\u00e0 a essere vitale dopo la chiusura causata dalla pandemia.<\/p>\n<p> \tDi fatto i lavori sono gi\u00e0 iniziati con la posa dell\u2019impianto fotovoltaico per la produzione di 20 kW, anche se le risorse complessive non sono ancora disponibili. Aspetto che non affievolisce o scoraggia l\u2019entusiasmo di monsignor Nutarelli che ha gi\u00e0 raccolto il convinto sostegno di molti parrocchiani e intende bussare a tutte le porte di possibili benefattori, confidando nella carit\u00e0, motivazione interiore che ha guidato San Giovanni Bosco in tutta la sua opera.<\/p>\n<p> \t\u00a0<\/p>\n","protected":false},"excerpt":{"rendered":"<p>Previsti investimenti di oltre un milione di euro per ristrutturare il ricreatorio. Opere da realizzare in 4 lotti entro i prossimi due anni. Sinergia tra Parrocchia, Comune e Regione<\/p>\n","protected":false},"author":23,"featured_media":50138,"comment_status":"closed","ping_status":"closed","sticky":false,"template":"","format":"standard","meta":{"dwc-title":[],"dwc-content":[],"footnotes":""},"categories":[5],"tags":[],"class_list":["post-50137","post","type-post","status-publish","format-standard","has-post-thumbnail","hentry","category-attualita"],"rttpg_featured_image_url":{"full":["https:\/\/imagazine.it\/wp-content\/uploads\/2024\/02\/54666-1.webp",1000,485,false],"landscape":["https:\/\/imagazine.it\/wp-content\/uploads\/2024\/02\/54666-1.webp",1000,485,false],"portraits":["https:\/\/imagazine.it\/wp-content\/uploads\/2024\/02\/54666-1.webp",1000,485,false],"thumbnail":["https:\/\/imagazine.it\/wp-content\/uploads\/2024\/02\/54666-1-150x150.webp",150,150,true],"medium":["https:\/\/imagazine.it\/wp-content\/uploads\/2024\/02\/54666-1-300x146.webp",300,146,true],"large":["https:\/\/imagazine.it\/wp-content\/uploads\/2024\/02\/54666-1.webp",640,310,false],"thumblist":["https:\/\/imagazine.it\/wp-content\/uploads\/2024\/02\/54666-1-300x300.webp",300,300,true],"thumbrelated":["https:\/\/imagazine.it\/wp-content\/uploads\/2024\/02\/54666-1-500x485.webp",500,485,true],"meccarouselthumb":["https:\/\/imagazine.it\/wp-content\/uploads\/2024\/02\/54666-1-474x324.webp",474,324,true],"gridsquare":["https:\/\/imagazine.it\/wp-content\/uploads\/2024\/02\/54666-1-391x260.webp",391,260,true],"tileview":["https:\/\/imagazine.it\/wp-content\/uploads\/2024\/02\/54666-1-300x400.webp",300,400,true],"1536x1536":["https:\/\/imagazine.it\/wp-content\/uploads\/2024\/02\/54666-1.webp",1000,485,false],"2048x2048":["https:\/\/imagazine.it\/wp-content\/uploads\/2024\/02\/54666-1.webp",1000,485,false],"newsup-slider-full":["https:\/\/imagazine.it\/wp-content\/uploads\/2024\/02\/54666-1.webp",1000,485,false],"newsup-featured":["https:\/\/imagazine.it\/wp-content\/uploads\/2024\/02\/54666-1.webp",1000,485,false],"newsup-medium":["https:\/\/imagazine.it\/wp-content\/uploads\/2024\/02\/54666-1-720x380.webp",720,380,true],"tptn_thumbnail":["https:\/\/imagazine.it\/wp-content\/uploads\/2024\/02\/54666-1.webp",250,121,false],"sow-carousel-default":["https:\/\/imagazine.it\/wp-content\/uploads\/2024\/02\/54666-1.webp",272,132,false]},"rttpg_author":{"display_name":"Margherita Reguitti","author_link":"https:\/\/imagazine.it\/home_desk\/author\/reguitti\/"},"rttpg_comment":0,"rttpg_category":"<a href=\"https:\/\/imagazine.it\/home_desk\/category\/attualita\/\" rel=\"category tag\">ATTUALIT\u00c0<\/a>","rttpg_excerpt":"Previsti investimenti di oltre un milione di euro per ristrutturare il ricreatorio. Opere da realizzare in 4 lotti entro i prossimi due anni. Sinergia tra Parrocchia, Comune e Regione","_links":{"self":[{"href":"https:\/\/imagazine.it\/home_desk\/wp-json\/wp\/v2\/posts\/50137","targetHints":{"allow":["GET"]}}],"collection":[{"href":"https:\/\/imagazine.it\/home_desk\/wp-json\/wp\/v2\/posts"}],"about":[{"href":"https:\/\/imagazine.it\/home_desk\/wp-json\/wp\/v2\/types\/post"}],"author":[{"embeddable":true,"href":"https:\/\/imagazine.it\/home_desk\/wp-json\/wp\/v2\/users\/23"}],"replies":[{"embeddable":true,"href":"https:\/\/imagazine.it\/home_desk\/wp-json\/wp\/v2\/comments?post=50137"}],"version-history":[{"count":0,"href":"https:\/\/imagazine.it\/home_desk\/wp-json\/wp\/v2\/posts\/50137\/revisions"}],"wp:featuredmedia":[{"embeddable":true,"href":"https:\/\/imagazine.it\/home_desk\/wp-json\/wp\/v2\/media\/50138"}],"wp:attachment":[{"href":"https:\/\/imagazine.it\/home_desk\/wp-json\/wp\/v2\/media?parent=50137"}],"wp:term":[{"taxonomy":"category","embeddable":true,"href":"https:\/\/imagazine.it\/home_desk\/wp-json\/wp\/v2\/categories?post=50137"},{"taxonomy":"post_tag","embeddable":true,"href":"https:\/\/imagazine.it\/home_desk\/wp-json\/wp\/v2\/tags?post=50137"}],"curies":[{"name":"wp","href":"https:\/\/api.w.org\/{rel}","templated":true}]}}