{"id":50133,"date":"2023-10-09T00:00:00","date_gmt":"2023-10-08T22:00:00","guid":{"rendered":"https:\/\/imagazine.it\/artigianato-e-cultura-insieme-per-salvare-antiche-professioni\/"},"modified":"2023-10-09T00:00:00","modified_gmt":"2023-10-08T22:00:00","slug":"artigianato-e-cultura-insieme-per-salvare-antiche-professioni","status":"publish","type":"post","link":"https:\/\/imagazine.it\/home_desk\/artigianato-e-cultura-insieme-per-salvare-antiche-professioni\/","title":{"rendered":"Artigianato e cultura insieme per salvare antiche professioni"},"content":{"rendered":"<p> \tUDINE \u2013 Un progetto <strong>unico in Italia<\/strong> e con l&#8217;ambizione, grazie a GO2025!, di varcare anche i confini nazionali. Torna, per il <strong>terzo anno consecutivo, <em>Mestieri della Scena<\/em><\/strong>, il progetto messo a punto da <strong>Teatro Club Udine<\/strong>, che ha avuto la fortunata intuizione di mettere assieme il mondo della creazione artistica con quello dell&#8217;artigianato produttivo.<\/p>\n<p> \tE se nei primi due anni di vita l&#8217;iniziativa ha raccolto sempre pi\u00f9 interesse a <strong>Udine<\/strong>, dov&#8217;\u00e8 nata, quest&#8217;anno si allarga anche a <strong>Gorizia<\/strong> coinvolgendo sempre pi\u00f9 partner e ragazzi.<\/p>\n<p> \tLa terza edizione del progetto \u00e8 stata presentata nella sede di Teatro Club a Udine alla presenza dei principali attori di questa \u201ccordata\u201d che unisce da un lato i custodi di antichi saperi manuali capaci di trasmettere alle giovani generazioni la propria esperienza e, dall&#8217;altro, chi quei saperi e quelle abilit\u00e0 ha deciso di portarli su un palcoscenico.<\/p>\n<p> \tA illustrare nel dettaglio l&#8217;iniziativa, infatti, c&#8217;erano la presidente di Teatro Club Udine, <strong>Alessandra Pergolese<\/strong>, il responsabile artistico dei progetti educativi di Teatro Club Udine, <strong>Francesco Accomando<\/strong>, la presidente della Commissione Cultura del Comune di Udine <strong>Antonella Eloisa Gatta<\/strong>, il direttore di Confartigianato Imprese Udine <strong>Luca Gortani<\/strong>, il direttore dell&#8217;Ente Regionale Teatrale del Fvg <strong>Alberto Bevilacqua<\/strong>, il presidente Confartigianato Imprese Gorizia,\u00a0 <strong>Ariano Medeot<\/strong> e la presidente di ArsAtelier Centro Internazionale di Musica e Arte- Gorizia, <strong>Alessandra Schettino<\/strong>.<\/p>\n<p> \t\u00abSi tratta di un <strong>progetto unico nel suo genere in Italia<\/strong> \u2013 ha spiegato <strong>Accomando<\/strong> \u2013 e che forte del successo ottenuto a Udine, abbiamo voluto ampliare coinvolgendo anche i ragazzi e le ragazze di Gorizia. Non esistono esperienze di questo tipo e se da un lato \u00e8 importante per i giovani conoscere questi mestieri, dall&#8217;altro, dalla parte di chi gi\u00e0 li svolge per professione, c&#8217;\u00e8 la consapevolezza dell&#8217;<strong>urgenza di un ricambio generazionale<\/strong> che attualmente manca. Ma c\u2019\u00e8 di pi\u00f9. Pensionamenti, la mancanza di organici percorsi regionali di formazione e, non da ultimo, la stangata provocata dalla pandemia che ha fatto s\u00ec che tecnici e artisti abbiano abbandonato il teatro per occuparsi d\u2019altro, hanno creato dei <strong>vuoti di risorse umane da riempire con nuove leve<\/strong>\u00bb.<\/p>\n<p> \t\u00abMestieri della Scena \u2013 ha commentato <strong>Pergolese<\/strong> \u2013 si inserisce nel solco di quel filone, che abbiamo avviato negli ultimi anni, volto all\u2019offerta di percorsi educativi in ambito teatrale e dedicato agli studenti delle scuole superiori a complemento dell\u2019esperienza del Palio Teatrale Studentesco. Con questo progetto abbiamo voluto rappresentare una sorta di tributo ai maestri artigiani che dietro le quinte costruiscono giorno per giorno, con passione e competenza, il successo del teatro. Ma \u201cMestieri della Scena\u201d vuole anche e soprattutto essere un\u2019occasione per i giovani di un <strong>viaggio a 360 gradi nel mondo del teatro<\/strong>, in tutte le sue componenti, per cogliere quella sinergia di competenze e maestrie, che d\u00e0 vita ogni volta allo spettacolo, rinnovandone l\u2019illusione\u00a0 ed emozione\u00bb.<\/p>\n<p> \tScopo di <em>Mestieri della scena<\/em> \u00e8 sempre quello di offrire a <strong>giovani under 35<\/strong> un percorso di esperienza e conoscenza artistica e tecnica, teorica e pratica, di quelle relazioni e quei procedimenti che compongono il meccanismo che porta alla produzione di uno spettacolo teatrale. Suddivisi in diversi ambiti, ragazzi e ragazze potranno scoprire cos\u00ec i segreti della scenografia, scenotecnica e macchinistica, ma anche costumi e sartoria, cos\u00ec come trucco e parrucco, disegno luci, impianti e apparecchiature di illuminotecnica, musiche di scena, effetti sonori, studio di registrazione, la gestione del pubblico, accoglienza e la gestione delle emergenze, l&#8217;organizzazione e la direzione di scena e la fotografia di scena. Un&#8217;attenzione speciale, infine, quest&#8217;anno verr\u00e0 data al<strong> tema della disabilit\u00e0<\/strong>, sia dal punto di vista dell&#8217;accessibilit\u00e0 da parte dei fruitori del teatro, sia dalla parte di chi \u201csta dietro le quinte\u201d.<\/p>\n<p> \tOgni gruppo incontrer\u00e0 in momenti diversi i rispettivi <em>maestri<\/em> che racconteranno loro alcuni momenti della loro esperienza professionale e alcuni elementi teorici, ma anche pratici, della propria competenza. Cos\u00ec, nei rispettivi laboratori artigiani, verr\u00e0 preparato un piano di lavoro finalizzato alla realizzazione di un <strong>vero e proprio spettacolo<\/strong> che andr\u00e0 in scena il <strong>28 novembre al Teatro Palamostre<\/strong> di Udine e il <strong>5 dicembre<\/strong> al Kulturni Center Lojze <strong>Bratu\u017e<\/strong> di Gorizia.<\/p>\n<p> \tOltre alla Regione Friuli Venezia Giulia e alla Fondazione Friuli, <em>Mestieri della Scena<\/em> \u00e8 realizzato in partenariato con l&#8217;Ente regionale teatrale del Friuli Venezia Giulia, Confartigianato Imprese Udine, Fondazione Teatro Nuovo Giovanni da Udine e per il capoluogo isontino con Confartigianato Imprese Gorizia, Arsatelier Centro internazionale di musica ed arte e SDGZ-URES Unione regionale economica slovena.<\/p>\n<p> \t\u00a0<\/p>\n","protected":false},"excerpt":{"rendered":"<p>Presentata la terza edizione del progetto unico nel suo genere in Italia. Oltre a Udine, coinvolta per la prima volta anche Gorizia<\/p>\n","protected":false},"author":28,"featured_media":50134,"comment_status":"closed","ping_status":"closed","sticky":false,"template":"","format":"standard","meta":{"dwc-title":[],"dwc-content":[],"footnotes":""},"categories":[37],"tags":[],"class_list":["post-50133","post","type-post","status-publish","format-standard","has-post-thumbnail","hentry","category-cultura-e-spettacolo"],"rttpg_featured_image_url":{"full":["https:\/\/imagazine.it\/wp-content\/uploads\/2024\/02\/54656-1.webp",1500,1000,false],"landscape":["https:\/\/imagazine.it\/wp-content\/uploads\/2024\/02\/54656-1.webp",1500,1000,false],"portraits":["https:\/\/imagazine.it\/wp-content\/uploads\/2024\/02\/54656-1.webp",1500,1000,false],"thumbnail":["https:\/\/imagazine.it\/wp-content\/uploads\/2024\/02\/54656-1-150x150.webp",150,150,true],"medium":["https:\/\/imagazine.it\/wp-content\/uploads\/2024\/02\/54656-1-300x200.webp",300,200,true],"large":["https:\/\/imagazine.it\/wp-content\/uploads\/2024\/02\/54656-1-1024x683.webp",640,427,true],"thumblist":["https:\/\/imagazine.it\/wp-content\/uploads\/2024\/02\/54656-1-300x300.webp",300,300,true],"thumbrelated":["https:\/\/imagazine.it\/wp-content\/uploads\/2024\/02\/54656-1-500x500.webp",500,500,true],"meccarouselthumb":["https:\/\/imagazine.it\/wp-content\/uploads\/2024\/02\/54656-1-474x324.webp",474,324,true],"gridsquare":["https:\/\/imagazine.it\/wp-content\/uploads\/2024\/02\/54656-1-391x260.webp",391,260,true],"tileview":["https:\/\/imagazine.it\/wp-content\/uploads\/2024\/02\/54656-1-300x400.webp",300,400,true],"1536x1536":["https:\/\/imagazine.it\/wp-content\/uploads\/2024\/02\/54656-1.webp",1500,1000,false],"2048x2048":["https:\/\/imagazine.it\/wp-content\/uploads\/2024\/02\/54656-1.webp",1500,1000,false],"newsup-slider-full":["https:\/\/imagazine.it\/wp-content\/uploads\/2024\/02\/54656-1-1280x720.webp",1280,720,true],"newsup-featured":["https:\/\/imagazine.it\/wp-content\/uploads\/2024\/02\/54656-1-1024x683.webp",1024,683,true],"newsup-medium":["https:\/\/imagazine.it\/wp-content\/uploads\/2024\/02\/54656-1-720x380.webp",720,380,true],"tptn_thumbnail":["https:\/\/imagazine.it\/wp-content\/uploads\/2024\/02\/54656-1.webp",250,167,false],"sow-carousel-default":["https:\/\/imagazine.it\/wp-content\/uploads\/2024\/02\/54656-1.webp",272,182,false]},"rttpg_author":{"display_name":"redazione","author_link":"https:\/\/imagazine.it\/home_desk\/author\/redazione\/"},"rttpg_comment":0,"rttpg_category":"<a href=\"https:\/\/imagazine.it\/home_desk\/category\/cultura-e-spettacolo\/\" rel=\"category tag\">CULTURA&amp;SPETTACOLO<\/a>","rttpg_excerpt":"Presentata la terza edizione del progetto unico nel suo genere in Italia. Oltre a Udine, coinvolta per la prima volta anche Gorizia","_links":{"self":[{"href":"https:\/\/imagazine.it\/home_desk\/wp-json\/wp\/v2\/posts\/50133","targetHints":{"allow":["GET"]}}],"collection":[{"href":"https:\/\/imagazine.it\/home_desk\/wp-json\/wp\/v2\/posts"}],"about":[{"href":"https:\/\/imagazine.it\/home_desk\/wp-json\/wp\/v2\/types\/post"}],"author":[{"embeddable":true,"href":"https:\/\/imagazine.it\/home_desk\/wp-json\/wp\/v2\/users\/28"}],"replies":[{"embeddable":true,"href":"https:\/\/imagazine.it\/home_desk\/wp-json\/wp\/v2\/comments?post=50133"}],"version-history":[{"count":0,"href":"https:\/\/imagazine.it\/home_desk\/wp-json\/wp\/v2\/posts\/50133\/revisions"}],"wp:featuredmedia":[{"embeddable":true,"href":"https:\/\/imagazine.it\/home_desk\/wp-json\/wp\/v2\/media\/50134"}],"wp:attachment":[{"href":"https:\/\/imagazine.it\/home_desk\/wp-json\/wp\/v2\/media?parent=50133"}],"wp:term":[{"taxonomy":"category","embeddable":true,"href":"https:\/\/imagazine.it\/home_desk\/wp-json\/wp\/v2\/categories?post=50133"},{"taxonomy":"post_tag","embeddable":true,"href":"https:\/\/imagazine.it\/home_desk\/wp-json\/wp\/v2\/tags?post=50133"}],"curies":[{"name":"wp","href":"https:\/\/api.w.org\/{rel}","templated":true}]}}