{"id":50129,"date":"2023-10-09T00:00:00","date_gmt":"2023-10-08T22:00:00","guid":{"rendered":"https:\/\/imagazine.it\/da-vienna-al-friuli-il-viaggio-dellallocco-degli-urali\/"},"modified":"2023-10-09T00:00:00","modified_gmt":"2023-10-08T22:00:00","slug":"da-vienna-al-friuli-il-viaggio-dellallocco-degli-urali","status":"publish","type":"post","link":"https:\/\/imagazine.it\/home_desk\/da-vienna-al-friuli-il-viaggio-dellallocco-degli-urali\/","title":{"rendered":"Da Vienna al Friuli, il viaggio dell&#8217;allocco degli Urali"},"content":{"rendered":"<p> \tFORGARIA NEL FRIULI \u2013 Due esemplari di<strong> allocco degli Urali<\/strong>, uno dei pi\u00f9 grandi rapaci notturni europei \u2013 distribuito dal Giappone alla taiga asiatica e appunto all&#8217;Europa, fino all&#8217;<strong>Italia<\/strong>, dove \u00e8 <strong>presente e nidificante solo in Friuli Venezia Giulia<\/strong> \u2013, sono stati <strong>consegnati da ricercatori dell&#8217;Universit\u00e0 di Vienna alla Riserva naturale regionale del lago di Cornino<\/strong>, dove sono stati sistemati in una voliera appositamente predisposta.<\/p>\n<p> \tSi tratta di soggetti giovani e potenzialmente in grado di nidificare: <strong>Franz, un maschio di 6 anni<\/strong>, \u00e8 nato nello Zoo di Ostrava (Repubblica Ceca), mentre la <strong>femmina, Sissi<\/strong>, \u00e8 nata quest\u2019anno nel Parco Zoologico di Cracovia (Polonia).<\/p>\n<p> \tDopo la reintroduzione della specie nei boschi della Baviera, anche in Austria \u00e8 stato perfezionato, fra il 2006 e il 2008, un progetto basato su una <strong>metodologia originale<\/strong>, rivelatasi vincente: <strong>tenere le coppie dei rapaci in zoo o in centri specializzati, in apposite voliere, e liberare poi i giovani nati<\/strong>. Vengono utilizzate <strong>procedure specifiche, atte a ottenere individui in grado di adattarsi alla vita selvatica<\/strong> (dunque con un minimo contatto con l\u2019uomo) e a garantire una popolazione con un&#8217;adeguata variabilit\u00e0 genetica. Responsabile del progetto \u00e8 il dottor <strong>Richard Zink<\/strong>, della Facolt\u00e0 di Veterinaria dell\u2019Universit\u00e0 di Vienna.<\/p>\n<p> \tOgni anno vengono liberati alcuni giovani (la prima liberazione, nei boschi di Vienna e nella Riserva forestale Duerrenstein, risale al 2009), che dopo un certo periodo iniziano a formare coppie territoriali nidificanti, destinate ad aumentare progressivamente e ad occupare territori sempre pi\u00f9 ampi.<\/p>\n<p> \tLa popolazione di allocchi degli Urali conta <strong>attualmente almeno 50 coppie riproduttive, su un totale di circa 500 esemplari liberati<\/strong>; ulteriori <strong>50 coppie, che continuano a riprodursi, sono ospitate in varie strutture<\/strong>.<\/p>\n<p> \t\u00abUn progetto che coinvolge prestigiose realt\u00e0 europee, tra cui la Riserva naturale regionale del lago di Cornino, la quale ha in questo modo l&#8217;opportunit\u00e0 di partecipare a un piano di conservazione all\u2019avanguardia\u00bb, commenta il direttore scientifico della Riserva,<strong> Fulvio Genero<\/strong>, che ha accolto i nuovi arrivati insieme al vicesindaco di Forgaria, <strong>Luigino Ingrassi<\/strong>, al presidente della Cooperativa Pavees (che gestisce il sito protetto) <strong>Luca Sicuro<\/strong>, alla vicepresidente <strong>Sabrina Martinelli<\/strong> e allo staff della Coop.<\/p>\n<p> \t\u00ab\u00c8 nostra intenzione \u2013 conclude il <strong>vicesindaco Ingrassi<\/strong> \u2013 coltivare e potenziare i rapporti transfrontalieri con realt\u00e0 di spicco quali l&#8217;Universit\u00e0 austriaca, in modo da far crescere, ancor pi\u00f9, la conoscenza di una progettualit\u00e0 dall&#8217;alta valenza scientifica<strong>\u00bb<\/strong>.<\/p>\n<p> \t\u00a0<\/p>\n","protected":false},"excerpt":{"rendered":"<p>Una coppia dei rari esemplari \u00e8 consegnata alla Riserva di Cornino da ricercatori austriaci: favorir\u00e0 la diffusione della specie, con la liberazione dei nuovi nati<\/p>\n","protected":false},"author":28,"featured_media":50130,"comment_status":"closed","ping_status":"closed","sticky":false,"template":"","format":"standard","meta":{"dwc-title":[],"dwc-content":[],"footnotes":""},"categories":[5],"tags":[],"class_list":["post-50129","post","type-post","status-publish","format-standard","has-post-thumbnail","hentry","category-attualita"],"rttpg_featured_image_url":{"full":["https:\/\/imagazine.it\/wp-content\/uploads\/2024\/02\/54648-1.webp",1000,750,false],"landscape":["https:\/\/imagazine.it\/wp-content\/uploads\/2024\/02\/54648-1.webp",1000,750,false],"portraits":["https:\/\/imagazine.it\/wp-content\/uploads\/2024\/02\/54648-1.webp",1000,750,false],"thumbnail":["https:\/\/imagazine.it\/wp-content\/uploads\/2024\/02\/54648-1-150x150.webp",150,150,true],"medium":["https:\/\/imagazine.it\/wp-content\/uploads\/2024\/02\/54648-1-300x225.webp",300,225,true],"large":["https:\/\/imagazine.it\/wp-content\/uploads\/2024\/02\/54648-1.webp",640,480,false],"thumblist":["https:\/\/imagazine.it\/wp-content\/uploads\/2024\/02\/54648-1-300x300.webp",300,300,true],"thumbrelated":["https:\/\/imagazine.it\/wp-content\/uploads\/2024\/02\/54648-1-500x500.webp",500,500,true],"meccarouselthumb":["https:\/\/imagazine.it\/wp-content\/uploads\/2024\/02\/54648-1-474x324.webp",474,324,true],"gridsquare":["https:\/\/imagazine.it\/wp-content\/uploads\/2024\/02\/54648-1-391x260.webp",391,260,true],"tileview":["https:\/\/imagazine.it\/wp-content\/uploads\/2024\/02\/54648-1-300x400.webp",300,400,true],"1536x1536":["https:\/\/imagazine.it\/wp-content\/uploads\/2024\/02\/54648-1.webp",1000,750,false],"2048x2048":["https:\/\/imagazine.it\/wp-content\/uploads\/2024\/02\/54648-1.webp",1000,750,false],"newsup-slider-full":["https:\/\/imagazine.it\/wp-content\/uploads\/2024\/02\/54648-1-1000x720.webp",1000,720,true],"newsup-featured":["https:\/\/imagazine.it\/wp-content\/uploads\/2024\/02\/54648-1.webp",1000,750,false],"newsup-medium":["https:\/\/imagazine.it\/wp-content\/uploads\/2024\/02\/54648-1-720x380.webp",720,380,true],"tptn_thumbnail":["https:\/\/imagazine.it\/wp-content\/uploads\/2024\/02\/54648-1.webp",250,188,false],"sow-carousel-default":["https:\/\/imagazine.it\/wp-content\/uploads\/2024\/02\/54648-1.webp",243,182,false]},"rttpg_author":{"display_name":"redazione","author_link":"https:\/\/imagazine.it\/home_desk\/author\/redazione\/"},"rttpg_comment":0,"rttpg_category":"<a href=\"https:\/\/imagazine.it\/home_desk\/category\/attualita\/\" rel=\"category tag\">ATTUALIT\u00c0<\/a>","rttpg_excerpt":"Una coppia dei rari esemplari \u00e8 consegnata alla Riserva di Cornino da ricercatori austriaci: favorir\u00e0 la diffusione della specie, con la liberazione dei nuovi nati","_links":{"self":[{"href":"https:\/\/imagazine.it\/home_desk\/wp-json\/wp\/v2\/posts\/50129","targetHints":{"allow":["GET"]}}],"collection":[{"href":"https:\/\/imagazine.it\/home_desk\/wp-json\/wp\/v2\/posts"}],"about":[{"href":"https:\/\/imagazine.it\/home_desk\/wp-json\/wp\/v2\/types\/post"}],"author":[{"embeddable":true,"href":"https:\/\/imagazine.it\/home_desk\/wp-json\/wp\/v2\/users\/28"}],"replies":[{"embeddable":true,"href":"https:\/\/imagazine.it\/home_desk\/wp-json\/wp\/v2\/comments?post=50129"}],"version-history":[{"count":0,"href":"https:\/\/imagazine.it\/home_desk\/wp-json\/wp\/v2\/posts\/50129\/revisions"}],"wp:featuredmedia":[{"embeddable":true,"href":"https:\/\/imagazine.it\/home_desk\/wp-json\/wp\/v2\/media\/50130"}],"wp:attachment":[{"href":"https:\/\/imagazine.it\/home_desk\/wp-json\/wp\/v2\/media?parent=50129"}],"wp:term":[{"taxonomy":"category","embeddable":true,"href":"https:\/\/imagazine.it\/home_desk\/wp-json\/wp\/v2\/categories?post=50129"},{"taxonomy":"post_tag","embeddable":true,"href":"https:\/\/imagazine.it\/home_desk\/wp-json\/wp\/v2\/tags?post=50129"}],"curies":[{"name":"wp","href":"https:\/\/api.w.org\/{rel}","templated":true}]}}