{"id":50123,"date":"2023-10-06T00:00:00","date_gmt":"2023-10-05T22:00:00","guid":{"rendered":"https:\/\/imagazine.it\/il-polifonico-monteverdi-rinsalda-i-legami-con-la-polonia\/"},"modified":"2023-10-06T00:00:00","modified_gmt":"2023-10-05T22:00:00","slug":"il-polifonico-monteverdi-rinsalda-i-legami-con-la-polonia","status":"publish","type":"post","link":"https:\/\/imagazine.it\/home_desk\/il-polifonico-monteverdi-rinsalda-i-legami-con-la-polonia\/","title":{"rendered":"Il Polifonico Monteverdi rinsalda i legami con la Polonia"},"content":{"rendered":"<p align=\"left\"> \tRUDA \u2013 Si \u00e8 conclusa nel migliore dei modi la prima parte della rassegna corale<\/p>\n<p align=\"left\"> \tCori d\u2019Europa 2023, manifestazione di rilevanza internazionale organizzata dal <strong>Gruppo Polifonico Claudio Monteverdi di Ruda<\/strong>, con le due tappe rispettivamente presso il Duomo di Santa Maria Maggiore di Codroipo e presso il Santuario della Beata Vergine delle Grazie a Udine.<\/p>\n<p align=\"left\"> \tIl \u201cMonteverdi\u201d ha saputo ancora una volta offrire al pubblico presente una prestazione di assoluto rilievo assieme alla compagine ospite, il <strong>Coro dell\u2019Universit\u00e0 Cardinale Wyszy\u0144ski di Varsavia<\/strong>.<\/p>\n<p align=\"left\"> \tAttraverso questa tradizionale manifestazione che ospita annualmente almeno due realt\u00e0 di alto livello da tutta l\u2019Europa, il Gruppo Polifonico Claudio Monteverdi ha creato un legame socio-culturale nonch\u00e9 religioso con la terra di Polonia: ospite \u00e8 stata la quarta compagine corale polacca dopo rispettivamente il Coro Femminile &#8220;Kamionek&#8221; della Cattedrale di Varsavia nel 2006, i Madrigalisti della \u201cCapella Cracoviensis\u201d di Cracovia nel 2007 e il Coro Accademico \u201cCamerata Jagellonica\u201d dell\u2019Universit\u00e0 di Cracovia nel 2012 e 2015.<\/p>\n<p align=\"left\"> \tIl coro polacco \u00e8 diretto dal <strong>M.o Michal Slawecki<\/strong>, direttore, organista compositore e gregorianista, oltre che grande conoscitore delle realt\u00e0 corali friulane per la sua recente partecipazione come curatore degli approfondimenti di canto gregoriano tenutosi a giugno presso l&#8217;abbazia medievale di Rosazzo.<\/p>\n<p align=\"left\"> \tL\u2019occasione ha visto inoltre l\u2019esordio, in questa edizione del festival, del nuovo direttore del Gruppo Polifonico \u201cClaudio Monteverdi\u201d di Ruda, <strong>M.a Barbara Di Bert<\/strong>, alla guida del coro virile da gennaio 2023, dopo una grande esperienza di direzione di gruppi vocali di voci bianche e femminile, ed intensi studi di pedagogia vocale e direzione.<\/p>\n<p align=\"left\"> \tIl presidente <strong>Moreno Valentinuzzi <\/strong>ha ricevuto a Udine su invito anche la partecipazione del Referente del Magnifico Rettore per le Attivit\u00e0 musicali e coreutiche dell\u2019Universit\u00e0 di Udine con il quale si \u00e8 voluto cos\u00ec aprire la strada a future collaborazioni verso la coralit\u00e0 giovanile di cui le realt\u00e0 locali hanno sempre pi\u00f9 bisogno per proseguire le proprie attivit\u00e0, proprio come accade in maniera culturalmente pi\u00f9 strutturata nelle realt\u00e0 universitarie polacche da cui si dovrebbe prendere esempio.<\/p>\n<p> \tLa seconda tappa della rassegna corale \u201cCori d\u2019Europa 2023\u201d si svolger\u00e0 a dicembre e vedr\u00e0 come coro ospite il <strong>Novi Sad Chamber Choir<\/strong> diretto dal <strong>Maestro Bozidar Crnjanski <\/strong>di Novi Sad (Serbia)<strong> i<\/strong>l giorno 18 dicembre 2023.<\/p>\n<p> \t\u00a0<\/p>\n","protected":false},"excerpt":{"rendered":"<p>Conclusa con successo di pubblico prima parte della manifestazione di rilevanza internazionale. A dicembre ospite il Novi Sad Chamber Choir<\/p>\n","protected":false},"author":22,"featured_media":50124,"comment_status":"closed","ping_status":"closed","sticky":false,"template":"","format":"standard","meta":{"dwc-title":[],"dwc-content":[],"footnotes":""},"categories":[37],"tags":[],"class_list":["post-50123","post","type-post","status-publish","format-standard","has-post-thumbnail","hentry","category-cultura-e-spettacolo"],"rttpg_featured_image_url":{"full":["https:\/\/imagazine.it\/wp-content\/uploads\/2024\/02\/54643-1.webp",1000,666,false],"landscape":["https:\/\/imagazine.it\/wp-content\/uploads\/2024\/02\/54643-1.webp",1000,666,false],"portraits":["https:\/\/imagazine.it\/wp-content\/uploads\/2024\/02\/54643-1.webp",1000,666,false],"thumbnail":["https:\/\/imagazine.it\/wp-content\/uploads\/2024\/02\/54643-1-150x150.webp",150,150,true],"medium":["https:\/\/imagazine.it\/wp-content\/uploads\/2024\/02\/54643-1-300x200.webp",300,200,true],"large":["https:\/\/imagazine.it\/wp-content\/uploads\/2024\/02\/54643-1.webp",640,426,false],"thumblist":["https:\/\/imagazine.it\/wp-content\/uploads\/2024\/02\/54643-1-300x300.webp",300,300,true],"thumbrelated":["https:\/\/imagazine.it\/wp-content\/uploads\/2024\/02\/54643-1-500x500.webp",500,500,true],"meccarouselthumb":["https:\/\/imagazine.it\/wp-content\/uploads\/2024\/02\/54643-1-474x324.webp",474,324,true],"gridsquare":["https:\/\/imagazine.it\/wp-content\/uploads\/2024\/02\/54643-1-391x260.webp",391,260,true],"tileview":["https:\/\/imagazine.it\/wp-content\/uploads\/2024\/02\/54643-1-300x400.webp",300,400,true],"1536x1536":["https:\/\/imagazine.it\/wp-content\/uploads\/2024\/02\/54643-1.webp",1000,666,false],"2048x2048":["https:\/\/imagazine.it\/wp-content\/uploads\/2024\/02\/54643-1.webp",1000,666,false],"newsup-slider-full":["https:\/\/imagazine.it\/wp-content\/uploads\/2024\/02\/54643-1.webp",1000,666,false],"newsup-featured":["https:\/\/imagazine.it\/wp-content\/uploads\/2024\/02\/54643-1.webp",1000,666,false],"newsup-medium":["https:\/\/imagazine.it\/wp-content\/uploads\/2024\/02\/54643-1-720x380.webp",720,380,true],"tptn_thumbnail":["https:\/\/imagazine.it\/wp-content\/uploads\/2024\/02\/54643-1.webp",250,167,false],"sow-carousel-default":["https:\/\/imagazine.it\/wp-content\/uploads\/2024\/02\/54643-1.webp",272,182,false]},"rttpg_author":{"display_name":"Livio Nonis","author_link":"https:\/\/imagazine.it\/home_desk\/author\/nonis\/"},"rttpg_comment":0,"rttpg_category":"<a href=\"https:\/\/imagazine.it\/home_desk\/category\/cultura-e-spettacolo\/\" rel=\"category tag\">CULTURA&amp;SPETTACOLO<\/a>","rttpg_excerpt":"Conclusa con successo di pubblico prima parte della manifestazione di rilevanza internazionale. A dicembre ospite il Novi Sad Chamber Choir","_links":{"self":[{"href":"https:\/\/imagazine.it\/home_desk\/wp-json\/wp\/v2\/posts\/50123","targetHints":{"allow":["GET"]}}],"collection":[{"href":"https:\/\/imagazine.it\/home_desk\/wp-json\/wp\/v2\/posts"}],"about":[{"href":"https:\/\/imagazine.it\/home_desk\/wp-json\/wp\/v2\/types\/post"}],"author":[{"embeddable":true,"href":"https:\/\/imagazine.it\/home_desk\/wp-json\/wp\/v2\/users\/22"}],"replies":[{"embeddable":true,"href":"https:\/\/imagazine.it\/home_desk\/wp-json\/wp\/v2\/comments?post=50123"}],"version-history":[{"count":0,"href":"https:\/\/imagazine.it\/home_desk\/wp-json\/wp\/v2\/posts\/50123\/revisions"}],"wp:featuredmedia":[{"embeddable":true,"href":"https:\/\/imagazine.it\/home_desk\/wp-json\/wp\/v2\/media\/50124"}],"wp:attachment":[{"href":"https:\/\/imagazine.it\/home_desk\/wp-json\/wp\/v2\/media?parent=50123"}],"wp:term":[{"taxonomy":"category","embeddable":true,"href":"https:\/\/imagazine.it\/home_desk\/wp-json\/wp\/v2\/categories?post=50123"},{"taxonomy":"post_tag","embeddable":true,"href":"https:\/\/imagazine.it\/home_desk\/wp-json\/wp\/v2\/tags?post=50123"}],"curies":[{"name":"wp","href":"https:\/\/api.w.org\/{rel}","templated":true}]}}