{"id":50119,"date":"2023-10-06T00:00:00","date_gmt":"2023-10-05T22:00:00","guid":{"rendered":"https:\/\/imagazine.it\/a-montereale-il-centesimo-congresso-della-filologica\/"},"modified":"2023-10-06T00:00:00","modified_gmt":"2023-10-05T22:00:00","slug":"a-montereale-il-centesimo-congresso-della-filologica","status":"publish","type":"post","link":"https:\/\/imagazine.it\/home_desk\/a-montereale-il-centesimo-congresso-della-filologica\/","title":{"rendered":"A Montereale il centesimo congresso della Filologica"},"content":{"rendered":"<p> \tMONTEREALE VALCELLINA \u2013 Quest\u2019anno la <strong>Societ\u00e0 Filologica Friulana<\/strong> raggiunge un traguardo storico, quello del suo <strong>100\u00b0 Congresso sociale<\/strong>, che si terr\u00e0 <strong>domenica 15 ottobre a Montereale Valcellina<\/strong>.<\/p>\n<p> \tUn segnale di \u00abcontinuit\u00e0 a una tradizione di Congressi che \u2013 ricorda il presidente<strong> Federico Vicario <\/strong>\u2013 prima di tutto vuol dire attenzione al nostro territorio, un\u2019attenzione che sicuramente nessun altro ha avuto in questa misura in Friuli n\u00e9 in passato (e la Filologica lo fa da ormai oltre un secolo) n\u00e9 ha al giorno d\u2019oggi\u00bb.<\/p>\n<p> \tUna centesima volta nella storia ma una prima in assoluto a Montereale, nella Pedemontana pordenonese, \u00abun territorio particolarmente vivace dal punto di vista storico, economico e culturale \u2013 come ricorda il <strong>sindaco Igor Alzetta<\/strong> \u2013 animato da una comunit\u00e0 riunita in una moltitudine di associazioni: su tutte il Circolo culturale Menocchio che, attorno alla figura del maestro Aldo Colonnello, catalizza da anni un\u2019enorme mole di progetti di ricerca, incontri pubblici e pubblicazioni e che, a partire dalle scuole, si \u00e8 diffuso in Friuli e non solo\u00bb.<\/p>\n<p> \tParlando di Montereale, infatti, si pensa subito a Domenico Scandella detto Menocchio, il mugnaio eretico bruciato sul rogo dall\u2019Inquisizione, la cui vicenda \u00e8 stata resa nota nel 1976 da <strong>Carlo Ginzburg<\/strong> con il celebre libro<em> Il formaggio e i vermi<\/em> e che ha permesso a questo territorio di diventare, da sperduta periferia, il centro da cui si sono irradiati per decenni studi, ricerche e dibattiti sull\u2019approccio alla microstoria.<\/p>\n<p> \tProprio il professor Ginzburg sar\u00e0 ospite d\u2019onore intervenendo sia alla vigilia del Congresso, <strong>sabato 14 ottobre alle ore 18 nella Sala Menocchio <\/strong>di via Ciotti in dialogo con<strong> Gian Paolo Gri<\/strong> su \u201c<em>Menocchio e Montereale. Persone, testi e contesti<\/em>\u201d, sia domenica 15 nel corso dei lavori congressuali portando \u201c<em>Alla scoperta di Montereale attraverso le vicende di un mugnaio del Cinquecento<\/em>\u201d. Lavori che inizieranno alle <strong>ore 10.30 nell\u2019auditorium dell\u2019ex Centrale idroelettrica di Malnisio<\/strong>, dopo la <strong>messa in duomo <\/strong>che sar\u00e0 celebrata dalle ore 9 a <strong>don Luca Crema<\/strong> e accompagnata dalla <strong>Schola Cantorum<\/strong> della Parrocchia di Santa Maria Assunta.<\/p>\n<p> \tA dare il benvenuto ai partecipanti sar\u00e0 la <strong>Scuola di musica Fadiesis<\/strong> diretta dal maestro <strong>Gianni Fassetta<\/strong> e, oltre a Ginzburg, interverr\u00e0 <strong>Francesco Chinellato<\/strong> dell\u2019Universit\u00e0 di Udine su \u201c<em>La Centrale di Malnisio nell\u2019ambito dell\u2019infrastrutturazione idroelettrica del Cellina<\/em>\u201d.<\/p>\n<p> \tMontereale infatti non \u00e8 solo Menocchio: \u00e8 anche il torrente Cellina e la diga di Ravedis, la magnifica ex centrale idroelettrica di Malnisio, i numerosi e proficui scavi archeologici e il recente Museo ad essi dedicato, il suggestivo castello ancorch\u00e9 ridotto a ruderi, le rogge e i mulini scomparsi, e non solo. Tutti aspetti che convergono nel <strong>numero unico \u201c<\/strong><strong><em>Montre\u00e2l<\/em><\/strong><strong>\u201d curato da Aldo Colonnello, Alessandro Fadelli e Paolo Tomasella<\/strong>, un lavoro che in quasi 800 pagine di saggi con immagini a colori rappresenta e approfondisce il patrimonio della comunit\u00e0 di Montereale, Malnisio, Grizzo e San Leonardo Valcellina: all\u2019opera hanno collaborato oltre cento autori i cui contributi sono suddivisi nelle sezioni territorio ed economia, archeologia, storia, arte e architettura, lingua e letteratura, gente, comunit\u00e0 e associazionismo.<\/p>\n<p> \tIl numero unico sar\u00e0 presentato alla comunit\u00e0 anche <strong>gioved\u00ec 19 ottobre alle 20.30 nella Sala polifunzionale di San Leonardo<\/strong>.<\/p>\n<p> \tNel corso dei lavori congressuali verranno infine premiati i vincitori della XXI edizione del premio \u201cAndreina e Luigi Ciceri\u201d, che premia lavori scientifici dedicati ad aspetti della cultura e del territorio del Friuli. Dopo il pranzo sociale il pomeriggio sar\u00e0 dedicato alle visite guidate alla pieve di San Rocco, a Palazzo Toffoli con il Museo archeologico e al percorso di archeologia industriale presso l\u2019ex centrale di Malnisio (informazioni e prenotazioni allo 0432 501598, <a href=\"mailto:info@filologicafriulana.it\">info@filologicafriulana.it<\/a>).<\/p>\n<p> \tIl programma delle <strong>manifestazioni congressuali<\/strong>, organizzato in collaborazione con l\u2019amministrazione comunale e le associazioni di Montereale e delle sue frazioni, si \u00e8 aperto il 4 ottobre con la presentazione del volume \u201c<em>Cjan\u00e2l da la Miduna<\/em>\u201d, a cura di <strong>Maurizio Puntin<\/strong>, edito sempre dalla Filologica. <strong>Marted\u00ec 10<\/strong> alle 18 nell\u2019auditorium dell\u2019ex Centrale di Malnisio verr\u00e0 presentato il volume di <strong>Francesco Chinellato e Livio Petriccione<\/strong> <strong>\u201c<\/strong><strong><em>Vie d&#8217;acqua e ambiente costruito. Le prime centrali idroelettriche in Friuli Venezia Giulia<\/em><\/strong><strong>\u201d<\/strong>. Sempre presso l\u2019ex Centrale sono in programma due spettacoli teatrali, <strong>venerd\u00ec 13<\/strong> alle 20.30 <strong>\u201c<\/strong><strong><em>3 zun 1946. Li feminis i van a vot\u00e0<\/em><\/strong><strong>\u201d<\/strong>, in lingua friulana e <strong>mercoled\u00ec 18<\/strong> sempre alle 20.30 <strong>\u201c<\/strong><strong><em>Rapsodia per Federico<\/em><\/strong><strong>\u201d<\/strong>, ricordo del poeta Federico Tavan a cura della <strong>Corale Polifonica di Montereale<\/strong>. <strong>Venerd\u00ec 20<\/strong> ottobre alle 20.30 presso la Biblioteca civica in Palazzo Toffoli saranno presentati i <strong>\u201c<\/strong><strong><em>Quaderni di Montereale Valcellina<\/em><\/strong><strong>\u201d<\/strong> dedicati a \u201cVincenzo Giacomelli pittore del Risorgimento\u201d (n. 5 della collana) e agli \u201cArchi e portoni di Montereale\u201d (n. 6). Saranno inoltre visitabili le mostre <strong>\u201c<\/strong><strong><em>Rad\u00ees de Maln\u00ees<\/em><\/strong><strong>\u201d<\/strong>, ricerca sulle genealogie delle famiglie di Malnisio, presso le ex scuole elementari di Malnisio (fino al 6 gennaio 2024) e la mostra fotografica dal titolo <strong>\u201c<\/strong><strong><em>Il territorio, l\u2019uomo e la Valcellina<\/em><\/strong><strong>\u201d<\/strong>, presso l\u2019ex centrale di Malnisio fino al 12 novembre con inaugurazione gioved\u00ec 12 ottobre alle 18.<\/p>\n<p> \tPer ulteriori informazioni si rimanda al sito internet <u><a href=\"http:\/\/www.filologicafriulana.it\" target=\"_blank\" rel=\"noopener\"><span style=\"color:#0000cd;\">www.filologicafriulana.it<\/span><\/a><\/u><\/p>\n<p> \t\u00a0<\/p>\n","protected":false},"excerpt":{"rendered":"<p>Ospite d\u2019onore il professor Carlo Ginzburg, autore degli studi sul mugnaio eretico Menocchio<\/p>\n","protected":false},"author":28,"featured_media":50120,"comment_status":"closed","ping_status":"closed","sticky":false,"template":"","format":"standard","meta":{"dwc-title":[],"dwc-content":[],"footnotes":""},"categories":[37],"tags":[],"class_list":["post-50119","post","type-post","status-publish","format-standard","has-post-thumbnail","hentry","category-cultura-e-spettacolo"],"rttpg_featured_image_url":{"full":["https:\/\/imagazine.it\/wp-content\/uploads\/2024\/02\/54636-1.webp",1000,751,false],"landscape":["https:\/\/imagazine.it\/wp-content\/uploads\/2024\/02\/54636-1.webp",1000,751,false],"portraits":["https:\/\/imagazine.it\/wp-content\/uploads\/2024\/02\/54636-1.webp",1000,751,false],"thumbnail":["https:\/\/imagazine.it\/wp-content\/uploads\/2024\/02\/54636-1-150x150.webp",150,150,true],"medium":["https:\/\/imagazine.it\/wp-content\/uploads\/2024\/02\/54636-1-300x225.webp",300,225,true],"large":["https:\/\/imagazine.it\/wp-content\/uploads\/2024\/02\/54636-1.webp",640,481,false],"thumblist":["https:\/\/imagazine.it\/wp-content\/uploads\/2024\/02\/54636-1-300x300.webp",300,300,true],"thumbrelated":["https:\/\/imagazine.it\/wp-content\/uploads\/2024\/02\/54636-1-500x500.webp",500,500,true],"meccarouselthumb":["https:\/\/imagazine.it\/wp-content\/uploads\/2024\/02\/54636-1-474x324.webp",474,324,true],"gridsquare":["https:\/\/imagazine.it\/wp-content\/uploads\/2024\/02\/54636-1-391x260.webp",391,260,true],"tileview":["https:\/\/imagazine.it\/wp-content\/uploads\/2024\/02\/54636-1-300x400.webp",300,400,true],"1536x1536":["https:\/\/imagazine.it\/wp-content\/uploads\/2024\/02\/54636-1.webp",1000,751,false],"2048x2048":["https:\/\/imagazine.it\/wp-content\/uploads\/2024\/02\/54636-1.webp",1000,751,false],"newsup-slider-full":["https:\/\/imagazine.it\/wp-content\/uploads\/2024\/02\/54636-1-1000x720.webp",1000,720,true],"newsup-featured":["https:\/\/imagazine.it\/wp-content\/uploads\/2024\/02\/54636-1.webp",1000,751,false],"newsup-medium":["https:\/\/imagazine.it\/wp-content\/uploads\/2024\/02\/54636-1-720x380.webp",720,380,true],"tptn_thumbnail":["https:\/\/imagazine.it\/wp-content\/uploads\/2024\/02\/54636-1.webp",250,188,false],"sow-carousel-default":["https:\/\/imagazine.it\/wp-content\/uploads\/2024\/02\/54636-1.webp",242,182,false]},"rttpg_author":{"display_name":"redazione","author_link":"https:\/\/imagazine.it\/home_desk\/author\/redazione\/"},"rttpg_comment":0,"rttpg_category":"<a href=\"https:\/\/imagazine.it\/home_desk\/category\/cultura-e-spettacolo\/\" rel=\"category tag\">CULTURA&amp;SPETTACOLO<\/a>","rttpg_excerpt":"Ospite d\u2019onore il professor Carlo Ginzburg, autore degli studi sul mugnaio eretico Menocchio","_links":{"self":[{"href":"https:\/\/imagazine.it\/home_desk\/wp-json\/wp\/v2\/posts\/50119","targetHints":{"allow":["GET"]}}],"collection":[{"href":"https:\/\/imagazine.it\/home_desk\/wp-json\/wp\/v2\/posts"}],"about":[{"href":"https:\/\/imagazine.it\/home_desk\/wp-json\/wp\/v2\/types\/post"}],"author":[{"embeddable":true,"href":"https:\/\/imagazine.it\/home_desk\/wp-json\/wp\/v2\/users\/28"}],"replies":[{"embeddable":true,"href":"https:\/\/imagazine.it\/home_desk\/wp-json\/wp\/v2\/comments?post=50119"}],"version-history":[{"count":0,"href":"https:\/\/imagazine.it\/home_desk\/wp-json\/wp\/v2\/posts\/50119\/revisions"}],"wp:featuredmedia":[{"embeddable":true,"href":"https:\/\/imagazine.it\/home_desk\/wp-json\/wp\/v2\/media\/50120"}],"wp:attachment":[{"href":"https:\/\/imagazine.it\/home_desk\/wp-json\/wp\/v2\/media?parent=50119"}],"wp:term":[{"taxonomy":"category","embeddable":true,"href":"https:\/\/imagazine.it\/home_desk\/wp-json\/wp\/v2\/categories?post=50119"},{"taxonomy":"post_tag","embeddable":true,"href":"https:\/\/imagazine.it\/home_desk\/wp-json\/wp\/v2\/tags?post=50119"}],"curies":[{"name":"wp","href":"https:\/\/api.w.org\/{rel}","templated":true}]}}