{"id":50103,"date":"2023-10-04T00:00:00","date_gmt":"2023-10-03T22:00:00","guid":{"rendered":"https:\/\/imagazine.it\/cinque-ambulanze-a-unautomedica-con-le-donazioni-dei-cittadini\/"},"modified":"2023-10-04T00:00:00","modified_gmt":"2023-10-03T22:00:00","slug":"cinque-ambulanze-a-unautomedica-con-le-donazioni-dei-cittadini","status":"publish","type":"post","link":"https:\/\/imagazine.it\/home_desk\/cinque-ambulanze-a-unautomedica-con-le-donazioni-dei-cittadini\/","title":{"rendered":"Cinque ambulanze a un&#8217;automedica con le donazioni dei cittadini"},"content":{"rendered":"<p> \tPALMANOVA \u2013 Consegnate stamattina negli spazi esterni della <strong>sede della Protezione civile del Friuli Venezia Giulia<\/strong> una nuova <strong>automedica<\/strong> e di una nuova <strong>ambulanza<\/strong> che vanno a potenziare i mezzi di sistema di emergenza-urgenza territoriale per il territorio afferente l&#8217;Azienda sanitaria universitaria Friuli Centrale.<\/p>\n<p> \t&#8220;Sono state acquistate grazie alla generosit\u00e0 dei cittadini di questa regione che hanno contribuito, tramite donazioni sul conto corrente aperto in tempo di Covid dalla Protezione Civile del Friuli Venezia Giulia&#8221;, ha spiegato l&#8217;assessore con delega alla Salute del Friuli Venezia Giulia, <strong>Riccardo Riccardi<\/strong>.<\/p>\n<p> \tPresenti i direttori delle tre aziende sanitarie: <strong>Denis Caporale<\/strong> (AsuFc), <strong>Giuseppe Tonutti<\/strong> (Asfo), <strong>Antonio Poggiana<\/strong> (AsuGi), e il direttore della Struttura operativa regionale emergenza Sanitaria (Sores) <strong>Amato De Monte<\/strong>, oltre ai funzionari della Protezione civile del Friuli Venezia Giulia.<\/p>\n<p> \t&#8220;Allora \u2013 ha concluso Riccardi \u2013 furono fatte donazioni importanti che, in parte, sono state impiegate per l&#8217;acquisto di mezzi di soccorso su ruota. Si tratta dei primi due veicoli consegnati. Altre quattro ambulanze saranno consegnate a breve all&#8217;Azienda sanitaria universitaria Giuliano Isontina e all&#8217;Azienda sanitaria Friuli Occidentale. Con questi acquisti completiamo l&#8217;impiego delle risorse che sono arrivate in tempo di pandemia grazie alla generosit\u00e0 della nostra gente; i sei mezzi vanno a beneficio del un sistema d&#8217;emergenza-urgenza che potr\u00e0 contare quindi su nuovi mezzi moderni, con la migliore strumentazione, aumentando la capacit\u00e0 di assistenza al cittadino\u201d.<\/p>\n<p> \t\u00a0<\/p>\n","protected":false},"excerpt":{"rendered":"<p>Grazie ai contributi raccolti in tempo di Covid. I mezzi consegnati alle tre aziende sanitarie del Friuli Venezia Giulia<\/p>\n","protected":false},"author":28,"featured_media":50104,"comment_status":"closed","ping_status":"closed","sticky":false,"template":"","format":"standard","meta":{"dwc-title":[],"dwc-content":[],"footnotes":""},"categories":[5],"tags":[],"class_list":["post-50103","post","type-post","status-publish","format-standard","has-post-thumbnail","hentry","category-attualita"],"rttpg_featured_image_url":{"full":["https:\/\/imagazine.it\/wp-content\/uploads\/2024\/02\/54613-1.webp",1600,900,false],"landscape":["https:\/\/imagazine.it\/wp-content\/uploads\/2024\/02\/54613-1.webp",1600,900,false],"portraits":["https:\/\/imagazine.it\/wp-content\/uploads\/2024\/02\/54613-1.webp",1600,900,false],"thumbnail":["https:\/\/imagazine.it\/wp-content\/uploads\/2024\/02\/54613-1-150x150.webp",150,150,true],"medium":["https:\/\/imagazine.it\/wp-content\/uploads\/2024\/02\/54613-1-300x169.webp",300,169,true],"large":["https:\/\/imagazine.it\/wp-content\/uploads\/2024\/02\/54613-1-1024x576.webp",640,360,true],"thumblist":["https:\/\/imagazine.it\/wp-content\/uploads\/2024\/02\/54613-1-300x300.webp",300,300,true],"thumbrelated":["https:\/\/imagazine.it\/wp-content\/uploads\/2024\/02\/54613-1-500x500.webp",500,500,true],"meccarouselthumb":["https:\/\/imagazine.it\/wp-content\/uploads\/2024\/02\/54613-1-474x324.webp",474,324,true],"gridsquare":["https:\/\/imagazine.it\/wp-content\/uploads\/2024\/02\/54613-1-391x260.webp",391,260,true],"tileview":["https:\/\/imagazine.it\/wp-content\/uploads\/2024\/02\/54613-1-300x400.webp",300,400,true],"1536x1536":["https:\/\/imagazine.it\/wp-content\/uploads\/2024\/02\/54613-1-1536x864.webp",1536,864,true],"2048x2048":["https:\/\/imagazine.it\/wp-content\/uploads\/2024\/02\/54613-1.webp",1600,900,false],"newsup-slider-full":["https:\/\/imagazine.it\/wp-content\/uploads\/2024\/02\/54613-1-1280x720.webp",1280,720,true],"newsup-featured":["https:\/\/imagazine.it\/wp-content\/uploads\/2024\/02\/54613-1-1024x576.webp",1024,576,true],"newsup-medium":["https:\/\/imagazine.it\/wp-content\/uploads\/2024\/02\/54613-1-720x380.webp",720,380,true],"tptn_thumbnail":["https:\/\/imagazine.it\/wp-content\/uploads\/2024\/02\/54613-1.webp",250,141,false],"sow-carousel-default":["https:\/\/imagazine.it\/wp-content\/uploads\/2024\/02\/54613-1.webp",272,153,false]},"rttpg_author":{"display_name":"redazione","author_link":"https:\/\/imagazine.it\/home_desk\/author\/redazione\/"},"rttpg_comment":0,"rttpg_category":"<a href=\"https:\/\/imagazine.it\/home_desk\/category\/attualita\/\" rel=\"category tag\">ATTUALIT\u00c0<\/a>","rttpg_excerpt":"Grazie ai contributi raccolti in tempo di Covid. I mezzi consegnati alle tre aziende sanitarie del Friuli Venezia Giulia","_links":{"self":[{"href":"https:\/\/imagazine.it\/home_desk\/wp-json\/wp\/v2\/posts\/50103","targetHints":{"allow":["GET"]}}],"collection":[{"href":"https:\/\/imagazine.it\/home_desk\/wp-json\/wp\/v2\/posts"}],"about":[{"href":"https:\/\/imagazine.it\/home_desk\/wp-json\/wp\/v2\/types\/post"}],"author":[{"embeddable":true,"href":"https:\/\/imagazine.it\/home_desk\/wp-json\/wp\/v2\/users\/28"}],"replies":[{"embeddable":true,"href":"https:\/\/imagazine.it\/home_desk\/wp-json\/wp\/v2\/comments?post=50103"}],"version-history":[{"count":0,"href":"https:\/\/imagazine.it\/home_desk\/wp-json\/wp\/v2\/posts\/50103\/revisions"}],"wp:featuredmedia":[{"embeddable":true,"href":"https:\/\/imagazine.it\/home_desk\/wp-json\/wp\/v2\/media\/50104"}],"wp:attachment":[{"href":"https:\/\/imagazine.it\/home_desk\/wp-json\/wp\/v2\/media?parent=50103"}],"wp:term":[{"taxonomy":"category","embeddable":true,"href":"https:\/\/imagazine.it\/home_desk\/wp-json\/wp\/v2\/categories?post=50103"},{"taxonomy":"post_tag","embeddable":true,"href":"https:\/\/imagazine.it\/home_desk\/wp-json\/wp\/v2\/tags?post=50103"}],"curies":[{"name":"wp","href":"https:\/\/api.w.org\/{rel}","templated":true}]}}