{"id":50099,"date":"2023-10-04T00:00:00","date_gmt":"2023-10-03T22:00:00","guid":{"rendered":"https:\/\/imagazine.it\/economia-civile-studenti-friulani-premiati-a-firenze\/"},"modified":"2023-10-04T00:00:00","modified_gmt":"2023-10-03T22:00:00","slug":"economia-civile-studenti-friulani-premiati-a-firenze","status":"publish","type":"post","link":"https:\/\/imagazine.it\/home_desk\/economia-civile-studenti-friulani-premiati-a-firenze\/","title":{"rendered":"Economia civile, studenti friulani premiati a Firenze"},"content":{"rendered":"<p> \tUDINE \u2013 Tornano a casa con un premio dalla 5^ edizione del Festival Nazionale dell\u2019Economia Civile, appena conclusosi a Firenze, gli studenti dell\u2019Istituto \u201cVolta\u201d di Udine che hanno presentato il loro progetto \u201c<em>Digital Detox<\/em>\u201d.<\/p>\n<p> \t\u00a0Nato dalla collaborazione di Confcooperative Fvg e finanziato dalla Regione FVG attraverso i contributi per iniziative culturali a favore dei giovani, la proposta della scuola friulana \u00e8 stata selezionata come uno dei tre progetti vincitori del bando promosso dal Festival Nazionale dell&#8217;Economia Civile 2023: &#8220;<em>Prepararsi al futuro&#8230; le scuole verso Firenze<\/em>&#8220;.<\/p>\n<p> \tTre studenti del \u201cVolta\u201d sono stati ospiti del Festival dove hanno avuto l\u2019occasione di presentare il progetto nella cornice di Palazzo Vecchio.<\/p>\n<p> \tI ragazzi coinvolti nel progetto, una cinquantina delle classi terze dell\u2019istituto udinese (a sua volta una scuola paritaria che ha adottato la forma societaria cooperativa), hanno approfondito i rischi della digitalizzazione con l\u2019obiettivo di rendere pi\u00f9 sano e sicuro il proprio rapporto con la tecnologia e i social network.<\/p>\n<p> \tAl cuore del progetto \u2013 coordinato dalla docente <strong>Michela Guarracino<\/strong> e supportato dai consulenti <strong>Gregorio Ceccone<\/strong>, esperto in pedagogia del digitale, <strong>Giacomo Trevisan<\/strong> dell\u2019Associazione MEC e dalle psicologhe della cooperativa sociale Athena \u2013 la volont\u00e0 di promuovere il concetto di benessere digitale e l\u2019abilit\u00e0 di usare la tecnologia in modo efficace e sicuro, in maniera che questa non abbia un impatto negativo sulla salute fisica e mentale delle persone, promuovendo una cultura consapevole della \u201cdisconnessione\u201d per favorire e proteggere il benessere psicologico dei giovani. Gli studenti hanno quindi elaborato delle strategie per la disconnessione, che si sono trasformate in vere e proprie idee imprenditoriali grazie ai percorsi di simulazione d\u2019impresa, attivit\u00e0 nella quale sono stati accompagnati passo dopo passo dalle formatrici dell\u2019Area Educazione Cooperativa di Confcooperative Fvg che, in questo modo, promuove la diffusione della cultura d\u2019impresa e della conoscenza del modello cooperativo nelle scuole regionali. Partner chiave dell\u2019iniziativa, accanto al \u201cVolta\u201d e a Confcooperative Fvg, anche l\u2019associazione Logout Livenow, prima agenzia in Italia specializzata nel \u201cDigital detox\u201d.<\/p>\n<p> \t\u00abUn progetto di grande valore formativo condotto con un approccio particolarmente innovativo \u2013 commenta <strong>Michele Florit<\/strong>, presidente dell\u2019Istituto \u201cVolta\u201d \u2013. Il premio ottenuto a livello nazionale \u00e8 un riconoscimento del lavoro che il nostro Istituto ha svolto in questi anni per mantenere livelli di eccellenza formativa\u00bb.<\/p>\n<p> \tL\u2019iniziativa si inserisce nel pi\u00f9 ampio ambito delle attivit\u00e0 per le scuole realizzate dall\u2019Area Educazione Cooperativa di Confcooperative Fvg che, da vent\u2019anni, coinvolgono annualmente circa 3.000 studenti delle scuole di ogni ordine e grado e che, nel 2023, si \u00e8 arricchito del Premio Regionale Sostenibilit\u00e0, un concorso dedicato proprio alla progettualit\u00e0 degli studenti del territorio.<\/p>\n<p> \t\u00a0<\/p>\n","protected":false},"excerpt":{"rendered":"<p>I ragazzi del \u201cVolta\u201d di Udine protagonisti al festival nazionale con il progetto Digital Detox in collaborazione con Confcooperative Fvg<\/p>\n","protected":false},"author":28,"featured_media":50100,"comment_status":"closed","ping_status":"closed","sticky":false,"template":"","format":"standard","meta":{"dwc-title":[],"dwc-content":[],"footnotes":""},"categories":[6],"tags":[],"class_list":["post-50099","post","type-post","status-publish","format-standard","has-post-thumbnail","hentry","category-societa"],"rttpg_featured_image_url":{"full":["https:\/\/imagazine.it\/wp-content\/uploads\/2024\/02\/54607-1.webp",800,545,false],"landscape":["https:\/\/imagazine.it\/wp-content\/uploads\/2024\/02\/54607-1.webp",800,545,false],"portraits":["https:\/\/imagazine.it\/wp-content\/uploads\/2024\/02\/54607-1.webp",800,545,false],"thumbnail":["https:\/\/imagazine.it\/wp-content\/uploads\/2024\/02\/54607-1-150x150.webp",150,150,true],"medium":["https:\/\/imagazine.it\/wp-content\/uploads\/2024\/02\/54607-1-300x204.webp",300,204,true],"large":["https:\/\/imagazine.it\/wp-content\/uploads\/2024\/02\/54607-1.webp",640,436,false],"thumblist":["https:\/\/imagazine.it\/wp-content\/uploads\/2024\/02\/54607-1-300x300.webp",300,300,true],"thumbrelated":["https:\/\/imagazine.it\/wp-content\/uploads\/2024\/02\/54607-1-500x500.webp",500,500,true],"meccarouselthumb":["https:\/\/imagazine.it\/wp-content\/uploads\/2024\/02\/54607-1-474x324.webp",474,324,true],"gridsquare":["https:\/\/imagazine.it\/wp-content\/uploads\/2024\/02\/54607-1-391x260.webp",391,260,true],"tileview":["https:\/\/imagazine.it\/wp-content\/uploads\/2024\/02\/54607-1-300x400.webp",300,400,true],"1536x1536":["https:\/\/imagazine.it\/wp-content\/uploads\/2024\/02\/54607-1.webp",800,545,false],"2048x2048":["https:\/\/imagazine.it\/wp-content\/uploads\/2024\/02\/54607-1.webp",800,545,false],"newsup-slider-full":["https:\/\/imagazine.it\/wp-content\/uploads\/2024\/02\/54607-1.webp",800,545,false],"newsup-featured":["https:\/\/imagazine.it\/wp-content\/uploads\/2024\/02\/54607-1.webp",800,545,false],"newsup-medium":["https:\/\/imagazine.it\/wp-content\/uploads\/2024\/02\/54607-1-720x380.webp",720,380,true],"tptn_thumbnail":["https:\/\/imagazine.it\/wp-content\/uploads\/2024\/02\/54607-1.webp",250,170,false],"sow-carousel-default":["https:\/\/imagazine.it\/wp-content\/uploads\/2024\/02\/54607-1.webp",267,182,false]},"rttpg_author":{"display_name":"redazione","author_link":"https:\/\/imagazine.it\/home_desk\/author\/redazione\/"},"rttpg_comment":0,"rttpg_category":"<a href=\"https:\/\/imagazine.it\/home_desk\/category\/societa\/\" rel=\"category tag\">SOCIET\u00c0<\/a>","rttpg_excerpt":"I ragazzi del \u201cVolta\u201d di Udine protagonisti al festival nazionale con il progetto Digital Detox in collaborazione con Confcooperative Fvg","_links":{"self":[{"href":"https:\/\/imagazine.it\/home_desk\/wp-json\/wp\/v2\/posts\/50099","targetHints":{"allow":["GET"]}}],"collection":[{"href":"https:\/\/imagazine.it\/home_desk\/wp-json\/wp\/v2\/posts"}],"about":[{"href":"https:\/\/imagazine.it\/home_desk\/wp-json\/wp\/v2\/types\/post"}],"author":[{"embeddable":true,"href":"https:\/\/imagazine.it\/home_desk\/wp-json\/wp\/v2\/users\/28"}],"replies":[{"embeddable":true,"href":"https:\/\/imagazine.it\/home_desk\/wp-json\/wp\/v2\/comments?post=50099"}],"version-history":[{"count":0,"href":"https:\/\/imagazine.it\/home_desk\/wp-json\/wp\/v2\/posts\/50099\/revisions"}],"wp:featuredmedia":[{"embeddable":true,"href":"https:\/\/imagazine.it\/home_desk\/wp-json\/wp\/v2\/media\/50100"}],"wp:attachment":[{"href":"https:\/\/imagazine.it\/home_desk\/wp-json\/wp\/v2\/media?parent=50099"}],"wp:term":[{"taxonomy":"category","embeddable":true,"href":"https:\/\/imagazine.it\/home_desk\/wp-json\/wp\/v2\/categories?post=50099"},{"taxonomy":"post_tag","embeddable":true,"href":"https:\/\/imagazine.it\/home_desk\/wp-json\/wp\/v2\/tags?post=50099"}],"curies":[{"name":"wp","href":"https:\/\/api.w.org\/{rel}","templated":true}]}}