{"id":50093,"date":"2023-10-03T00:00:00","date_gmt":"2023-10-02T22:00:00","guid":{"rendered":"https:\/\/imagazine.it\/giornalismo-e-liberta-di-stampa-nuovo-focus-nellisontino\/"},"modified":"2023-10-03T00:00:00","modified_gmt":"2023-10-02T22:00:00","slug":"giornalismo-e-liberta-di-stampa-nuovo-focus-nellisontino","status":"publish","type":"post","link":"https:\/\/imagazine.it\/home_desk\/giornalismo-e-liberta-di-stampa-nuovo-focus-nellisontino\/","title":{"rendered":"Giornalismo e libert\u00e0 di stampa, nuovo focus nell&#8217;Isontino"},"content":{"rendered":"<p> \tRONCHI DEI LEGIONARI \u2013 <strong>Leali delle Notizie<\/strong> organizza la <strong>seconda edizione<\/strong> di <strong>\u201c<em>Oltre il Festival<\/em>\u201d <\/strong>con <strong>12 appuntamenti itineranti<\/strong> nell\u2019<strong>Isontino<\/strong>.<\/p>\n<p> \tLa rassegna si terr\u00e0 <strong>da mercoled\u00ec 4 a domenica 8 ottobre<\/strong> con presentazioni di libri e incontri sull\u2019ambiente, il giornalismo investigativo, l\u2019evoluzione del cinema in Friuli Venezia Giulia. Un panel verr\u00e0 dedicato ad Andrea Purgatori, scomparso recentemente.<\/p>\n<p> \tTra i principali ospiti il ronchese <strong>Marco Girardo<\/strong><strong>,<\/strong> <strong>direttore della testata nazionale <em>Avvenire<\/em><\/strong>.<\/p>\n<p> \tClou della manifestazione sar\u00e0, <strong>domenica 8 ottobre,<\/strong> l\u2019<strong>inaugurazione del 23esimo pannello <\/strong>della <strong>Passeggiata della Libert\u00e0 di Stampa e di Espressione<\/strong> a <strong>Ronchi dei Legionari<\/strong> <strong>intitolato a Mauro Rostagno<\/strong> e in <strong>memoria di Cristina Visintini<\/strong>, vicepresidente dell\u2019associazione che aveva ideato questo progetto e che \u00e8 scomparsa prematuramente nell\u2019agosto 2021.<\/p>\n<p> \tUn modo per portare avanti, attraverso le iniziative dell\u2019associazione, le sue idee e la sua lotta nel <strong>rispetto<\/strong> dei <strong>diritti umani<\/strong> e di quelli della <strong>Costituzione italiana<\/strong>. Sempre domenica a Ronchi dei Legionari ci sar\u00e0 l\u2019inaugurazione del <strong>nuovo presidio locale<\/strong> dell\u2019associazione <strong>Articolo 21<\/strong>.<\/p>\n<p> \t\u201c<em>Leali delle Notizie <\/em>\u2013 spiega il presidente <strong>Luca Perrino <\/strong>\u2013 <em>continua a spiccare nel settore culturale.<\/em> <em>Da anni riceviamo segnali proficui da parte del pubblico e dei nostri ospiti con cui abbiamo approfondito di volta in volta temi di attualit\u00e0 sempre diversi e senza preconcetti. Le nostre manifestazioni crescono di anno in anno cercando di valorizzare il nostro territorio. Nella rassegna Oltre il Festival riporteremo a Ronchi e in altri comuni dell\u2019Isontino <\/em><strong><em>lo spirito del Festival del Giornalismo<\/em><\/strong><em>, creando momenti di raccolta e riflessione\u201d<\/em>.<\/p>\n<p> \t\u201c<em>Riconosco<\/em> \u2013 aggiunge l\u2019assessore comunale alla cultura, <strong>Monica Carta<\/strong> \u2013 <em>la <\/em><strong><em>costante crescita della qualit\u00e0 dell\u2019offerta culturale di Leali delle Notizie<\/em><\/strong><em>, che punta sempre pi\u00f9 alla conoscenza ed alla presa di coscienza. Ma voglio anche sottolineare che eventi come questi hanno ripercussioni importanti anche sotto il profilo economico e fanno bene alla citt\u00e0<\/em>\u201d.<\/p>\n<p> \t<strong>La volont\u00e0 di proseguire sulla strada della collaborazione<\/strong> \u00e8 stata ribadita dall\u2019assessore alla cultura del Comune di San Canzian d\u2019Isonzo, <strong>Flavia Moimas<\/strong>: \u201c<em>Portare eventi diffusi sul territorio \u00e8 importante<\/em> <em>e <\/em><strong><em>siamo ben lieti di portare la nostra collaborazione<\/em><\/strong><em>. Per la prima volta siamo partner di Oltre il Festival e ci\u00f2 dopo tre anni di presenza in occasione del Festival del Giornalismo. Continueremo a lavorare per intensificare il nostro connubio<\/em>\u201d.<\/p>\n<p> \tPresenti alla conferenza, tra gli altri, l\u2019assessore <strong>Alessandro Bassi<\/strong>, la presidente della commissione cultura, <strong>Lucia Comuzzi<\/strong>, il parroco di San Lorenzo, <strong>monsignor Ignazio Sudoso<\/strong>, il comandante della stazione Carabinieri, maresciallo capo <strong>Niccol\u00f2 Grieco<\/strong> e della Polizia locale, commissario <strong>Paola Trinco<\/strong>.<\/p>\n<p> \t\u201c<em>Riconosco il coraggio delle scelte fatte anche nel realizzare questo corposo programma<\/em> \u2013 sottolinea il consigliere regionale, <strong>Enrico Bullian<\/strong> \u2013 <em>e credo che, poi, sia importante il <\/em><strong><em>lavoro svolto in questi anni da Leali delle Notizie per veicolare prodotti<\/em><\/strong> <em>culturali che, come sar\u00e0 nel caso della mostra della fotografa Mara Fella, possono essere poi riproposti in altre citt\u00e0. Nel caso della mostra dedicata a Lampedusa, messa a punto assieme al Dedica Festival, essa sar\u00e0 presto proposta in consiglio regionale<\/em>\u201d.<\/p>\n<p> \tIn occasione di questa seconda edizione di Oltre il Festival, Leali delle Notizie propone <strong>l\u2019operazione \u201c<\/strong><em><strong>Amico del Festival<\/strong><\/em><strong>\u201d<\/strong>. Con un\u2019offerta di soli 15 euro, da corrispondere alla segreteria dell\u2019associazione, in piazzetta Francesco Giuseppe a Ronchi dei Legionari, si avr\u00e0 modo di ottenere un <strong>accesso riservato ed un posto assicurato nelle prime fila delle sale che ospiteranno gli eventi<\/strong>.<\/p>\n<p> \t\u201c<strong>Oltre il Festival<\/strong>\u201d \u00e8 organizzato da <strong>Leali delle Notizie<\/strong> con il supporto dell\u2019<strong>Amministrazione comunale di Ronchi dei Legionari<\/strong>, della <strong>Regione Friuli Venezia Giulia<\/strong>, della <strong>Fondazione Cassa di Risparmio di Gorizia<\/strong>, della <strong>Cassa Rurale del Friuli Venezia Giulia<\/strong>, della <strong>Fondazione benefica Kathleen Foreman Casali di Trieste<\/strong> e di altre persone e realt\u00e0 che continuano a sostenere le attivit\u00e0 culturali dell\u2019associazione.<\/p>\n<p> \tLa manifestazione si aprir\u00e0 <strong>mercoled\u00ec 4 ottobre <\/strong>a <strong>Ronchi dei Legionari<\/strong> con due incontri all\u2019<strong>Auditorium Comunale \u201cCasa della Cultura\u201d<\/strong>, in piazzetta dell\u2019Emigrante. <strong>Alle 18<\/strong> appuntamento con la giornalista <strong>Rosy Battaglia<\/strong>, protagonista dell\u2019incontro dal titolo \u201c<strong>Ingiustizia ambientale a Nord-Est. Cosa fare?<\/strong>\u201d. Dialogher\u00e0 con <strong>Paolo Iannaccone<\/strong>, presidente del <strong>Centro di accoglienza Balducci<\/strong> di Zugliano con cui Leali delle Notizie ha organizzato l\u2019incontro. Seguir\u00e0, <strong>alle 20.30,<\/strong> un panel sull\u2019<strong>evoluzione del cinema in Friuli Venezia Giulia<\/strong> con <strong>Thomas Bertacche<\/strong>, CEO della Tucker Film, <strong>Irene Capasso e Marco Fregonese<\/strong>, responsabili progetto DobiaFilm, <strong>Chiara Valenti Omero, <\/strong>coordinatrice Film Commission FVG e <strong>Paolo Vidali<\/strong>, direttore del Fondo per l\u2019Audiovisivo del Friuli Venezia Giulia. Introdurr\u00e0 e moderer\u00e0 l\u2019incontro il giornalista <strong>Oscar d\u2019Agostino<\/strong>, responsabile della pagina Cultura del Messaggero Veneto.<\/p>\n<p> \t<strong>Gioved\u00ec 5 ottobre <\/strong>doppio appuntamento con l\u2019editoria. Il primo, <strong>alle 18,<\/strong> alla <strong>Sala Civica della Casa delle Associazioni<\/strong>, in localit\u00e0 <strong>Pieris<\/strong> (Comune di San Canzian d\u2019Isonzo) in via Marconi 1 con la presentazione del volume <em><strong>Coccod\u00e8. Una storia di quiet quitting <\/strong><\/em>(Ugo Mursia Editore, 2023) della giornalista e scrittrice<strong> Ambra Radaelli<\/strong>. Dialogher\u00e0 con l\u2019autrice la giornalista e insegnante <strong>Alessandra Guerra<\/strong>. La serata proseguir\u00e0 poi <strong>alle 20.30<\/strong> a <strong>Ronchi dei Legionari<\/strong> all\u2019<strong>Auditorium Comunale<\/strong> con la presentazione del libro <em><strong>Robot. Lavoratori e contribuenti di domani<\/strong><\/em> (Santelli, 2023) di <strong>Fabio Ghiselli<\/strong>, dottore commercialista e della giornalista <strong>Luana de Francisco<\/strong>. Dialogher\u00e0 con gli autori <strong>Gioia Meloni<\/strong>, giornalista e responsabile della struttura di programmazione in lingua italiana della Rai del Friuli Venezia Giulia.<\/p>\n<p> \t<strong>Venerd\u00ec 6 ottobre alle 18 <\/strong>sar\u00e0 invece la volta della presentazione del libro <em><strong>Al Servizio dello Stato <\/strong><\/em>(Youcanprint, 2021) dello scrittore<strong> Renato Colpo<\/strong>. Dialogher\u00e0 con l\u2019autore <strong>Timothy Dissegna<\/strong>, direttore de Il Goriziano. L\u2019incontro avr\u00e0 luogo nella <strong>Sala del Consiglio comunale <\/strong>in via Roma 39 a <strong>San Pier d\u2019Isonzo<\/strong>. Ci si sposter\u00e0 poi a <strong>Ronchi dei Legionari <\/strong>sempre nell\u2019<strong>Auditorium Comunale<\/strong> per accogliere <strong>alle 20.30<\/strong> il giornalista ronchese <strong>Marco Girardo,<\/strong> <strong>direttore di Avvenire<\/strong>. Il giornalista ripercorrer\u00e0 la sua esperienza nei giornali locali fino ad arrivare alla direzione della testata nazionale della stampa cattolica. Dialogher\u00e0 con <strong>Ivan Bianchi<\/strong>, giornalista de Il Goriziano e direttore di Nuova Iniziativa Isontina.<\/p>\n<p> \tDoppio appuntamento con i libri anche <strong>sabato 7 ottobre<\/strong> all\u2019<strong>Auditorium Comunale <\/strong>di <strong>Ronchi dei Legionari<\/strong>. Si partir\u00e0 <strong>alle 18<\/strong> con la presentazione del libro postumo di <strong>Almerigo Grilz<\/strong> dal titolo <em><strong>La marcia dei ribelli. Diari 1986-1987, storie di popoli dimenticati <\/strong><\/em>(Spazio Inattuale Editore, 2023). Ne parler\u00e0 il curatore <strong>Pietro Comelli<\/strong>, vicecapo-redattore responsabile della redazione di Gorizia e Monfalcone de Il Piccolo, con la giornalista culturale <strong>Margherita Reguitti<\/strong>. <strong>Alle 20.30<\/strong> si presenter\u00e0 invece il volume <em><strong>Traditori. Come fango e depistaggio hanno segnato la storia italiana <\/strong><\/em>(Solferino, 2023) scritto da <strong>Paolo Borrometi, <\/strong>giornalista, condirettore dell\u2019agenzia di stampa AGI, presidente Articolo 21 e responsabile Legalit\u00e0 della FNSI \u2013 Federazione Nazionale Stampa Italiana. Dialogher\u00e0 con l\u2019autore la giornalista <strong>Fabiana Martini<\/strong>, portavoce di Articolo 21 del Friuli Venezia Giulia.<\/p>\n<p> \tLa seconda edizione di \u201c<strong>Oltre il Festival<\/strong>\u201d si chiuder\u00e0 <strong>domenica 8 ottobre <\/strong>a <strong>Ronchi dei Legionari<\/strong> con <strong>quattro appuntamenti<\/strong> che accompagneranno ospiti e cittadinanza per l\u2019intera giornata, che inizier\u00e0 <strong>alle<\/strong> <strong>10.30 <\/strong>con l\u2019inaugurazione del<strong> 23esimo cartello della Passeggiata della Libert\u00e0 di Stampa e di Espressione <\/strong>intitolato a<strong> Mauro Rostagno<\/strong>, <strong>in memoria di Cristina Visintini. <\/strong>Il nuovo pannello verr\u00e0 scoperto lungo il<strong> passaggio pedonale <\/strong>tra piazza Unit\u00e0 d\u2019Italia e piazzetta Francesco Giuseppe I. Seguir\u00e0 poi <strong>alle 11.30<\/strong>, nella piazzetta, l\u2019<strong>inaugurazione <\/strong>del <strong>nuovo presidio locale di Articolo 21<\/strong>. Appuntamento quindi alle <strong>18<\/strong> all\u2019<strong>Auditorium Comunale<\/strong> con un incontro dal titolo \u201c<strong>Al servizio della verit\u00e0. Ricordo di Andrea Purgatori, uomo libero<\/strong>\u201d. Interverranno il disegnatore satirico <strong>Mauro Biani<\/strong> e<strong> Daria Bonfietti<\/strong>, presidente Associazione parenti vittime strage di Ustica. Introdurr\u00e0 e moderer\u00e0 l\u2019incontro <strong>Giuseppe Giulietti<\/strong>, coordinatore nazionale Articolo 21.<strong> \u201cOltre il Festival\u201d<\/strong> si concluder\u00e0 <strong>alle 20.30<\/strong> con la presentazione del libro <em><strong>L\u2019imbroglio <\/strong><\/em>(Area Navarra, 2023) del giornalista professionista<strong> Sergio Buonadonna<\/strong> e del giornalista <strong>Massimo Novelli<\/strong>. Dialogher\u00e0 con gli autori <strong>Enzo d\u2019Antona<\/strong>, giornalista e presidente del Teatro Miela di Trieste, con cui Leali delle Notizie ha collaborato per l\u2019organizzazione dell\u2019incontro.<\/p>\n<p> \tIl <strong>Festival del Giornalismo <\/strong>torner\u00e0 poi, con la sua <strong>X edizione<\/strong>, a <strong>Ronchi dei Legionari<\/strong> <strong>dall\u201911 al 16 giugno 2024<\/strong>. Gli incontri di \u201c<strong>Aspettando il Festival\u2026<\/strong>\u201d si terranno invece <strong>dal 26 maggio al 1\u00b0 giugno 2024 <\/strong>in <strong>diversi Comuni del Friuli Venezia Giulia<\/strong>. Il Festival si allarga sempre di pi\u00f9, stringendo a ogni edizione nuove collaborazioni. <strong>Leali delle Notizie ringrazia di cuore il pubblico<\/strong>, gli <strong>ospiti<\/strong>, gli <strong>enti<\/strong> e le <strong>istituzioni<\/strong> che da anni la sostengono e senza i quali non sarebbe stato possibile far crescere il <strong>Festival del Giornalismo<\/strong> nel corso del tempo.<\/p>\n<p> \t\u00a0<\/p>\n","protected":false},"excerpt":{"rendered":"<p>Dal 4 all\u20198 ottobre 12 appuntamenti itineranti con presentazioni di libri e incontri. Con un\u2019inaugurazione speciale in memoria di Mauro Rostagno<\/p>\n","protected":false},"author":28,"featured_media":50094,"comment_status":"closed","ping_status":"closed","sticky":false,"template":"","format":"standard","meta":{"dwc-title":[],"dwc-content":[],"footnotes":""},"categories":[37],"tags":[],"class_list":["post-50093","post","type-post","status-publish","format-standard","has-post-thumbnail","hentry","category-cultura-e-spettacolo"],"rttpg_featured_image_url":{"full":["https:\/\/imagazine.it\/wp-content\/uploads\/2024\/02\/54599-1.webp",1000,667,false],"landscape":["https:\/\/imagazine.it\/wp-content\/uploads\/2024\/02\/54599-1.webp",1000,667,false],"portraits":["https:\/\/imagazine.it\/wp-content\/uploads\/2024\/02\/54599-1.webp",1000,667,false],"thumbnail":["https:\/\/imagazine.it\/wp-content\/uploads\/2024\/02\/54599-1-150x150.webp",150,150,true],"medium":["https:\/\/imagazine.it\/wp-content\/uploads\/2024\/02\/54599-1-300x200.webp",300,200,true],"large":["https:\/\/imagazine.it\/wp-content\/uploads\/2024\/02\/54599-1.webp",640,427,false],"thumblist":["https:\/\/imagazine.it\/wp-content\/uploads\/2024\/02\/54599-1-300x300.webp",300,300,true],"thumbrelated":["https:\/\/imagazine.it\/wp-content\/uploads\/2024\/02\/54599-1-500x500.webp",500,500,true],"meccarouselthumb":["https:\/\/imagazine.it\/wp-content\/uploads\/2024\/02\/54599-1-474x324.webp",474,324,true],"gridsquare":["https:\/\/imagazine.it\/wp-content\/uploads\/2024\/02\/54599-1-391x260.webp",391,260,true],"tileview":["https:\/\/imagazine.it\/wp-content\/uploads\/2024\/02\/54599-1-300x400.webp",300,400,true],"1536x1536":["https:\/\/imagazine.it\/wp-content\/uploads\/2024\/02\/54599-1.webp",1000,667,false],"2048x2048":["https:\/\/imagazine.it\/wp-content\/uploads\/2024\/02\/54599-1.webp",1000,667,false],"newsup-slider-full":["https:\/\/imagazine.it\/wp-content\/uploads\/2024\/02\/54599-1.webp",1000,667,false],"newsup-featured":["https:\/\/imagazine.it\/wp-content\/uploads\/2024\/02\/54599-1.webp",1000,667,false],"newsup-medium":["https:\/\/imagazine.it\/wp-content\/uploads\/2024\/02\/54599-1-720x380.webp",720,380,true],"tptn_thumbnail":["https:\/\/imagazine.it\/wp-content\/uploads\/2024\/02\/54599-1.webp",250,167,false],"sow-carousel-default":["https:\/\/imagazine.it\/wp-content\/uploads\/2024\/02\/54599-1.webp",272,182,false]},"rttpg_author":{"display_name":"redazione","author_link":"https:\/\/imagazine.it\/home_desk\/author\/redazione\/"},"rttpg_comment":0,"rttpg_category":"<a href=\"https:\/\/imagazine.it\/home_desk\/category\/cultura-e-spettacolo\/\" rel=\"category tag\">CULTURA&amp;SPETTACOLO<\/a>","rttpg_excerpt":"Dal 4 all\u20198 ottobre 12 appuntamenti itineranti con presentazioni di libri e incontri. Con un\u2019inaugurazione speciale in memoria di Mauro Rostagno","_links":{"self":[{"href":"https:\/\/imagazine.it\/home_desk\/wp-json\/wp\/v2\/posts\/50093","targetHints":{"allow":["GET"]}}],"collection":[{"href":"https:\/\/imagazine.it\/home_desk\/wp-json\/wp\/v2\/posts"}],"about":[{"href":"https:\/\/imagazine.it\/home_desk\/wp-json\/wp\/v2\/types\/post"}],"author":[{"embeddable":true,"href":"https:\/\/imagazine.it\/home_desk\/wp-json\/wp\/v2\/users\/28"}],"replies":[{"embeddable":true,"href":"https:\/\/imagazine.it\/home_desk\/wp-json\/wp\/v2\/comments?post=50093"}],"version-history":[{"count":0,"href":"https:\/\/imagazine.it\/home_desk\/wp-json\/wp\/v2\/posts\/50093\/revisions"}],"wp:featuredmedia":[{"embeddable":true,"href":"https:\/\/imagazine.it\/home_desk\/wp-json\/wp\/v2\/media\/50094"}],"wp:attachment":[{"href":"https:\/\/imagazine.it\/home_desk\/wp-json\/wp\/v2\/media?parent=50093"}],"wp:term":[{"taxonomy":"category","embeddable":true,"href":"https:\/\/imagazine.it\/home_desk\/wp-json\/wp\/v2\/categories?post=50093"},{"taxonomy":"post_tag","embeddable":true,"href":"https:\/\/imagazine.it\/home_desk\/wp-json\/wp\/v2\/tags?post=50093"}],"curies":[{"name":"wp","href":"https:\/\/api.w.org\/{rel}","templated":true}]}}