{"id":50047,"date":"2023-09-27T00:00:00","date_gmt":"2023-09-26T22:00:00","guid":{"rendered":"https:\/\/imagazine.it\/inaugurata-la-sala-musica-del-punto-giovani-di-gorizia\/"},"modified":"2023-09-27T00:00:00","modified_gmt":"2023-09-26T22:00:00","slug":"inaugurata-la-sala-musica-del-punto-giovani-di-gorizia","status":"publish","type":"post","link":"https:\/\/imagazine.it\/home_desk\/inaugurata-la-sala-musica-del-punto-giovani-di-gorizia\/","title":{"rendered":"Inaugurata la Sala Musica del Punto Giovani di Gorizia"},"content":{"rendered":"<p> \tGORIZIA \u2013 Largo a band e musicisti al <strong>Punto Giovani<\/strong> del Comune di Gorizia, grazie alla <strong>Sala Musica realizzata con l\u2019insonorizzazione della Sala Multimediale<\/strong>.<\/p>\n<p> \tA disposizione dell\u2019utenza ci sono una batteria, un pianoforte elettrico, due amplificatori, un mixer e microfoni, oltre ai cablaggi necessari per connettere eventuali chitarre e bassi elettrici agli amplificatori.<\/p>\n<p> \tPer la registrazione dei pezzi musicali verranno sfruttati un computer iMac, un mixer dotato di scheda audio e i programmi necessari. La presenza di un tecnico del suono nello staff del Punto Giovani permetter\u00e0 la registrazione dei brani.<\/p>\n<p> \t\u201cAbbiamo pensato alle tante band emergenti \u2013 ha affermato il vicesindaco con delega alle Politiche giovanili, <strong>Chiara Gatta<\/strong> \u2013 che sono operative a Gorizia. Questa Sala Musica arricchir\u00e0 ulteriormente la dotazione del Punto Giovani e la sua programmazione di attivit\u00e0, anche con la promozione di laboratori dedicati\u201d. All\u2019inaugurazione era presente anche <strong>Marilena Bernobich<\/strong>, che in qualit\u00e0 di assessore alle Politiche giovanili nel mandato precedente aveva posto le basi per questo progetto.<\/p>\n<p> \tL\u2019intervento \u00e8 stato affidato dal Servizio Interventi Manutentivi del Comune alla ditta Edil Bon Di Bonessi Loris di Buttrio.<\/p>\n<p> \tIl valore complessivo dell\u2019opera \u00e8 di <strong>40.833,72 euro<\/strong>, a cui se ne <strong>aggiungono altri 8mila circa per le attrezzature<\/strong>.<\/p>\n<p> \tLa realizzazione di una Sala Musica centrale e accessibile era prevista nell\u2019ambito del progetto \u201cInclusion Call \u2013 Musica e Arte Urbana verso la Capitale Europea 2025\u201d, sulla base dell\u2019avviso pubblico \u201cFermenti in Comune\u201d 2021 promosso da ANCI, che ha visto il Comune di Gorizia vincere nella categoria dei Comuni medi. Nato da un partenariato congiunto con lo Ial FVG e le associazioni Macross ed Examina, il progetto ha goduto di un finanziamento comunale e di un cofinanziamento da parte della Presidenza del Consiglio dei Ministri \u2013 Dipartimento per le Politiche e il Servizio Civile Universale.<\/p>\n<p> \tIl finanziamento ottenuto dalla vincita del Bando ha permesso anche di acquistare la strumentazione necessaria alla Sala Musica. La musica quindi si trover\u00e0 al centro della programmazione del Punto Giovani. All\u2019interno del progetto Let\u2019s Go Skills, ideato dal Servizio Politiche Giovanili e finanziato grazie all\u2019Avviso Regionale a favore di progetti educativi e ricreativi dei Centri di Aggregazione Giovanile che vede come partner di progetto anche l\u2019Universit\u00e0 di Udine e la Consulta Provinciale Studentesca, sono in programma <strong>a novembre due laboratori gratuiti<\/strong>: uno metter\u00e0 in risalto l\u2019<strong>uso<\/strong> <strong>della voce<\/strong> con il laboratorio di Fonetica Emozionale e l\u2019altro sar\u00e0 dedicato alla <strong>registrazione podcast<\/strong>.<\/p>\n<p> \tPer prenotare gli spazi \u00e8 necessario compilare apposita richiesta, a disposizione sui canali del Punto Giovani.<\/p>\n<p> \tI turni a disposizione sono: luned\u00ec e mercoled\u00ec 17.45 &#8211; 19.45 turno unico, marted\u00ec, gioved\u00ec e venerd\u00ec primo turno 16.15 &#8211; 17.15, secondo turno 17.30 &#8211; 18.30, terzo turno 18.45 &#8211; 19.45. \u00c8 anche consentita la prenotazione da parte di uno stesso richiedente per pi\u00f9 turni, se disponibili, fermo restando che verr\u00e0 privilegiato un utilizzo che consenta la rotazione e l\u2019accoglimento di richieste da parte del maggior numero di utenti.<\/p>\n<p> \tLa Sala Prova e la Sala Registrazione, qualora utilizzate nel rispetto degli obiettivi di sperimentazione, ludici, aggregativi per i quali sono state realizzate, non saranno soggette a tariffazione, mentre l\u2019utilizzo da parte di soggetti che svolgono attivit\u00e0 commerciale o di impresa comporter\u00e0 l\u2019applicazione delle seguenti tariffe: uso singola sala nelle giornate feriali 30 euro a utilizzo (max 2 ore), per ogni ora in pi\u00f9 o frazione di ora, la tariffa sar\u00e0 di 10 euro all\u2019ora; uso singola sala nelle giornate festive 50 euro a utilizzo (max 2 ore), per ogni ora in pi\u00f9 o frazione di ora, la tariffa sar\u00e0 di 10 euro all\u2019ora.<\/p>\n<p> \tL\u2019uso di entrambe le sale nella giornata feriale coster\u00e0 40 euro a utilizzo (max 2 ore), per ogni ora in pi\u00f9 o frazione di ora, la tariffa sar\u00e0 di 15 euro all\u2019ora, nelle giornate festive 70 euro a utilizzo (max 2 ore), per ogni ora in pi\u00f9 o frazione di ora, la tariffa sar\u00e0 di 15 euro all\u2019ora.<\/p>\n<p> \tLe Sale potranno essere fruite solo alla presenza di un operatore del Punto Giovani.<\/p>\n<p> \t\u00a0<\/p>\n","protected":false},"excerpt":{"rendered":"<p>Realizzata con l\u2019insonorizzazione della Sala Multimediale, \u00e8 dotata di strumenti musicali, amplificatore, mixer e microfoni<\/p>\n","protected":false},"author":28,"featured_media":50048,"comment_status":"closed","ping_status":"closed","sticky":false,"template":"","format":"standard","meta":{"dwc-title":[],"dwc-content":[],"footnotes":""},"categories":[5],"tags":[],"class_list":["post-50047","post","type-post","status-publish","format-standard","has-post-thumbnail","hentry","category-attualita"],"rttpg_featured_image_url":{"full":["https:\/\/imagazine.it\/wp-content\/uploads\/2024\/02\/54512-1.webp",1000,658,false],"landscape":["https:\/\/imagazine.it\/wp-content\/uploads\/2024\/02\/54512-1.webp",1000,658,false],"portraits":["https:\/\/imagazine.it\/wp-content\/uploads\/2024\/02\/54512-1.webp",1000,658,false],"thumbnail":["https:\/\/imagazine.it\/wp-content\/uploads\/2024\/02\/54512-1-150x150.webp",150,150,true],"medium":["https:\/\/imagazine.it\/wp-content\/uploads\/2024\/02\/54512-1-300x197.webp",300,197,true],"large":["https:\/\/imagazine.it\/wp-content\/uploads\/2024\/02\/54512-1.webp",640,421,false],"thumblist":["https:\/\/imagazine.it\/wp-content\/uploads\/2024\/02\/54512-1-300x300.webp",300,300,true],"thumbrelated":["https:\/\/imagazine.it\/wp-content\/uploads\/2024\/02\/54512-1-500x500.webp",500,500,true],"meccarouselthumb":["https:\/\/imagazine.it\/wp-content\/uploads\/2024\/02\/54512-1-474x324.webp",474,324,true],"gridsquare":["https:\/\/imagazine.it\/wp-content\/uploads\/2024\/02\/54512-1-391x260.webp",391,260,true],"tileview":["https:\/\/imagazine.it\/wp-content\/uploads\/2024\/02\/54512-1-300x400.webp",300,400,true],"1536x1536":["https:\/\/imagazine.it\/wp-content\/uploads\/2024\/02\/54512-1.webp",1000,658,false],"2048x2048":["https:\/\/imagazine.it\/wp-content\/uploads\/2024\/02\/54512-1.webp",1000,658,false],"newsup-slider-full":["https:\/\/imagazine.it\/wp-content\/uploads\/2024\/02\/54512-1.webp",1000,658,false],"newsup-featured":["https:\/\/imagazine.it\/wp-content\/uploads\/2024\/02\/54512-1.webp",1000,658,false],"newsup-medium":["https:\/\/imagazine.it\/wp-content\/uploads\/2024\/02\/54512-1-720x380.webp",720,380,true],"tptn_thumbnail":["https:\/\/imagazine.it\/wp-content\/uploads\/2024\/02\/54512-1.webp",250,165,false],"sow-carousel-default":["https:\/\/imagazine.it\/wp-content\/uploads\/2024\/02\/54512-1.webp",272,179,false]},"rttpg_author":{"display_name":"redazione","author_link":"https:\/\/imagazine.it\/home_desk\/author\/redazione\/"},"rttpg_comment":0,"rttpg_category":"<a href=\"https:\/\/imagazine.it\/home_desk\/category\/attualita\/\" rel=\"category tag\">ATTUALIT\u00c0<\/a>","rttpg_excerpt":"Realizzata con l\u2019insonorizzazione della Sala Multimediale, \u00e8 dotata di strumenti musicali, amplificatore, mixer e microfoni","_links":{"self":[{"href":"https:\/\/imagazine.it\/home_desk\/wp-json\/wp\/v2\/posts\/50047","targetHints":{"allow":["GET"]}}],"collection":[{"href":"https:\/\/imagazine.it\/home_desk\/wp-json\/wp\/v2\/posts"}],"about":[{"href":"https:\/\/imagazine.it\/home_desk\/wp-json\/wp\/v2\/types\/post"}],"author":[{"embeddable":true,"href":"https:\/\/imagazine.it\/home_desk\/wp-json\/wp\/v2\/users\/28"}],"replies":[{"embeddable":true,"href":"https:\/\/imagazine.it\/home_desk\/wp-json\/wp\/v2\/comments?post=50047"}],"version-history":[{"count":0,"href":"https:\/\/imagazine.it\/home_desk\/wp-json\/wp\/v2\/posts\/50047\/revisions"}],"wp:featuredmedia":[{"embeddable":true,"href":"https:\/\/imagazine.it\/home_desk\/wp-json\/wp\/v2\/media\/50048"}],"wp:attachment":[{"href":"https:\/\/imagazine.it\/home_desk\/wp-json\/wp\/v2\/media?parent=50047"}],"wp:term":[{"taxonomy":"category","embeddable":true,"href":"https:\/\/imagazine.it\/home_desk\/wp-json\/wp\/v2\/categories?post=50047"},{"taxonomy":"post_tag","embeddable":true,"href":"https:\/\/imagazine.it\/home_desk\/wp-json\/wp\/v2\/tags?post=50047"}],"curies":[{"name":"wp","href":"https:\/\/api.w.org\/{rel}","templated":true}]}}