{"id":50037,"date":"2023-09-26T00:00:00","date_gmt":"2023-09-25T22:00:00","guid":{"rendered":"https:\/\/imagazine.it\/gorizia-ritorna-citta-degli-alpini\/"},"modified":"2023-09-26T00:00:00","modified_gmt":"2023-09-25T22:00:00","slug":"gorizia-ritorna-citta-degli-alpini","status":"publish","type":"post","link":"https:\/\/imagazine.it\/home_desk\/gorizia-ritorna-citta-degli-alpini\/","title":{"rendered":"Gorizia ritorna citt\u00e0 degli Alpini"},"content":{"rendered":"<p> \tGORIZIA \u2013 Dopo l\u2019abbraccio del <u><a href=\"https:\/\/www.imagazine.it\/notizie-trieste-gorizia-udine-friuli\/3550\" target=\"_blank\" rel=\"noopener\"><span style=\"color:#0000cd;\">Raduno Triveneto del 2016<\/span><\/a><\/u>, Gorizia torna ad essere la <strong>citt\u00e0 degli Alpini<\/strong>. Lo fa per omaggiare il centenario della fondazione della sezione Alpini di Gorizia \u2013 che cade proprio in questo mese di settembre \u2013, con una serie di iniziative e manifestazioni che animeranno la citt\u00e0 dal prossimo fine settimana e sino al mese di dicembre. Un omaggio che \u00e8 in fondo quello di tutta la citt\u00e0, profondamente legata nella sua storia all&#8217;alpinit\u00e0, e non a caso a fine ottobre il Comune di Gorizia conferir\u00e0 all&#8217;Associazione Nazionale Alpini la <strong>cittadinanza onoraria<\/strong>.<\/p>\n<p> \tIl programma del centenario, assieme allo speciale marchio registrato che lo accompagna, \u00e8 stato presentato oggi in Sala Dora Bassi dal presidente della sezione delle penne nere isontine <strong>Paolo Verdoliva<\/strong>, alla presenza del sindaco <strong>Rodolfo Ziberna<\/strong> e del vicesindaco <strong>Chiara Gatta<\/strong>.<\/p>\n<p> \t&#8220;Il 2023 \u2013 ha spiegato Verdoliva \u2013 \u00e8 un anno importante per la nostra storia, ed \u00e8 per questo che abbiamo voluto organizzare iniziative che potessero coinvolgere non solo tutti i nostri soci, ma anche gli alpini del resto della regione e di tutta Italia, che saranno invitati a partecipare. E con loro siamo sicuri che avremo al nostro fianco ancora una volta tutta la citt\u00e0, che gi\u00e0 nel 2016 si \u00e8 stretta attorno agli alpini con un abbraccio caloroso in occasione del Raduno Triveneto&#8221;.<\/p>\n<p> \tCon le iniziative in programma si parte gi\u00e0 questo fine settimana, tra sabato 30 settembre e domenica 1 ottobre, con l\u2019<strong>esercitazione di Protezione civile degli Alpini del Friuli Venezia Giulia<\/strong> &#8220;<em>Sontium 1923 \u2013 2023<\/em>&#8220;, organizzata su proposta del Comune di Gorizia, in collaborazione con l\u2019Universit\u00e0 degli Studi di Trieste: <strong>circa 100 volontari ripuliranno la folta vegetazione nell&#8217;area sud-est del parco del polo universitario di via Alviano<\/strong>.<\/p>\n<p> \tVenerd\u00ec 6 ottobre alle 17, poi, al Museo di Santa Chiara sar\u00e0 <strong>inaugurata la mostra &#8220;<em>Alpini di ieri&#8230;Alpini di oggi<\/em>&#8220;<\/strong>, che rester\u00e0 visitabile per tutti i weekend del mese, mentre il giorno successivo, sabato 7, in citt\u00e0 si ritroveranno <strong>tutti i presidenti delle Sezioni del Triveneto dell&#8217;Associazione Nazionale Alpini per la riunione periodica<\/strong>.<\/p>\n<p> \tIl momento culminante delle celebrazioni \u00e8 in programma per\u00f2 tra il 27 e il 29 ottobre, quando Gorizia accoglier\u00e0 <strong>centinaia di alpini da tutta Italia<\/strong> per una <strong>serie di commemorazioni<\/strong>, per la <strong>riunione del Consiglio direttivo nazionale<\/strong>, la concessione della <strong>cittadinanza onoraria alle penne nere<\/strong> (durante la serata di gala di sabato 28, al Teatro &#8220;Verdi&#8221;) e soprattutto la <strong>sfilata lungo le vie del centro cittadino<\/strong> della mattinata di domenica 29. Sar\u00e0 questa l\u2019occasione per tutta Gorizia di stringersi nuovamente attorno agli alpini: dalle 10 le penne nere percorreranno corso Italia e corso Verdi, arrivando infine in piazza Vittoria per poi assistere alla messa solenne nella chiesa di Sant&#8217;Ignazio, che omagger\u00e0 anche il 151\u00b0 anniversario della fondazione del Corpo degli Alpini e il 14\u00b0 <strong>anniversario della<\/strong> <strong>beatificazione di don Carlo Gnocchi, di cui sar\u00e0 presente una reliquia<\/strong>.<\/p>\n<p> \tE se a novembre Gorizia sar\u00e0 ancora <strong>tappa del percorso della Fiaccola Alpina della Fraternit\u00e0<\/strong> (67\u00aa edizione), che partendo il 1\u00b0 novembre dal Sacrario di Timau toccher\u00e0 la stessa sera il Sacrario di Oslavia, per ripartire infine il 4 alla volta del Sacrario di Redipuglia, il 15 dicembre l&#8217;anno del centenario si chiuder\u00e0 in musica con il concerto del Teatro Verdi. Sul palco l&#8217;orchestra di fiati composta dalla <strong>Fanfara della Brigata Alpina Julia<\/strong>, dalla <strong>Fanfara della Brigata di Cavalleria Pozzuolo del Friuli<\/strong>, dalla <strong>Banda Citt\u00e0 di Corm\u00f2ns<\/strong> e dal <strong>coro &#8220;Giulio Bedeschi&#8221; di Gaiarine<\/strong>, della Sezione Alpini di Conegliano.<\/p>\n<p> \tCoda del centenario sar\u00e0, nel mese di gennaio, in concomitanza con l\u2019anniversario della Battaglia di Nikolajewka, la presentazione del libro sui \u201cPrimi 100 anni delle Penne Nere della Sezione di Gorizia\u201d.<\/p>\n<p> \tTutto il programma delle iniziative per il centenario degli alpini di Gorizia verr\u00e0 accompagnato da uno speciale marchio registrato creato per l&#8217;occasione. Esso presenta il nome di Gorizia che si fonde con la cifra tonda del numero 100, come gli anni delle penne nere in riva all\u2019Isonzo, sormontato dalla sagoma del cappello alpino e, sopra, le date e la dicitura &#8220;<em>Cento anni Sezione Ana<\/em>&#8220;.<\/p>\n<p> \t\u00a0<\/p>\n","protected":false},"excerpt":{"rendered":"<p>Prendono avvio nel fine settimana gli eventi celebrativi che culmineranno a fine ottobre con la sfilata e la concessione della cittadinanza onoraria alle penne nere<\/p>\n","protected":false},"author":28,"featured_media":50038,"comment_status":"closed","ping_status":"closed","sticky":false,"template":"","format":"standard","meta":{"dwc-title":[],"dwc-content":[],"footnotes":""},"categories":[5],"tags":[],"class_list":["post-50037","post","type-post","status-publish","format-standard","has-post-thumbnail","hentry","category-attualita"],"rttpg_featured_image_url":{"full":["https:\/\/imagazine.it\/wp-content\/uploads\/2024\/02\/54484-1.webp",1000,752,false],"landscape":["https:\/\/imagazine.it\/wp-content\/uploads\/2024\/02\/54484-1.webp",1000,752,false],"portraits":["https:\/\/imagazine.it\/wp-content\/uploads\/2024\/02\/54484-1.webp",1000,752,false],"thumbnail":["https:\/\/imagazine.it\/wp-content\/uploads\/2024\/02\/54484-1-150x150.webp",150,150,true],"medium":["https:\/\/imagazine.it\/wp-content\/uploads\/2024\/02\/54484-1-300x226.webp",300,226,true],"large":["https:\/\/imagazine.it\/wp-content\/uploads\/2024\/02\/54484-1.webp",640,481,false],"thumblist":["https:\/\/imagazine.it\/wp-content\/uploads\/2024\/02\/54484-1-300x300.webp",300,300,true],"thumbrelated":["https:\/\/imagazine.it\/wp-content\/uploads\/2024\/02\/54484-1-500x500.webp",500,500,true],"meccarouselthumb":["https:\/\/imagazine.it\/wp-content\/uploads\/2024\/02\/54484-1-474x324.webp",474,324,true],"gridsquare":["https:\/\/imagazine.it\/wp-content\/uploads\/2024\/02\/54484-1-391x260.webp",391,260,true],"tileview":["https:\/\/imagazine.it\/wp-content\/uploads\/2024\/02\/54484-1-300x400.webp",300,400,true],"1536x1536":["https:\/\/imagazine.it\/wp-content\/uploads\/2024\/02\/54484-1.webp",1000,752,false],"2048x2048":["https:\/\/imagazine.it\/wp-content\/uploads\/2024\/02\/54484-1.webp",1000,752,false],"newsup-slider-full":["https:\/\/imagazine.it\/wp-content\/uploads\/2024\/02\/54484-1-1000x720.webp",1000,720,true],"newsup-featured":["https:\/\/imagazine.it\/wp-content\/uploads\/2024\/02\/54484-1.webp",1000,752,false],"newsup-medium":["https:\/\/imagazine.it\/wp-content\/uploads\/2024\/02\/54484-1-720x380.webp",720,380,true],"tptn_thumbnail":["https:\/\/imagazine.it\/wp-content\/uploads\/2024\/02\/54484-1.webp",250,188,false],"sow-carousel-default":["https:\/\/imagazine.it\/wp-content\/uploads\/2024\/02\/54484-1.webp",242,182,false]},"rttpg_author":{"display_name":"redazione","author_link":"https:\/\/imagazine.it\/home_desk\/author\/redazione\/"},"rttpg_comment":0,"rttpg_category":"<a href=\"https:\/\/imagazine.it\/home_desk\/category\/attualita\/\" rel=\"category tag\">ATTUALIT\u00c0<\/a>","rttpg_excerpt":"Prendono avvio nel fine settimana gli eventi celebrativi che culmineranno a fine ottobre con la sfilata e la concessione della cittadinanza onoraria alle penne nere","_links":{"self":[{"href":"https:\/\/imagazine.it\/home_desk\/wp-json\/wp\/v2\/posts\/50037","targetHints":{"allow":["GET"]}}],"collection":[{"href":"https:\/\/imagazine.it\/home_desk\/wp-json\/wp\/v2\/posts"}],"about":[{"href":"https:\/\/imagazine.it\/home_desk\/wp-json\/wp\/v2\/types\/post"}],"author":[{"embeddable":true,"href":"https:\/\/imagazine.it\/home_desk\/wp-json\/wp\/v2\/users\/28"}],"replies":[{"embeddable":true,"href":"https:\/\/imagazine.it\/home_desk\/wp-json\/wp\/v2\/comments?post=50037"}],"version-history":[{"count":0,"href":"https:\/\/imagazine.it\/home_desk\/wp-json\/wp\/v2\/posts\/50037\/revisions"}],"wp:featuredmedia":[{"embeddable":true,"href":"https:\/\/imagazine.it\/home_desk\/wp-json\/wp\/v2\/media\/50038"}],"wp:attachment":[{"href":"https:\/\/imagazine.it\/home_desk\/wp-json\/wp\/v2\/media?parent=50037"}],"wp:term":[{"taxonomy":"category","embeddable":true,"href":"https:\/\/imagazine.it\/home_desk\/wp-json\/wp\/v2\/categories?post=50037"},{"taxonomy":"post_tag","embeddable":true,"href":"https:\/\/imagazine.it\/home_desk\/wp-json\/wp\/v2\/tags?post=50037"}],"curies":[{"name":"wp","href":"https:\/\/api.w.org\/{rel}","templated":true}]}}