{"id":50029,"date":"2023-09-25T00:00:00","date_gmt":"2023-09-24T22:00:00","guid":{"rendered":"https:\/\/imagazine.it\/lo-sport-per-promuovere-la-salute-nelle-scuole\/"},"modified":"2023-09-25T00:00:00","modified_gmt":"2023-09-24T22:00:00","slug":"lo-sport-per-promuovere-la-salute-nelle-scuole","status":"publish","type":"post","link":"https:\/\/imagazine.it\/home_desk\/lo-sport-per-promuovere-la-salute-nelle-scuole\/","title":{"rendered":"Lo sport per promuovere la salute nelle scuole"},"content":{"rendered":"<p> \tTRIESTE \u2013 Oltre 80 Istituti comprensivi parteciperanno all\u2019edizione 2023\/2024 del progetto \u201c<strong>Movimento in 3S &#8211; Promozione della salute attraverso lo Sport<\/strong>\u201d, promosso, sviluppato e sostenuto dal <strong>CONI Comitato Regionale FVG<\/strong> insieme alla <strong>Regione Friuli Venezia Giulia <\/strong>e presentato nel corso di una conferenza stampa dal presidente del CONI FVG, <strong>Giorgio Brandolin<\/strong>, e dall\u2019assessore regionale al lavoro, formazione, istruzione, ricerca, universit\u00e0 e famiglia, <strong>Alessia Rosolen<\/strong>.\u00a0<br \/> \tNel suo intervento l\u2019assessore <strong>Rosolen <\/strong>ha confermato \u201cla volont\u00e0 dell\u2019amministrazione regionale a proseguire con il sostegno allo stesso nei prossimi anni, cos\u00ec come ampliato con l\u2019azione di educazione alimentare oggi annunciata, a cura di due eccellenze nel campo della ricerca, della cura e della prevenzione come la Fondazione Italiana Fegato Onlus e l\u2019IRCCS Burlo Garofolo di Trieste\u201d.<\/p>\n<p> \t\u201cUn progetto integrato tra le diverse componenti della comunit\u00e0 territoriale \u2013 ha ricordato <strong>Brandolin<\/strong>, presente la project manager\u00a0del progetto Movimento in 3S, <strong>Rita Malavolta<\/strong> \u2013 nato una decina di anni fa con la firma di un protocollo proprio nella sede della Regione FVG, sottoscritto da tre assessorati regionali (sport, salute e istruzione), dal CONI FVG, dall\u2019Ufficio Scolastico Regionale, dall\u2019Unione Province Italiane, dall\u2019Associazione Nazionale Comuni Italiani, dall\u2019Universit\u00e0 di Udine e da Federsanit\u00e0\u201d.<\/p>\n<p> \tOgni anno il progetto \u201cM3S\u201d ha coinvolto complessivamente <strong>una media di 25.000 bambini<\/strong> (maschi e femmine) nel rispetto dell\u2019autonomia scolastica, con lo scopo di promuovere sani stili di vita come mezzo di contrasto alla sedentariet\u00e0, al sovrappeso e all\u2019obesit\u00e0, soprattutto in et\u00e0 pediatrica, affermando una concezione dell\u2019attivit\u00e0 motoria e sportiva che diventi un momento di benessere fisico e psicologico in grado di coinvolgere tutti i bambini, senza discriminazioni di alcun genere.<\/p>\n<p> \tI bambini che hanno partecipato alle attivit\u00e0 del progetto e hanno seguito le lezioni di educazione fisica hanno avuto un costante miglioramento delle abilit\u00e0 motorie e della resistenza fisica, delle capacit\u00e0 di agilit\u00e0, flessibilit\u00e0 ed equilibrio.<\/p>\n<p> \t\u201cDall&#8217;analisi degli <strong>indicatori<\/strong> \u2013 ha illustrato il coordinatore del corso di laurea magistrale in scienza dello sport, dipartimento di area medica dell&#8217;Universit\u00e0 degli Studi di Udine, <strong>Stefano Lazzer \u2013<\/strong> si \u00e8 potuto riscontrare che la prevalenza di bambini sovrappeso \u00e8 diminuita dal 18% al 16% nelle femmine e dal 18% al 15% nei maschi;\u00a0la prevalenza di bambini obesi \u00e8 diminuita dall\u20198% al 6% nelle femmine e dal 7% al 5% nei maschi\u201d.\u00a0<\/p>\n<p> \tConsiderando per\u00f2 <strong>l\u2019attuale persistente problema dell&#8217;obesit\u00e0 infantile<\/strong>, che si registra anche in Friuli Venezia Giulia, aggravato in modo esponenziale dall\u2019emergenza pandemica, \u00e8 stato introdotto a integrazione dell\u201911esima edizione del M3S un <strong>progetto di educazione alimentare <\/strong>realizzato in collaborazione con la <strong>Fondazione Italiana Fegato Onlus <\/strong>e l<strong>\u2019IRCCS Burlo Garofalo di Trieste.<\/strong><\/p>\n<p> \t\u201cLo scopo principale che si pone il progetto \u2013 ha spiegato il presidente della Fondazione Italiana Fegato Onlus, <strong>Decio Ripandelli, <\/strong>presente anche il direttore scientifico, <strong>Claudio<\/strong> <strong>Tiribelli<\/strong> \u2013 \u00e8 quello di dare le giuste nozioni e stimoli affinch\u00e9 un\u2019abitudine alimentare sana possa essere adottata fin dalla pi\u00f9 tenera et\u00e0. L\u2019obiettivo dell\u2019<strong>approccio ludo-didattico <\/strong>che verr\u00e0 adottato (con la fornitura di alcuni giochi) \u00e8 quello di dare la possibilit\u00e0 ai bambini di imparare a prendere decisioni informate e sane che forniranno una solida base per il futuro.<br \/> \tUna buona dieta non significa solo perdere peso, ma anche mantenere il corpo sano e libero da malattie in et\u00e0 adulta, contribuendo cos\u00ec a influire positivamente su aspetti fisici, relazioni e anche sociali, riducendo il possibile impatto economico sulla spesa sanitaria (un trapianto di fegato pesa sul sistema sanitario per oltre 200mila euro a intervento\u201d.<\/p>\n<p> \tIl progetto di educazione alimentare \u00e8 stato realizzato dalla senior scientist della Fondazione Italiana Fegato, <strong>Natalia Rosso<\/strong>, con il coordinamento del direttore scientifico<strong> Claudio Tiribelli<\/strong> e dal Dipartimento di Pediatria dell\u2019IRCCS Burlo Garofolo da <strong>Grazia\u00a0Di Leo<\/strong>, responsabile struttura semplice dipartimentale di gastroenterologia e nutrizione pediatrica &#8211; Clinica Pediatrica Universit\u00e0 di Trieste, e da <strong>Chiara Zanchi<\/strong>, dirigente medico pediatra referente per la Nutrizione Clinica e per la Malattia Celiaca.<\/p>\n<p> \tSuddivisi nelle diverse aree regionali gli oltre 80 Istituti \u2013 9 a Gorizia, 39 a Udine, 11 a Trieste e 22 Pordenone \u2013 vedranno il coinvolgimento di 77 esperti aderenti al progetto M3S, coordinati per il CONI FVG dalla project manager\u00a0del progetto Movimento in 3S<strong>, Rita Malavolta,<\/strong> in base alle diverse azioni che, nella loro globalit\u00e0, hanno come unico scopo quello di promuovere l\u2019attivit\u00e0 ludico-motoria come proposta pedagogico-didattica.<\/p>\n<p> \t<strong>Il progetto M3S nella sua globalit\u00e0 inizier\u00e0 l\u20191 ottobre 2023<\/strong> e gli Istituti che vi aderiranno avranno l\u2019obbligo di prevedere due ore di attivit\u00e0 motoria alla settimana per classe coinvolta, delle quali la prima affidata al laureato in Scienze Motorie in affiancamento al docente e la seconda al docente medesimo. In alternativa la seconda ora potr\u00e0 essere dedicata alla realizzazione del progetto di educazione alimentare.<\/p>\n<p> \tPer l&#8217;anno scolastico 2023\/2024 ogni Istituto comprensivo potr\u00e0 partecipare al progetto con 12 classi dei primi 3 anni della scuola primaria di primo grado\u00a0e con\u00a02 classi dello stesso istituto dell\u2019ultimo anno della scuola dell\u2019infanzia per il periodo 01 ottobre &#8211; 22 dicembre 2023.\u00a0 La partecipazione al progetto da parte delle scuole \u00e8 consentita attraverso l\u2019adesione delle stesse al bando indetto dal Comitato Regionale CONI FVG.<\/p>\n<p> \tL\u2019abbinamento con gli Educatori Sportivi disponibili con gli Istituti Comprensivi aderenti\u00a0sar\u00e0 effettuato dal CONI FVG basandosi sulla scelta degli stessi in ordine di graduatoria nel rispetto dei numeri previsti, fino esaurimento della graduatoria stessa.\u00a0Nel caso in cui alcuni Istituti Comprensivi rimanessero esclusi dal progetto, causa mancanza di disponibilit\u00e0 degli educatori sportivi, che verr\u00e0 tempestivamente comunicato, questi potranno ugualmente partecipare al Progetto di educazione alimentare dal mese di ottobre al mese di dicembre 2023.<\/p>\n<p> \t\u00a0<\/p>\n","protected":false},"excerpt":{"rendered":"<p>Coinvolti oltre 80 istituti comprensivi del FVG. Introdotta un\u2019azione innovativa di educazione alimentare realizzata in collaborazione con la Fondazione Italiana Fegato e il Burlo<\/p>\n","protected":false},"author":28,"featured_media":50030,"comment_status":"closed","ping_status":"closed","sticky":false,"template":"","format":"standard","meta":{"dwc-title":[],"dwc-content":[],"footnotes":""},"categories":[5],"tags":[],"class_list":["post-50029","post","type-post","status-publish","format-standard","has-post-thumbnail","hentry","category-attualita"],"rttpg_featured_image_url":{"full":["https:\/\/imagazine.it\/wp-content\/uploads\/2024\/02\/54477-1.webp",1000,549,false],"landscape":["https:\/\/imagazine.it\/wp-content\/uploads\/2024\/02\/54477-1.webp",1000,549,false],"portraits":["https:\/\/imagazine.it\/wp-content\/uploads\/2024\/02\/54477-1.webp",1000,549,false],"thumbnail":["https:\/\/imagazine.it\/wp-content\/uploads\/2024\/02\/54477-1-150x150.webp",150,150,true],"medium":["https:\/\/imagazine.it\/wp-content\/uploads\/2024\/02\/54477-1-300x165.webp",300,165,true],"large":["https:\/\/imagazine.it\/wp-content\/uploads\/2024\/02\/54477-1.webp",640,351,false],"thumblist":["https:\/\/imagazine.it\/wp-content\/uploads\/2024\/02\/54477-1-300x300.webp",300,300,true],"thumbrelated":["https:\/\/imagazine.it\/wp-content\/uploads\/2024\/02\/54477-1-500x500.webp",500,500,true],"meccarouselthumb":["https:\/\/imagazine.it\/wp-content\/uploads\/2024\/02\/54477-1-474x324.webp",474,324,true],"gridsquare":["https:\/\/imagazine.it\/wp-content\/uploads\/2024\/02\/54477-1-391x260.webp",391,260,true],"tileview":["https:\/\/imagazine.it\/wp-content\/uploads\/2024\/02\/54477-1-300x400.webp",300,400,true],"1536x1536":["https:\/\/imagazine.it\/wp-content\/uploads\/2024\/02\/54477-1.webp",1000,549,false],"2048x2048":["https:\/\/imagazine.it\/wp-content\/uploads\/2024\/02\/54477-1.webp",1000,549,false],"newsup-slider-full":["https:\/\/imagazine.it\/wp-content\/uploads\/2024\/02\/54477-1.webp",1000,549,false],"newsup-featured":["https:\/\/imagazine.it\/wp-content\/uploads\/2024\/02\/54477-1.webp",1000,549,false],"newsup-medium":["https:\/\/imagazine.it\/wp-content\/uploads\/2024\/02\/54477-1-720x380.webp",720,380,true],"tptn_thumbnail":["https:\/\/imagazine.it\/wp-content\/uploads\/2024\/02\/54477-1.webp",250,137,false],"sow-carousel-default":["https:\/\/imagazine.it\/wp-content\/uploads\/2024\/02\/54477-1.webp",272,149,false]},"rttpg_author":{"display_name":"redazione","author_link":"https:\/\/imagazine.it\/home_desk\/author\/redazione\/"},"rttpg_comment":0,"rttpg_category":"<a href=\"https:\/\/imagazine.it\/home_desk\/category\/attualita\/\" rel=\"category tag\">ATTUALIT\u00c0<\/a>","rttpg_excerpt":"Coinvolti oltre 80 istituti comprensivi del FVG. Introdotta un\u2019azione innovativa di educazione alimentare realizzata in collaborazione con la Fondazione Italiana Fegato e il Burlo","_links":{"self":[{"href":"https:\/\/imagazine.it\/home_desk\/wp-json\/wp\/v2\/posts\/50029","targetHints":{"allow":["GET"]}}],"collection":[{"href":"https:\/\/imagazine.it\/home_desk\/wp-json\/wp\/v2\/posts"}],"about":[{"href":"https:\/\/imagazine.it\/home_desk\/wp-json\/wp\/v2\/types\/post"}],"author":[{"embeddable":true,"href":"https:\/\/imagazine.it\/home_desk\/wp-json\/wp\/v2\/users\/28"}],"replies":[{"embeddable":true,"href":"https:\/\/imagazine.it\/home_desk\/wp-json\/wp\/v2\/comments?post=50029"}],"version-history":[{"count":0,"href":"https:\/\/imagazine.it\/home_desk\/wp-json\/wp\/v2\/posts\/50029\/revisions"}],"wp:featuredmedia":[{"embeddable":true,"href":"https:\/\/imagazine.it\/home_desk\/wp-json\/wp\/v2\/media\/50030"}],"wp:attachment":[{"href":"https:\/\/imagazine.it\/home_desk\/wp-json\/wp\/v2\/media?parent=50029"}],"wp:term":[{"taxonomy":"category","embeddable":true,"href":"https:\/\/imagazine.it\/home_desk\/wp-json\/wp\/v2\/categories?post=50029"},{"taxonomy":"post_tag","embeddable":true,"href":"https:\/\/imagazine.it\/home_desk\/wp-json\/wp\/v2\/tags?post=50029"}],"curies":[{"name":"wp","href":"https:\/\/api.w.org\/{rel}","templated":true}]}}