{"id":50027,"date":"2023-09-25T00:00:00","date_gmt":"2023-09-24T22:00:00","guid":{"rendered":"https:\/\/imagazine.it\/la-storia-dellabitare-in-scena-a-udine\/"},"modified":"2023-09-25T00:00:00","modified_gmt":"2023-09-24T22:00:00","slug":"la-storia-dellabitare-in-scena-a-udine","status":"publish","type":"post","link":"https:\/\/imagazine.it\/home_desk\/la-storia-dellabitare-in-scena-a-udine\/","title":{"rendered":"La storia dell&#8217;abitare in scena a Udine"},"content":{"rendered":"<p> \tUDINE \u2013 Presentata oggi alla stampa <strong>Casa Moderna 70<\/strong>.<\/p>\n<p> \tNella casa delle categorie economiche \u00e8 stato il presidente di Udine e Gorizia Fiere, <strong>Antonio Di Piazza, <\/strong>ripercorrendo le tappe storiche della manifestazione, che ha rappresentato l\u2019evoluzione della casa e dell\u2019abitare dando il via all\u2019attivit\u00e0 fieristica in Friuli Venezia Giulia.<\/p>\n<p> \t\u00abCasa Moderna \u2013 ha precisato Di Piazza \u2013 non si \u00e8 mai fermata o arresa: l\u2019unica eccezione nel 1966 quando, per indisponibilit\u00e0 di spazi nella Udine di quel tempo, non venne realizzata e per questo \u00e8 corretto parlare di 70 edizioni e non di 70 anni.\u00a0 Nemmeno gli anni terribili del Covid hanno impedito lo svolgimento della manifestazione che, non senza difficolt\u00e0 e apprensioni, \u00e8 stata l\u2019unica fiera del settore in Italia a svolgersi ugualmente sperimentando anche una sezione digitale. Nel 2003, in occasione del 50\u00b0, CASA MODERNA ha visto la trasformazione dell\u2019Ente in SpA. Oggi Udine e Gorizia Fiere si pone sulla mutata realt\u00e0 esterna con il nuovo assetto voluto dall\u2019Assemblea dei Soci nell\u2019aprile 2022: il Campus Multifunzionale, piattaforma del Friuli centrale a disposizione delle istituzioni, delle imprese e delle persone per ridisegnare il nuovo assetto di sviluppo della Fiera a servizio di Udine e del Friuli Venezia Giulia\u00bb.<\/p>\n<p> \tNel quartiere\/campus, interessato in questi ultimi anni da diversi interventi di riqualificazione con finanziamenti regionali, si stanno ultimando i lavori per la realizzazione del nuovo piazzale d\u2019ingresso, opera che sar\u00e0 portata a termine proprio per <strong>l\u2019inaugurazione di CASA MODERNA 70, <\/strong>fissata<strong> sabato 30 settembre<\/strong>, alle ore 11.30, alla presenza del presidente della Regione FVG<strong> Massimiliano Fedriga<\/strong>.<\/p>\n<p> \tA sottolineare che sono stati gli artigiani con Diego Di Natale a gettare il seme di Casa Moderna \u00e8 intervenuto <strong>Graziano Tilatti<\/strong>, presidente di Confartigianato Udine che, con CATA FVG (Centro di Assistenza Tecnica per le imprese Artigiane) e CNA FVG (Confederazione Nazionale dell&#8217;artigianato e della Piccola e Media Impresa), espongono in forma collettiva le aziende regionali che operano nel sistema casa: camere, complementi d\u2019arredo, cucine componibili, mobili in stile e su misura, sistemi di riscaldamento, serramenti e molto altro per un viaggio alla scoperta delle lavorazioni del territorio, tra tradizione e innovazione.<\/p>\n<p> \tAlla presentazione odierna \u00e8 intervenuta anche <strong>Alberta Gervasio<\/strong>, presidente di CiviBank Societ\u00e0 Benefit, main sponsor di Casa Moderna.<\/p>\n<p> \tAnche per questa speciale edizione, caratterizzata dal <em>claim<\/em> <strong>\u201cda 70 anni abitiamo il futuro\u201d<\/strong>, Casa Moderna \u00e8 pronta a captare e soddisfare le esigenze imprenditoriali del settore casa-arredo-design-sostenibilit\u00e0 e le aspettative della domanda. L\u2019esposizione si sviluppa nei padiglioni 5,6,7,8 e nelle aree esterne con la partecipazione di <strong>150 espositori diretti<\/strong>: molti di loro amplificano l\u2019elenco delle aziende con le case rappresentate che fanno salire a <strong>300 i marchi esposti in fiera<\/strong><\/p>\n<p> \tL\u2019offerta di quest\u2019anno si articola in oltre 140 voci merceologiche. \u00a0<\/p>\n<p> \t\u00a0<\/p>\n<p> \t<strong>GLI EVENTI PER CELEBRARE IL 70\u00b0 <\/strong><\/p>\n<p> \t<strong>\u201cCasa Moderna, since 1953: <\/strong><strong>itinerario espositivo tratto da una sintesi della Mostra, realizzata da ERPAC FVG nel Museo di Gorizia-Palazzo Attems, \u00a0ITALIA CINQUANTA \u2013 Moda e design \u2013 Nascita di uno stile\u201d<\/strong>\u00a0 &#8211; Padiglione 8<\/p>\n<p> \t<strong>\u201cIl mito dell\u2019Italian Style prese corpo 70 anni fa<\/strong>, negli anni \u201950, quando l\u2019Italia, reduce dalle ferite della guerra, scelse di aggredire il futuro. Presto sarebbe arrivato il cosiddetto \u201cMiracolo italiano\u201d, con le sue grandezze e fragilit\u00e0, ma quel mito non si \u00e8 mai offuscato, qualificandosi progressivamente sino ad imporsi come il plus del nostro Paese nei settori pi\u00f9 diversi\u201d.\u00a0<\/p>\n<p> \tArrivano dalla grande e raffinata esposizione <strong>\u201cItalia Cinquanta. Moda e design. Nascita di uno stile\u201d<\/strong> (curata da Carla Cerutti, Enrico Minio Capucci e Raffaella Sgubin per la mostra conclusasi a fine agosto a Gorizia) alcuni degli oggetti che il visitatore di CASA MODERNA pu\u00f2 ammirare al padiglione 8 ripercorrendo quel momento storico alla luce di due specifiche componenti: la moda e il design, comprendendo in quest\u2019ultimo anche la tradizione delle arti applicate, punto di forza della produzione italiana, pi\u00f9 artigianale in epoche passate. Gli anni Cinquanta segnano un periodo di rinascita economica e culturale, di grande fecondit\u00e0 sia dal punto di vista industriale che artistico e artigianale, momento aurorale del design italiano che sarebbe divenuto celebre come \u201cMade in Italy\u201d.<\/p>\n<p> \t<strong>Tra gli oggetti esposti a CASA MODERNA spiccano la mitica Borsa Bamboo dei primissimi anni \u201850 firmata Gucci e la gloriosa Lancia Aurelia del 1956.<\/strong><\/p>\n<p> \tSul ledwall del padiglione 8 scorrono delle bellissime immagini in bianco e nero degli anni Cinquanta di Casa Moderna e della Udine di quel tempo.<\/p>\n<p> \t<strong>\u201cDENTRO LA NATURA SELVAGGIA DI GIANNI BORTA \u2013 UN\u2019ESPERIENZA IMMERSIVA\u201d &#8211; <\/strong>Padiglione 6<\/p>\n<p> \tL&#8217;arte ha il potere di toccare le corde pi\u00f9 profonde del nostro essere, di evocare emozioni e riflessioni. Le esperienze immersive e interattive con i quadri di un artista aprono le porte a un mondo affascinante in cui l&#8217;arte non risiede pi\u00f9 su una tela statica, ma diventa un&#8217;opera in continua evoluzione che coinvolge i sensi e l&#8217;immaginazione in modi straordinari.<\/p>\n<p> \t\u00c8 questo ci\u00f2 che accadr\u00e0 in <strong>\u201cDentro la natura selvaggia di Gianni Borta \u2013 Un\u2019esperienza immersiva\u201d, <\/strong>la mostra interattiva organizzata con il Maestro Gianni Borta e frutto della collaborazione con lo Studio 4DODO, realt\u00e0 specializzata in allestimenti immersivi multimediali. Questa innovativa esperienza sfrutter\u00e0 la tecnologia multimediale della videoproiezione, dell\u2019audio e dell\u2019interattivit\u00e0 per portarci all\u2019interno delle opere del Maestro, amplificando il potere della sua arte di comunicare, il suo gesto pittorico, i suoi colori e il significato pi\u00f9 profondo del suo modo di osservare e rappresentare il mondo della natura.<\/p>\n<p> \t<strong>L\u2019esperienza del visitatore sar\u00e0 articolata in due momenti: <\/strong><strong>nella prima parte<\/strong> l\u2019intelligenza alla base del sistema multimediale programmata da 4DODO, sceglier\u00e0 una tra le 60 opere dell\u2019artista, rendendo ogni esperienza di visione unica e diversa a seconda del momento. Dopo un primo contatto virtuale con l\u2019opera, il visitatore verr\u00e0 immerso all\u2019interno di essa ammirandone i dettagli grazie ad uno \u201czoom virtuale\u201d, gestito in tempo reale dai computer del sistema tecnologico che andr\u00e0 alla ricerca dei particolari esaltando il potere del colore. <strong>Il secondo momento<\/strong> \u00e8 quello totalmente immersivo e interattivo che ci trasformer\u00e0 in artisti catturando virtualmente i nostri movimenti che mescoleranno tra di loro le particelle virtuali del colore dell\u2019opera del Maestro. A completare l\u2019immersione nelle opere di Gianni Borta, il <strong>tappeto musicale<\/strong> composto per l\u2019esperienza immersiva ci accompagner\u00e0 tra melodie al pianoforte e suoni ambientali.<\/p>\n<p> \tBorta rende omaggio con i suoi girasoli, ai girasoli della pittrice Maria Prymachenko, coetanea e amica di Picasso. Le due tecniche sono molte diverse: un espressionismo-informale quello del maestro friulano a fronte di una tecnica (quella dell&#8217;ucraina) che assorbe la tradizione ortodossa \u2013 slava, ma entrambi contenenti un messaggio di solidariet\u00e0 e speranza.\u00a0 E&#8217; bene ricordare che il rapporto tra Gianni Borta e CASA MODERNA ha radici lontane. Nel 1967 partecip\u00f2 alla rassegna collaterale denominata \u201cAccordo d&#8217;arte\u201d che prevedeva un ambientazione tra quadro e mobile. Una vera novit\u00e0 perch\u00e9 le opere di Borta si \u201cconfrontavano\u201d con i prodotti della ditta Vattolo che presentava la famosa lampada ad arco della Flos.<\/p>\n<p> \t<strong>SETTE DECENNI DI MUSICA. L\u2019APERITIVO IN FIERA <\/strong>&#8211; Padiglione 5<\/p>\n<p> \t<strong>Ripercorriamo i 70 anni della Fiera, diventata oramai un\u2019icona, con la musica e le Hit che hanno contraddistinto i decenni che si sono susseguiti, dalla nascita negli anni \u201950 ad oggi.<\/strong> E\u2019 un <strong>\u201cviaggio\u201d sonoro ed emozionale<\/strong> capace di far cogliere ed apprezzare i cambiamenti di stile che anche nella musica, cos\u00ec come nella moda e nel Life style, hanno caratterizzato l\u2019evoluzione della casa e dell\u2019arredamento.<\/p>\n<p> \t<strong>Da domenica 1 a sabato 7 ottobre, dalle 18.00 alle ore 19.30<\/strong>, nello spazio allestito al padiglione 5 ci si potr\u00e0 incontrare per l\u2019aperitivo che sar\u00e0 accompagnato da un Dj-Set, ogni sera diverso. Come una linea del tempo che scorre tra gli avvenimenti, sar\u00e0 proposto un \u201cDecennio\u201d di musica internazionale e italiana &#8211; quella pi\u00f9 conosciuta &#8211;\u00a0 partendo dalla prima sera, dedicata agli anni \u201950 per arrivare all\u2019ultima serata con la musica di oggi. Le serate musicali sono curate da Renato e Carlo Pontoni del Ceghedaccio.<\/p>\n<p> \t<strong>I CONVEGNI E GLI INCONTRI DI CASA MODERNA<\/strong><\/p>\n<p> \t<strong>In sintesi alcuni degli appuntamenti in agenda <\/strong>(programma in aggiornamento)<\/p>\n<p> \t\u00a0<\/p>\n<p> \t\u00a0<\/p>\n<p> \t<strong>WUNDER WOOD &#8211; PRESENTAZIONE CONCORSO<\/strong><\/p>\n<p> \t<strong>Marted\u00ec 3 ottobre 2023 &#8211;\u00a0 ore 17.30\/18.30 &#8211; sala eventi padiglione 8<\/strong><\/p>\n<p> \tA cura di CNA &#8211; Confartigianato<\/p>\n<p> \t\u00a0<\/p>\n<p> \t\u00a0<\/p>\n<p> \t<strong>DALLA VMC ALLA VENTILAZIONE CLIMATICA<\/strong><\/p>\n<p> \t<strong>Mercoled\u00ec 4 ottobre 2023 &#8211; ore 14.45 &#8211; sala eventi padiglione 8<\/strong><\/p>\n<p> \tSeminario organizzato da Confartigianato Imprese Udine in collaborazione con Zehnder Group Italia Srl. Incontro gratuito, aperto e tutti gli interessati fino al raggiungimento dei posti disponibili, previa registrazione online su <u><a href=\"http:\/\/www.confartigianatoudine.com\" target=\"_blank\" rel=\"noopener\"><span style=\"color:#0000cd;\">www.confartigianatoudine.com<\/span><\/a><\/u>\u00a0 sezione Servizi>Formazione.<\/p>\n<p> \t\u00a0<\/p>\n<p> \t\u00a0<\/p>\n<p> \t<strong>IL PREVENTIVO E IL PREVENTIVO A MISURA: GLI ERRORI DA EVITARE<\/strong><\/p>\n<p> \t<strong>Gioved\u00ec 5 ottobre 2023 &#8211; ore 17.00 &#8211; sala eventi padiglione 8<\/strong><\/p>\n<p> \tSeminario organizzato da Confartigianato Imprese Udine, CATA Artigianato FVG e Regione FVG. Incontro gratuito, aperto e tutti gli interessati fino al raggiungimento dei posti disponibili, previa registrazione online su \u00a0<u><a href=\"https:\/\/form.jotform.com\/232562259359363\" target=\"_blank\" rel=\"noopener\"><span style=\"color:#0000cd;\">https:\/\/form.jotform.com\/232562259359363<\/span><\/a><\/u><\/p>\n<p> \t\u00a0<\/p>\n<p> \t<strong>SOSTENIBILITA\u2019 E IL CODICE EDILIZIA. COME REALIZZARE EDIFICI SANI<\/strong><\/p>\n<p> \t<strong>Venerd\u00ec 6 ottobre 2023 &#8211; ore 14.30 &#8211; sala bianca, primo piano ingresso ovest<\/strong><\/p>\n<p> \tConvegno organizzato da &#038; Co. Energie Condivise e Federazione Regionale Ordini Architetti del FVG. Incontro gratuito, con crediti formativi,<\/p>\n<p> \tMaggiori info e iscirzioni entro il 5\/10 su <a href=\"mailto:eventi@energiecondivise.eu\">eventi@energiecondivise.eu<\/a><\/p>\n<p> \t\u00a0<\/p>\n<p> \t<strong>GARA DI ABILITA\u2019, PROFESSIONALITA\u2019 E SICUREZZA<\/strong><\/p>\n<p> \t<strong>Sabato 7 ottobre 2023 &#8211; orario fiera &#8211; stand CEFS padiglione 6<\/strong><\/p>\n<p> \tIniziativa riservata a conduttori di Gru e Macchine Movimento Terra, con l\u2019utilizzo del simulatore Vortex Edge.<\/p>\n<p> \t\u00a0<\/p>\n<p> \t<strong>SELEZIONE REGIONALE \u201cEDILTROPHY 2023\u201d<\/strong><\/p>\n<p> \t<strong>Sabato 7 ottobre 2023 &#8211; orario fiera &#8211; stand CEFS padiglione 6<\/strong><\/p>\n<p> \tGara di arte muraria finalizzata alla promozione settoriale del lavorare bene e del lavorare in sicurezza. La Finale nazionale, per i primi classificati, si svolger\u00e0 al SAIE di Bari sabato 21 ottobre 2023.<\/p>\n<p> \t\u00a0<\/p>\n<p> \t<strong>GARA DI ABILITA\u2019, PROFESSIONALITA\u2019 E SICUREZZA<\/strong><\/p>\n<p> \t<strong>Domenica 8 ottobre 2023 &#8211; orario fiera &#8211; stand CEFS padiglione 6<\/strong><\/p>\n<p> \tIniziativa riservata a conduttori di Gru e Macchine Movimento Terra, con l\u2019utilizzo del simulatore Vortex Edge.<\/p>\n<p> \t\u00a0<\/p>\n<p> \t<strong>\u201cIl Gruista virtuale dell\u2019anno 2023\u201d e \u201cL\u2019 Escavatorista virtuale dell\u2019anno 2023\u201d <\/strong><\/p>\n<p> \t<strong>Domenica 8 ottobre 2023 &#8211; orario fiera &#8211; stand CEFS padiglione 6<\/strong><\/p>\n<p> \tProclamazione ed assegnazione del titolo e del premio ai finalisti.<\/p>\n<p> \t<strong>L\u2019edilizia e la sicurezza nei cantieri sono protagonista in Fiera nello stand del<\/strong> <strong>CEFS, Centro Edile per la Formazione e Sicurezza di Udine, al padiglione 6<\/strong>, pensato soprattutto per coinvolgere i giovani e fare loro conoscere le opportunit\u00e0 di un settore, quello dell\u2019edilizia, che, forte come non mai di investimenti e di risorse, \u00e8 alla costante ricerca di tecnici e maestranze&#8230;<\/p>\n<p> \t\u00a0<\/p>\n<p> \t<strong>La promozione ingresso gratuito<\/strong><\/p>\n<p> \tPer visitare gli stand di Casa Moderna e prendere parte agli <strong>eventi gratuiti<\/strong> in programma ci sono nove giornate: da sabato 30 settembre a domenica 8 ottobre e <strong>anche l\u2019ingresso \u00e8 all\u2019insegna del risparmio e della convenienza<\/strong>: <strong>da luned\u00ec a venerd\u00ec<\/strong> <strong>l\u2019ingresso e gratuito<\/strong> e non serve la pre-registrazione, mentre <strong>il sabato e la domenica si potr\u00e0 visitare gli stand a soli 3 euro anzich\u00e9 7 con una semplice e veloce registrazione online su <\/strong><u><a href=\"http:\/\/www.promocasamoderna.it\" target=\"_blank\" rel=\"noopener\"><span style=\"color:#0000cd;\"><strong>www.promocasamoderna.it<\/strong><\/span><\/a><\/u>.<\/p>\n<p> \t\u00a0<\/p>\n<p> \t<strong>Orari e info utili<\/strong><\/p>\n<p> \tSabato e domenica 10.00 \u2013 20.00<\/p>\n<p> \tDa luned\u00ec a venerd\u00ec 14.30 \u2013 20.00<\/p>\n<p> \tAccesso in Fiera da ingresso OVEST<\/p>\n<p> \t\u00a0<\/p>\n<p> \t<strong>Da luned\u00ec a venerd\u00ec INGRESSO GRATUITO <\/strong>(senza pre-registrazione)<\/p>\n<p> \tSabato e domenica:<\/p>\n<p> \tIngresso intero \u20ac 7,00\u00a0\u00a0<\/p>\n<p> \tIngresso ridotto \u20ac 5,00<\/p>\n<p> \tINGRESSO PROMO \u20ac 3,00 con pre-registrazione su <u><a href=\"http:\/\/www.promocasamoderna.it\" target=\"_blank\" rel=\"noopener\"><span style=\"color:#0000cd;\">www.promocasamoderna.it<\/span><\/a><\/u><\/p>\n<p> \tSabato e domenica hanno diritto al biglietto ridotto (\u20ac 5,00) senza pre-registrazione gli OVER 65 e i minori dai 14 ai 18 anni non compiuti.\u00a0 Ingresso omaggio da 0 a 13 anni.<\/p>\n","protected":false},"excerpt":{"rendered":"<p>Dal 30 settembre all&#8217;8 ottobre 150 espositori per 300 marchi rappresentati in occasione dei 70 anni della manifestazione. Previsti mostre, percorsi, suggestioni ed esperienze immersive<\/p>\n","protected":false},"author":28,"featured_media":50028,"comment_status":"closed","ping_status":"closed","sticky":false,"template":"","format":"standard","meta":{"dwc-title":[],"dwc-content":[],"footnotes":""},"categories":[5],"tags":[],"class_list":["post-50027","post","type-post","status-publish","format-standard","has-post-thumbnail","hentry","category-attualita"],"rttpg_featured_image_url":{"full":["https:\/\/imagazine.it\/wp-content\/uploads\/2024\/02\/54475-1.webp",1000,751,false],"landscape":["https:\/\/imagazine.it\/wp-content\/uploads\/2024\/02\/54475-1.webp",1000,751,false],"portraits":["https:\/\/imagazine.it\/wp-content\/uploads\/2024\/02\/54475-1.webp",1000,751,false],"thumbnail":["https:\/\/imagazine.it\/wp-content\/uploads\/2024\/02\/54475-1-150x150.webp",150,150,true],"medium":["https:\/\/imagazine.it\/wp-content\/uploads\/2024\/02\/54475-1-300x225.webp",300,225,true],"large":["https:\/\/imagazine.it\/wp-content\/uploads\/2024\/02\/54475-1.webp",640,481,false],"thumblist":["https:\/\/imagazine.it\/wp-content\/uploads\/2024\/02\/54475-1-300x300.webp",300,300,true],"thumbrelated":["https:\/\/imagazine.it\/wp-content\/uploads\/2024\/02\/54475-1-500x500.webp",500,500,true],"meccarouselthumb":["https:\/\/imagazine.it\/wp-content\/uploads\/2024\/02\/54475-1-474x324.webp",474,324,true],"gridsquare":["https:\/\/imagazine.it\/wp-content\/uploads\/2024\/02\/54475-1-391x260.webp",391,260,true],"tileview":["https:\/\/imagazine.it\/wp-content\/uploads\/2024\/02\/54475-1-300x400.webp",300,400,true],"1536x1536":["https:\/\/imagazine.it\/wp-content\/uploads\/2024\/02\/54475-1.webp",1000,751,false],"2048x2048":["https:\/\/imagazine.it\/wp-content\/uploads\/2024\/02\/54475-1.webp",1000,751,false],"newsup-slider-full":["https:\/\/imagazine.it\/wp-content\/uploads\/2024\/02\/54475-1-1000x720.webp",1000,720,true],"newsup-featured":["https:\/\/imagazine.it\/wp-content\/uploads\/2024\/02\/54475-1.webp",1000,751,false],"newsup-medium":["https:\/\/imagazine.it\/wp-content\/uploads\/2024\/02\/54475-1-720x380.webp",720,380,true],"tptn_thumbnail":["https:\/\/imagazine.it\/wp-content\/uploads\/2024\/02\/54475-1.webp",250,188,false],"sow-carousel-default":["https:\/\/imagazine.it\/wp-content\/uploads\/2024\/02\/54475-1.webp",242,182,false]},"rttpg_author":{"display_name":"redazione","author_link":"https:\/\/imagazine.it\/home_desk\/author\/redazione\/"},"rttpg_comment":0,"rttpg_category":"<a href=\"https:\/\/imagazine.it\/home_desk\/category\/attualita\/\" rel=\"category tag\">ATTUALIT\u00c0<\/a>","rttpg_excerpt":"Dal 30 settembre all'8 ottobre 150 espositori per 300 marchi rappresentati in occasione dei 70 anni della manifestazione. Previsti mostre, percorsi, suggestioni ed esperienze immersive","_links":{"self":[{"href":"https:\/\/imagazine.it\/home_desk\/wp-json\/wp\/v2\/posts\/50027","targetHints":{"allow":["GET"]}}],"collection":[{"href":"https:\/\/imagazine.it\/home_desk\/wp-json\/wp\/v2\/posts"}],"about":[{"href":"https:\/\/imagazine.it\/home_desk\/wp-json\/wp\/v2\/types\/post"}],"author":[{"embeddable":true,"href":"https:\/\/imagazine.it\/home_desk\/wp-json\/wp\/v2\/users\/28"}],"replies":[{"embeddable":true,"href":"https:\/\/imagazine.it\/home_desk\/wp-json\/wp\/v2\/comments?post=50027"}],"version-history":[{"count":0,"href":"https:\/\/imagazine.it\/home_desk\/wp-json\/wp\/v2\/posts\/50027\/revisions"}],"wp:featuredmedia":[{"embeddable":true,"href":"https:\/\/imagazine.it\/home_desk\/wp-json\/wp\/v2\/media\/50028"}],"wp:attachment":[{"href":"https:\/\/imagazine.it\/home_desk\/wp-json\/wp\/v2\/media?parent=50027"}],"wp:term":[{"taxonomy":"category","embeddable":true,"href":"https:\/\/imagazine.it\/home_desk\/wp-json\/wp\/v2\/categories?post=50027"},{"taxonomy":"post_tag","embeddable":true,"href":"https:\/\/imagazine.it\/home_desk\/wp-json\/wp\/v2\/tags?post=50027"}],"curies":[{"name":"wp","href":"https:\/\/api.w.org\/{rel}","templated":true}]}}