{"id":50017,"date":"2023-09-22T00:00:00","date_gmt":"2023-09-21T22:00:00","guid":{"rendered":"https:\/\/imagazine.it\/da-ruda-a-lourdes-gli-angeli-dei-pellegrini\/"},"modified":"2023-09-22T00:00:00","modified_gmt":"2023-09-21T22:00:00","slug":"da-ruda-a-lourdes-gli-angeli-dei-pellegrini","status":"publish","type":"post","link":"https:\/\/imagazine.it\/home_desk\/da-ruda-a-lourdes-gli-angeli-dei-pellegrini\/","title":{"rendered":"Da Ruda a Lourdes, gli angeli dei pellegrini"},"content":{"rendered":"<p> \tRUDA \u2013 Presso la sede di <strong>hospitalitefvg.it<\/strong>, in <strong>via Aquileia a Ruda<\/strong>, si \u00e8 tenuto un incontro al quale hanno partecipato le 12 persone che dal 13 al 20 ottobre 2023 presteranno servizio di volontariato a Lourdes, presso l\u2019Hospitalite Notre Dame de Lourdes.<\/p>\n<p> \tLa serata si \u00e8 sviluppata con la presentazione dei partecipanti e il discorso di benvenuto da parte del presidente <strong>Roberto Guatto<\/strong>, che ha ringraziato le persone per aver accettato di condividere l&#8217;idea e l\u2019azione dell\u2019associazione e per il servizio che stanno per compiere, per \u201ccondividere un servizio a 360 gradi per i pellegrini che arrivano a Lourdes\u201d.<\/p>\n<p> \tL\u2019associazione accoglie pellegrini e ammalati nel santuario, negli ospedali, in aeroporto, in stazione, affinch\u00e9 il loro pellegrinaggio si svolga nei modi migliori, in tranquillit\u00e0 e serenit\u00e0.<\/p>\n<p> \t<strong>Don Mauro Belletti<\/strong> ha tracciato una riflessione sul tema pastorale di Lourdes per il 2023, mentre <strong>Nicole Pugliese<\/strong>, vice presidente e responsabile femminile dello stage, ha illustrato i vari servizi che si possono svolgere a Lourdes, la scuola di stage alle quale parteciperanno e l\u2019abbigliamento e il comportamento da osservare a Lourdes. La serata \u00e8 stata anche motivo di conoscenza fra i vari partecipanti.<\/p>\n<p> \tPer chi vuole provare quest\u2019esperienza c\u2019\u00e8 ancora la possibilit\u00e0 di iscriversi scrivendo a: <a href=\"mailto:info@hospitalitefvg.it\">info@hospitalitefvg.it<\/a>.<\/p>\n<p> \t\u00a0<\/p>\n","protected":false},"excerpt":{"rendered":"<p>I volontari che accompagneranno fedeli e ammalati nel pellegrinaggio in Francia si sono ritrovati per convidere i dettagli dell&#8217;esperienza annuale<\/p>\n","protected":false},"author":22,"featured_media":50018,"comment_status":"closed","ping_status":"closed","sticky":false,"template":"","format":"standard","meta":{"dwc-title":[],"dwc-content":[],"footnotes":""},"categories":[5],"tags":[],"class_list":["post-50017","post","type-post","status-publish","format-standard","has-post-thumbnail","hentry","category-attualita"],"rttpg_featured_image_url":{"full":["https:\/\/imagazine.it\/wp-content\/uploads\/2024\/02\/54464-1.webp",1000,750,false],"landscape":["https:\/\/imagazine.it\/wp-content\/uploads\/2024\/02\/54464-1.webp",1000,750,false],"portraits":["https:\/\/imagazine.it\/wp-content\/uploads\/2024\/02\/54464-1.webp",1000,750,false],"thumbnail":["https:\/\/imagazine.it\/wp-content\/uploads\/2024\/02\/54464-1-150x150.webp",150,150,true],"medium":["https:\/\/imagazine.it\/wp-content\/uploads\/2024\/02\/54464-1-300x225.webp",300,225,true],"large":["https:\/\/imagazine.it\/wp-content\/uploads\/2024\/02\/54464-1.webp",640,480,false],"thumblist":["https:\/\/imagazine.it\/wp-content\/uploads\/2024\/02\/54464-1-300x300.webp",300,300,true],"thumbrelated":["https:\/\/imagazine.it\/wp-content\/uploads\/2024\/02\/54464-1-500x500.webp",500,500,true],"meccarouselthumb":["https:\/\/imagazine.it\/wp-content\/uploads\/2024\/02\/54464-1-474x324.webp",474,324,true],"gridsquare":["https:\/\/imagazine.it\/wp-content\/uploads\/2024\/02\/54464-1-391x260.webp",391,260,true],"tileview":["https:\/\/imagazine.it\/wp-content\/uploads\/2024\/02\/54464-1-300x400.webp",300,400,true],"1536x1536":["https:\/\/imagazine.it\/wp-content\/uploads\/2024\/02\/54464-1.webp",1000,750,false],"2048x2048":["https:\/\/imagazine.it\/wp-content\/uploads\/2024\/02\/54464-1.webp",1000,750,false],"newsup-slider-full":["https:\/\/imagazine.it\/wp-content\/uploads\/2024\/02\/54464-1-1000x720.webp",1000,720,true],"newsup-featured":["https:\/\/imagazine.it\/wp-content\/uploads\/2024\/02\/54464-1.webp",1000,750,false],"newsup-medium":["https:\/\/imagazine.it\/wp-content\/uploads\/2024\/02\/54464-1-720x380.webp",720,380,true],"tptn_thumbnail":["https:\/\/imagazine.it\/wp-content\/uploads\/2024\/02\/54464-1.webp",250,188,false],"sow-carousel-default":["https:\/\/imagazine.it\/wp-content\/uploads\/2024\/02\/54464-1.webp",243,182,false]},"rttpg_author":{"display_name":"Livio Nonis","author_link":"https:\/\/imagazine.it\/home_desk\/author\/nonis\/"},"rttpg_comment":0,"rttpg_category":"<a href=\"https:\/\/imagazine.it\/home_desk\/category\/attualita\/\" rel=\"category tag\">ATTUALIT\u00c0<\/a>","rttpg_excerpt":"I volontari che accompagneranno fedeli e ammalati nel pellegrinaggio in Francia si sono ritrovati per convidere i dettagli dell'esperienza annuale","_links":{"self":[{"href":"https:\/\/imagazine.it\/home_desk\/wp-json\/wp\/v2\/posts\/50017","targetHints":{"allow":["GET"]}}],"collection":[{"href":"https:\/\/imagazine.it\/home_desk\/wp-json\/wp\/v2\/posts"}],"about":[{"href":"https:\/\/imagazine.it\/home_desk\/wp-json\/wp\/v2\/types\/post"}],"author":[{"embeddable":true,"href":"https:\/\/imagazine.it\/home_desk\/wp-json\/wp\/v2\/users\/22"}],"replies":[{"embeddable":true,"href":"https:\/\/imagazine.it\/home_desk\/wp-json\/wp\/v2\/comments?post=50017"}],"version-history":[{"count":0,"href":"https:\/\/imagazine.it\/home_desk\/wp-json\/wp\/v2\/posts\/50017\/revisions"}],"wp:featuredmedia":[{"embeddable":true,"href":"https:\/\/imagazine.it\/home_desk\/wp-json\/wp\/v2\/media\/50018"}],"wp:attachment":[{"href":"https:\/\/imagazine.it\/home_desk\/wp-json\/wp\/v2\/media?parent=50017"}],"wp:term":[{"taxonomy":"category","embeddable":true,"href":"https:\/\/imagazine.it\/home_desk\/wp-json\/wp\/v2\/categories?post=50017"},{"taxonomy":"post_tag","embeddable":true,"href":"https:\/\/imagazine.it\/home_desk\/wp-json\/wp\/v2\/tags?post=50017"}],"curies":[{"name":"wp","href":"https:\/\/api.w.org\/{rel}","templated":true}]}}