{"id":50013,"date":"2023-09-22T00:00:00","date_gmt":"2023-09-21T22:00:00","guid":{"rendered":"https:\/\/imagazine.it\/sviluppo-rurale-e-della-montagna-delegazione-del-marocco-a-udine\/"},"modified":"2023-09-22T00:00:00","modified_gmt":"2023-09-21T22:00:00","slug":"sviluppo-rurale-e-della-montagna-delegazione-del-marocco-a-udine","status":"publish","type":"post","link":"https:\/\/imagazine.it\/home_desk\/sviluppo-rurale-e-della-montagna-delegazione-del-marocco-a-udine\/","title":{"rendered":"Sviluppo rurale e della montagna: delegazione del Marocco a Udine"},"content":{"rendered":"<p> \tUDINE \u2013 Un confronto e una condivisione delle esperienze sulla ricerca delle migliori strategie per lo sviluppo del territorio rurale e delle aree montane.<\/p>\n<p> \tQuesto il tema al centro della <strong>visita di una delegazione di funzionari e tecnici del Regno del Marocco all\u2019Universit\u00e0 di Udine<\/strong>, dove hanno incontrato docenti esperti sui problemi della montagna del Dipartimento di Scienze agroalimentari, ambientali e animali.<\/p>\n<p> \tLa delegazione era composta da 12 dirigenti del Ministero dell\u2019agricoltura del Paese nordafricano e degli assessorati dell\u2019agricoltura delle regioni B\u00e9ni Mellal &#8211; Kh\u00e9nifra e Oriental, guidata dal capo del servizio di partenariato, Elbezzaz Nahid.<\/p>\n<p> \tSono stati analizzati alcuni progetti di ricerca e programmi di formazione del Dipartimento, inseriti nel contesto delle attivit\u00e0 dell\u2019Ateneo friulano nell\u2019ambito del sistema della ricerca in regione. In particolare, sono stati discussi i temi: della gestione forestale nelle propriet\u00e0 private del Friuli Venezia Giulia, della gestione e conservazione della fauna selvatica per lo sviluppo sostenibile della montagna, del sostegno del comparto zootecnico montano, dello sviluppo della didattica e ricerca per lo sviluppo multifunzionale e integrato della montagna, di nuovi modelli di sviluppo nell\u2019interdipendenza uomo-animale-ambiente.<\/p>\n<p> \tL\u2019incontro \u00e8 parte di un intenso programma di appuntamenti che la delegazione sta avendo in Friuli Venezia Giulia con enti e istituzioni che si occupano di sviluppo rurale e montano, fra cui: Regione, Anci Fvg, Unione nazionale comuni comunit\u00e0 enti montani del Fvg; Gruppo di azione locale delle Valli del Torre e Valli del Natisone e Montagna Leader, Parco Dolomiti friulane.<\/p>\n<p> \tDurante il meeting, coordinato dal direttore del Dipartimento <strong>Edi Piasentier<\/strong>, i componenti della delegazione del Regno del Marocco hanno dialogato con <strong>Giorgio Alberti<\/strong>, delegato dell\u2019Ateneo per l\u2019internazionalizzazione e docente di Selvicoltura; <strong>Stefano Filacorda<\/strong>, docente di ecologia della fauna selvatica; <strong>Stefano Bovolenta<\/strong>, docente di Zootecnia; <strong>Ivana Bassi<\/strong>, docente di Economia rurale e montana; <strong>Lucia Piani<\/strong>, docente Economia ambientale.<\/p>\n<p> \tL\u2019appuntamento \u00e8 stato promosso da <strong>Marco Manetti<\/strong>, esperto in sviluppo del territorio rurale (Ginger-Sofreco), che appoggia il Ministero nella preparazione per la messa in opera del <em>Programme d&#8217;appui au d\u00e9veloppement territorial au royaume du Maroc (Padt)<\/em>. Il piano \u00e8 stato sviluppato nel Quadro unico di sostegno per l\u2019assistenza dell&#8217;Unione europea al Marocco.<\/p>\n<p> \tL\u2019obiettivo \u00e8 il miglioramento sostenibile delle condizioni di vita e la riduzione delle disparit\u00e0 territoriale e sociale nelle zone rurali e di montagna. L&#8217;importo totale del contributo del bilancio dell\u2019Unione europea \u00e8 di 50 milioni di euro. Il programma comprende un sostegno al bilancio e un sostegno complementare attraverso l&#8217;assistenza tecnica all&#8217;attuazione del Padt in due regioni pilota: Beni Mellal-Kh\u00e9nifra e l\u2019Oriental.<\/p>\n<p> \tGli ingegneri agronomi della delegazione, formati dal sistema di istruzione superiore agricola del Regno del Marocco che riunisce istituzioni di fama come l&#8217;Institut Agronomique et V\u00e9t\u00e9rinaire Hassan II a Rabat e il suo Complesso Orticolo ad Agadir, l&#8217;\u00c9cole Nationale de l&#8217;Agriculture de Mekn\u00e8s e l&#8217;\u00c9cole Nationale Foresti\u00e8re d&#8217;Ing\u00e9nieurs de Sal\u00e9 (ENFI de Sal\u00e9), hanno preso parte con interesse alla discussione traendo elementi di comparazione e spunti utili alla promozione di un approccio di sviluppo integrato, volto a ridurre le disparit\u00e0 territoriali e sociali e a migliorare le condizioni di vita nelle zone rurali e montane svantaggiate del Marocco.<\/p>\n<p> \tL\u2019incontro si \u00e8 concluso con l\u2019auspicio di sviluppare nel prossimo futuro fattivi rapporti di collaborazione con l\u2019Universit\u00e0 di Udine.<\/p>\n<p> \t\u00a0<\/p>\n","protected":false},"excerpt":{"rendered":"<p>Incontro con docenti del Dipartimento di Scienze agroalimentari, ambientali e animali per confronto e condivisione su strategie operative<\/p>\n","protected":false},"author":28,"featured_media":50014,"comment_status":"closed","ping_status":"closed","sticky":false,"template":"","format":"standard","meta":{"dwc-title":[],"dwc-content":[],"footnotes":""},"categories":[5],"tags":[],"class_list":["post-50013","post","type-post","status-publish","format-standard","has-post-thumbnail","hentry","category-attualita"],"rttpg_featured_image_url":{"full":["https:\/\/imagazine.it\/wp-content\/uploads\/2024\/02\/54452-1.webp",960,707,false],"landscape":["https:\/\/imagazine.it\/wp-content\/uploads\/2024\/02\/54452-1.webp",960,707,false],"portraits":["https:\/\/imagazine.it\/wp-content\/uploads\/2024\/02\/54452-1.webp",960,707,false],"thumbnail":["https:\/\/imagazine.it\/wp-content\/uploads\/2024\/02\/54452-1-150x150.webp",150,150,true],"medium":["https:\/\/imagazine.it\/wp-content\/uploads\/2024\/02\/54452-1-300x221.webp",300,221,true],"large":["https:\/\/imagazine.it\/wp-content\/uploads\/2024\/02\/54452-1.webp",640,471,false],"thumblist":["https:\/\/imagazine.it\/wp-content\/uploads\/2024\/02\/54452-1-300x300.webp",300,300,true],"thumbrelated":["https:\/\/imagazine.it\/wp-content\/uploads\/2024\/02\/54452-1-500x500.webp",500,500,true],"meccarouselthumb":["https:\/\/imagazine.it\/wp-content\/uploads\/2024\/02\/54452-1-474x324.webp",474,324,true],"gridsquare":["https:\/\/imagazine.it\/wp-content\/uploads\/2024\/02\/54452-1-391x260.webp",391,260,true],"tileview":["https:\/\/imagazine.it\/wp-content\/uploads\/2024\/02\/54452-1-300x400.webp",300,400,true],"1536x1536":["https:\/\/imagazine.it\/wp-content\/uploads\/2024\/02\/54452-1.webp",960,707,false],"2048x2048":["https:\/\/imagazine.it\/wp-content\/uploads\/2024\/02\/54452-1.webp",960,707,false],"newsup-slider-full":["https:\/\/imagazine.it\/wp-content\/uploads\/2024\/02\/54452-1.webp",960,707,false],"newsup-featured":["https:\/\/imagazine.it\/wp-content\/uploads\/2024\/02\/54452-1.webp",960,707,false],"newsup-medium":["https:\/\/imagazine.it\/wp-content\/uploads\/2024\/02\/54452-1-720x380.webp",720,380,true],"tptn_thumbnail":["https:\/\/imagazine.it\/wp-content\/uploads\/2024\/02\/54452-1.webp",250,184,false],"sow-carousel-default":["https:\/\/imagazine.it\/wp-content\/uploads\/2024\/02\/54452-1.webp",247,182,false]},"rttpg_author":{"display_name":"redazione","author_link":"https:\/\/imagazine.it\/home_desk\/author\/redazione\/"},"rttpg_comment":0,"rttpg_category":"<a href=\"https:\/\/imagazine.it\/home_desk\/category\/attualita\/\" rel=\"category tag\">ATTUALIT\u00c0<\/a>","rttpg_excerpt":"Incontro con docenti del Dipartimento di Scienze agroalimentari, ambientali e animali per confronto e condivisione su strategie operative","_links":{"self":[{"href":"https:\/\/imagazine.it\/home_desk\/wp-json\/wp\/v2\/posts\/50013","targetHints":{"allow":["GET"]}}],"collection":[{"href":"https:\/\/imagazine.it\/home_desk\/wp-json\/wp\/v2\/posts"}],"about":[{"href":"https:\/\/imagazine.it\/home_desk\/wp-json\/wp\/v2\/types\/post"}],"author":[{"embeddable":true,"href":"https:\/\/imagazine.it\/home_desk\/wp-json\/wp\/v2\/users\/28"}],"replies":[{"embeddable":true,"href":"https:\/\/imagazine.it\/home_desk\/wp-json\/wp\/v2\/comments?post=50013"}],"version-history":[{"count":0,"href":"https:\/\/imagazine.it\/home_desk\/wp-json\/wp\/v2\/posts\/50013\/revisions"}],"wp:featuredmedia":[{"embeddable":true,"href":"https:\/\/imagazine.it\/home_desk\/wp-json\/wp\/v2\/media\/50014"}],"wp:attachment":[{"href":"https:\/\/imagazine.it\/home_desk\/wp-json\/wp\/v2\/media?parent=50013"}],"wp:term":[{"taxonomy":"category","embeddable":true,"href":"https:\/\/imagazine.it\/home_desk\/wp-json\/wp\/v2\/categories?post=50013"},{"taxonomy":"post_tag","embeddable":true,"href":"https:\/\/imagazine.it\/home_desk\/wp-json\/wp\/v2\/tags?post=50013"}],"curies":[{"name":"wp","href":"https:\/\/api.w.org\/{rel}","templated":true}]}}